{"id":4548,"date":"2016-10-04T02:37:36","date_gmt":"2016-10-04T02:37:36","guid":{"rendered":"https:\/\/redsemlac.com\/semmexico\/?p=4548"},"modified":"2023-07-21T14:23:45","modified_gmt":"2023-07-21T19:23:45","slug":"donde-estan-los-hombres","status":"publish","type":"post","link":"https:\/\/redsemlac.com\/semmexico\/donde-estan-los-hombres\/","title":{"rendered":"\u00bfD\u00f3nde est\u00e1n los hombres?"},"content":{"rendered":"\n<p class=\"wp-block-paragraph\">Textura violeta<\/p>\n\n\n\n<h5 class=\"wp-block-heading\"> Textura violeta<\/h5>\n\n\n\n<p class=\"wp-block-paragraph\"><a href=\"https:\/\/semmexico.com\/gallery-post.php?id=273#\">Drina Ergueta<\/a><\/p>\n\n\n\n<p class=\"wp-block-paragraph\">Drina Ergueta<br><br>SemM\u00e9xico, 4 octubre 2016.- A ra\u00edz de la ausencia de mujeres en los medios de comunicaci\u00f3n, en la informaci\u00f3n y en roles protag\u00f3nicos y activos dentro de las noticias, se ha creado en Catalu\u00f1a una interesante plataforma que se llama \u201cOn s\u00f3n les dones?\u201d (\u00bfD\u00f3nde est\u00e1n las mujeres?), que denuncia este hecho; sin embargo, creo que tambi\u00e9n cabe preguntar \u00bfD\u00f3nde est\u00e1n los hombres?, porque ellos, los protagonistas habituales, suelen desaparecer de las noticias, seg\u00fan cu\u00e1les sean \u00e9stas.<br><br>Se han realizado muchos estudios sobre la escasa participaci\u00f3n que tienen las mujeres en los medios, tambi\u00e9n a nivel global a trav\u00e9s del GMMP (Global Media Monitoring Project), y el resultado es generalmente el mismo o con pocas variaciones: las mujeres aparecen en menos oportunidades, en menos espacios, en algunas secciones concretas y tienen una aparici\u00f3n menos cualificada. Estos y otros datos impulsan a seguir trabajando por una mayor y m\u00e1s equitativa presencia.<br><br>A veces en los medios de comunicaci\u00f3n se habla de mujeres como si se tratara de un grupo marginal de la sociedad, de una minor\u00eda, cuando en realidad es mayor\u00eda en n\u00famero de habitantes en el planeta y cuando est\u00e1 presente en todas las actividades, aunque la valoraci\u00f3n de su presencia (e inclusive ausencia) muchas veces es invisibilizada.<br><br>En los medios no acaba de entenderse qu\u00e9 es visi\u00f3n de g\u00e9nero. Perspectiva de g\u00e9nero consiste en pensar, cuando se hace cualquier noticia, en \u00bfd\u00f3nde est\u00e1n las mujeres? Dicho de manera corta, si la noticia responde a esta pregunta y adem\u00e1s busca no fomentar cualquier discriminaci\u00f3n es que tiene esa visi\u00f3n y es posible, que por la respuesta, cambie totalmente el enfoque y sea mucho m\u00e1s interesante desde el \u00e1ngulo period\u00edstico.<br><br>Se entiende generalmente que para atender a esta demanda de visibilizaci\u00f3n se deben tocar \u201ctemas de mujeres\u201d y para mucha gente esto tiene que ver con maternidad, cocina, moda y cosm\u00e9tica; para otras personas, con alguna mayor preocupaci\u00f3n social, estos temas tambi\u00e9n abarcan asuntos problem\u00e1ticos, como embarazos no deseados y la violencia fundamentalmente f\u00edsica, que puede acabar en un recuento fr\u00edo de muertas (no asesinadas, habitualmente se titula como si estas mujeres se hubieran muerto solas).<br><br>Cuando se habla de los resultados de la violencia contra las mujeres, por ejemplo, generalmente no se toca que es producto de una discriminaci\u00f3n, de un problema social, y se deja de lado a otros necesarios protagonistas: los varones implicados.<br><br>\u00bfD\u00f3nde est\u00e1n los hombres cuando se habla de feminicidios? Huidos, desaparecidos, presos, en juicio\u2026\u00bfCu\u00e1ntos son los feminicidas? Responder estos datos centra la atenci\u00f3n en ellos, los responsables, y delata si desde los organismos correspondientes se hace el trabajo de sancionarlos.<br><br>Cuando se habla de embarazos adolescentes y de abortos \u00bfd\u00f3nde est\u00e1n los hombres?, las mujeres no se embarazan solas y en el caso del aborto, la ley, con la que el Estado controla el cuerpo de las mujeres, s\u00f3lo cae sobre ellas. La informaci\u00f3n se centra en las mujeres en estos casos y, generalmente, no aparecen los varones.<br><br>Inclusive cuando se trata de violaciones, las noticias suelen resaltar los hechos y hablar de las v\u00edctimas, se contabilizan v\u00edctimas y no perpetradores. No se sabe qu\u00e9 ha sido de ellos, quedan al margen como entidades abstractas vagando en el espacio y el tiempo.<br><br>\u00a1Uy! Como dice la canci\u00f3n: algunos ojos miran con mal brillo. Aclaro, no se trata de separar a mujeres, las buenas, y los hombres, los malos. Se trata de mirar de forma inclusiva y ver que unos est\u00e1n en todo, o m\u00e1s bien gran parte de, lo importante y otras all\u00ed no figuran salvo de floreros y que ellos desaparecen cuando hay asuntos que les involucran directamente de manera negativa.&nbsp;<br><br>La desigualdad de g\u00e9nero y lo que implica es tambi\u00e9n un problema de hombres y en su soluci\u00f3n deben participar activamente, para ello hay que comenzar con visibilizar en sus responsabilidades.<\/p>\n","protected":false},"excerpt":{"rendered":"<p>Textura violeta Textura violeta Drina Ergueta Drina Ergueta SemM\u00e9xico, 4 octubre 2016.- A ra\u00edz de la ausencia de mujeres en los medios de comunicaci\u00f3n, en la informaci\u00f3n y en roles protag\u00f3nicos y activos dentro de las noticias, se ha creado en Catalu\u00f1a una interesante plataforma que se llama \u201cOn s\u00f3n les dones?\u201d (\u00bfD\u00f3nde est\u00e1n las [&hellip;]<\/p>\n","protected":false},"author":3,"featured_media":4382,"comment_status":"open","ping_status":"open","sticky":false,"template":"","format":"standard","meta":{"_monsterinsights_skip_tracking":false,"footnotes":""},"categories":[688,77,1],"tags":[],"class_list":["post-4548","post","type-post","status-publish","format-standard","has-post-thumbnail","category-688","category-drina-ergueta","category-uncategorized"],"_links":{"self":[{"href":"https:\/\/redsemlac.com\/semmexico\/wp-json\/wp\/v2\/posts\/4548","targetHints":{"allow":["GET"]}}],"collection":[{"href":"https:\/\/redsemlac.com\/semmexico\/wp-json\/wp\/v2\/posts"}],"about":[{"href":"https:\/\/redsemlac.com\/semmexico\/wp-json\/wp\/v2\/types\/post"}],"author":[{"embeddable":true,"href":"https:\/\/redsemlac.com\/semmexico\/wp-json\/wp\/v2\/users\/3"}],"replies":[{"embeddable":true,"href":"https:\/\/redsemlac.com\/semmexico\/wp-json\/wp\/v2\/comments?post=4548"}],"version-history":[{"count":0,"href":"https:\/\/redsemlac.com\/semmexico\/wp-json\/wp\/v2\/posts\/4548\/revisions"}],"wp:featuredmedia":[{"embeddable":true,"href":"https:\/\/redsemlac.com\/semmexico\/wp-json\/wp\/v2\/media\/4382"}],"wp:attachment":[{"href":"https:\/\/redsemlac.com\/semmexico\/wp-json\/wp\/v2\/media?parent=4548"}],"wp:term":[{"taxonomy":"category","embeddable":true,"href":"https:\/\/redsemlac.com\/semmexico\/wp-json\/wp\/v2\/categories?post=4548"},{"taxonomy":"post_tag","embeddable":true,"href":"https:\/\/redsemlac.com\/semmexico\/wp-json\/wp\/v2\/tags?post=4548"}],"curies":[{"name":"wp","href":"https:\/\/api.w.org\/{rel}","templated":true}]}}