{"id":4536,"date":"2016-11-29T02:29:52","date_gmt":"2016-11-29T02:29:52","guid":{"rendered":"https:\/\/redsemlac.com\/semmexico\/?p=4536"},"modified":"2023-07-21T14:23:44","modified_gmt":"2023-07-21T19:23:44","slug":"derechos-oportunidades-y-responsabilidades-de-la-ministra","status":"publish","type":"post","link":"https:\/\/redsemlac.com\/semmexico\/derechos-oportunidades-y-responsabilidades-de-la-ministra\/","title":{"rendered":"Derechos, oportunidades y responsabilidades de la Ministra"},"content":{"rendered":"\n<p class=\"wp-block-paragraph\">Derechos, oportunidades y responsabilidades de la Ministra<\/p>\n\n\n\n<h5 class=\"wp-block-heading\"> Derechos, oportunidades y responsabilidades de la Ministra<\/h5>\n\n\n\n<p class=\"wp-block-paragraph\"><a href=\"https:\/\/semmexico.com\/gallery-post.php?id=277#\">Drina Ergueta<\/a><\/p>\n\n\n\n<p class=\"wp-block-paragraph\">Drina Ergueta<br>SemM\u00e9xico, 29 noviembre 2016.- Cuando Alexandra Moreira fue nombrada ministra de Medio Ambiente y Agua en Bolivia ejerci\u00f3 un derecho que a\u00fan pocas mujeres tienen porque les es socialmente negado, el de estar en la esfera p\u00fablica y de poder. No, dir\u00e1n algunos, pero s\u00ed.<br>Llegar a un puesto dirigente en un partido, en un sindicato, en cualquier organizaci\u00f3n donde adem\u00e1s hay varones es mucho m\u00e1s dif\u00edcil para una mujer. Las mujeres protestan, bloquean calles las primeras, organizan comedores populares y hacen recogidas de firmas&#8230; Subir en el liderazgo es duro y algunas veces pasa a costa de comportarse como un hombre m\u00e1s.<br>Dado que no es que sean tontas o incapacitadas y que representan a m\u00e1s de la mitad de la poblaci\u00f3n, estar ah\u00ed es un derecho y hay que ejercerlo.<br>No es extra\u00f1o, por todo lo dicho, que Moreira adem\u00e1s sea una de las pocas que ocupa un cargo de ese nivel en el gobierno que, tras sucesivos gabinetes ministeriales de Evo Morales en los casi 11 a\u00f1os de gesti\u00f3n, nunca fueron paritarios.<br>Gabinetes ministeriales con hombres fuertes y ocupando carteras consideradas estrat\u00e9gicas (las de relaciones exteriores, las del manejo pol\u00edtico, de los sectores m\u00e1s importantes de la econom\u00eda y del control armado para la defensa interna y externa del pa\u00eds) y con mujeres generalmente silenciosas en carteras poco visibles, menos estrat\u00e9gicas, salvo la de Comunicaci\u00f3n que fue ocupada por dos mujeres con obvia presencia medi\u00e1tica.<br>Moreira, junto a las otras pocas, ha tenido la oportunidad de estar en estos espacios p\u00fablicos y de mando. Oportunidad lograda, vamos a entender, por su labor profesional previa y por su relaci\u00f3n con el poder pol\u00edtico. Pudo aprovechar esa oportunidad para hacer un buen trabajo, visibilizarlo y destacar, influir e incidir, para crecer y proyectarse, si es que hay esa ambici\u00f3n que es leg\u00edtima, o s\u00f3lo para dar un buen servicio al pa\u00eds, con honestidad y rigor, para ser un ejemplo a seguir.<br>Oportunidad que han tenido otras ministras sin que por ello se hayan librado de ser humilladas, con bromas y comentarios machistas ya conocidos, y haber decido tragarse esos sapos por el bien de la naci\u00f3n.<br>A Moreira se le ha dado y ha asumido una responsabilidad. La responsabilidad que tambi\u00e9n se reclama por todo lo que implica, es un compromiso con el propio empoderamiento, con la gente que espera resultados y con la igualdad. Es evidente que no ha cumplido.<br>Es Ministra de Medio Ambiente y Agua y cinco departamentos de Bolivia est\u00e1n en estado de emergencia por falta de previsi\u00f3n ante una sequ\u00eda nunca vista. En La Paz, la ciudad sede de gobierno, hay 94 barrios con racionamientos de agua insoportables, hospitales que no atienden por falta del servicio, empresas que no producen, gente que deja sus trabajos porque espera el agua en casa y no llega\u2026 Esto comenz\u00f3 el 8 de noviembre y puede durar inclusive meses, con seguras consecuencias en la salud de la poblaci\u00f3n y en la econom\u00eda. Una crisis, adem\u00e1s, con posibles consecuencias pol\u00edticas.<br>\u00bfEs culpa de la Ministra que no llueva? Evidentemente no, pero s\u00ed de no haber tomado medidas preventivas. Se ha castigado, despedido, a cargos intermedios nombrados por razones pol\u00edticas y no t\u00e9cnicas. Se ha anunciado procesos penales contra quien sea responsable, no se descarta a Moreira.<br>Curiosamente, ya hay dos ex ministras en la c\u00e1rcel por delitos de corrupci\u00f3n. Porque en sus narices se repartieron dinero y se supone que ellas tambi\u00e9n cogieron. Una de ellas, Nemesia Achacollo, dijo que cuando ped\u00eda cuentas los dirigentes \u00e9stos no le hac\u00edan caso. En fin. Mujeres que entraron en un sistema que luego las desech\u00f3.<br>Como mujeres, se deben reclamar los derechos, se deben aprovechar las oportunidades y, una vez puestas, se deben asumir las responsabilidades. Dejar de ser las \u201cnotas de color\u201d, las im\u00e1genes femeninas para que no se note tanto ese mundo de hombres, mostrar el poder\u00edo y ser ejemplo para otras. La l\u00f3gica indica que a Moreira le queda esperar obediente la destituci\u00f3n o la dignidad de la dimisi\u00f3n.<\/p>\n","protected":false},"excerpt":{"rendered":"<p>Derechos, oportunidades y responsabilidades de la Ministra Derechos, oportunidades y responsabilidades de la Ministra Drina Ergueta Drina ErguetaSemM\u00e9xico, 29 noviembre 2016.- Cuando Alexandra Moreira fue nombrada ministra de Medio Ambiente y Agua en Bolivia ejerci\u00f3 un derecho que a\u00fan pocas mujeres tienen porque les es socialmente negado, el de estar en la esfera p\u00fablica y [&hellip;]<\/p>\n","protected":false},"author":3,"featured_media":4382,"comment_status":"open","ping_status":"open","sticky":false,"template":"","format":"standard","meta":{"_monsterinsights_skip_tracking":false,"footnotes":""},"categories":[688,77,1],"tags":[],"class_list":["post-4536","post","type-post","status-publish","format-standard","has-post-thumbnail","category-688","category-drina-ergueta","category-uncategorized"],"_links":{"self":[{"href":"https:\/\/redsemlac.com\/semmexico\/wp-json\/wp\/v2\/posts\/4536","targetHints":{"allow":["GET"]}}],"collection":[{"href":"https:\/\/redsemlac.com\/semmexico\/wp-json\/wp\/v2\/posts"}],"about":[{"href":"https:\/\/redsemlac.com\/semmexico\/wp-json\/wp\/v2\/types\/post"}],"author":[{"embeddable":true,"href":"https:\/\/redsemlac.com\/semmexico\/wp-json\/wp\/v2\/users\/3"}],"replies":[{"embeddable":true,"href":"https:\/\/redsemlac.com\/semmexico\/wp-json\/wp\/v2\/comments?post=4536"}],"version-history":[{"count":0,"href":"https:\/\/redsemlac.com\/semmexico\/wp-json\/wp\/v2\/posts\/4536\/revisions"}],"wp:featuredmedia":[{"embeddable":true,"href":"https:\/\/redsemlac.com\/semmexico\/wp-json\/wp\/v2\/media\/4382"}],"wp:attachment":[{"href":"https:\/\/redsemlac.com\/semmexico\/wp-json\/wp\/v2\/media?parent=4536"}],"wp:term":[{"taxonomy":"category","embeddable":true,"href":"https:\/\/redsemlac.com\/semmexico\/wp-json\/wp\/v2\/categories?post=4536"},{"taxonomy":"post_tag","embeddable":true,"href":"https:\/\/redsemlac.com\/semmexico\/wp-json\/wp\/v2\/tags?post=4536"}],"curies":[{"name":"wp","href":"https:\/\/api.w.org\/{rel}","templated":true}]}}