{"id":45307,"date":"2022-02-07T14:01:56","date_gmt":"2022-02-07T20:01:56","guid":{"rendered":"https:\/\/redsemlac.com\/semmexico\/?p=45307"},"modified":"2023-07-21T18:58:34","modified_gmt":"2023-07-21T23:58:34","slug":"cndh-emite-nueva-recomendacion-al-imss-por-inadecuada-atencion-medica","status":"publish","type":"post","link":"https:\/\/redsemlac.com\/semmexico\/cndh-emite-nueva-recomendacion-al-imss-por-inadecuada-atencion-medica\/","title":{"rendered":"CNDH emite nueva recomendaci\u00f3n al IMSS por \u201cinadecuada atenci\u00f3n m\u00e9dica\u201d"},"content":{"rendered":"\n<ul class=\"wp-block-list\"><li><strong>El personal m\u00e9dico no pr\u00e1ctico una ces\u00e1rea, provocando la muerte de una beb\u00e9<\/strong><\/li><\/ul>\n\n\n\n<ul class=\"wp-block-list\"><li><strong> El Hospital Rural de Bochil en Chiapas, no contaba con personal m\u00e9dico especialista en ginecolog\u00eda y obstetricia\u00a0<\/strong><\/li><\/ul>\n\n\n\n<p class=\"wp-block-paragraph\"><strong>Redacci\u00f3n<\/strong><\/p>\n\n\n\n<p class=\"wp-block-paragraph\">SemM\u00e9xico, Ciudad de M\u00e9xico, 7 de febrero, 2022.- Por la inadecuada atenci\u00f3n m\u00e9dico que ocasion\u00f3 la muerte de una beb\u00e9, cuya madre ind\u00edgena tzotzil no fue atendida de manera oportuna, la Comisi\u00f3n Nacional de los Derechos Humanos (CNDH) emiti\u00f3 la Recomendaci\u00f3n 13\/2022 al director general del IMSS, Zo\u00e9 Alejandro Robledo Aburto.<\/p>\n\n\n\n<p class=\"wp-block-paragraph\">En un comunicado, la CNDH refiere que el 14 de noviembre de 2020, una mujer tzotzil, con 40 semanas de gestaci\u00f3n se present\u00f3 en el Hospital Rural de Bochil, Chiapas, quien requer\u00eda de manera urgente una ces\u00e1rea, esta le fue practicada tres horas despu\u00e9s y posteriormente se le inform\u00f3 que su beb\u00e9 hab\u00eda nacido muerta.&nbsp;<\/p>\n\n\n\n<p class=\"wp-block-paragraph\">De acuerdo con la recomendaci\u00f3n, el personal m\u00e9dico del IMSS no prescribi\u00f3 el traslado de la madre de manera inmediata a otra unidad m\u00e9dica para la adecuada resoluci\u00f3n del embarazo de alto riesgo, omitiendo considerar factores de peligro tales como obesidad, diabetes mellitus tipo 2, hipertensi\u00f3n inducida por el embarazo y falta de control prenatal, entre otros elementos de riesgo.<\/p>\n\n\n\n<p class=\"wp-block-paragraph\">Adem\u00e1s, el Hospital Rural no contaba con personal m\u00e9dico especialista en ginecolog\u00eda y obstetricia, indispensable para atender a la reci\u00e9n nacida; carencia que influy\u00f3 en la inadecuada atenci\u00f3n m\u00e9dica, ya que se consider\u00f3 que la causa del fallecimiento de la beb\u00e9 se debi\u00f3 a la realizaci\u00f3n de maniobras sin la habilidad indispensable.&nbsp;<\/p>\n\n\n\n<p class=\"wp-block-paragraph\">Con base en lo anterior, la CNDH solicit\u00f3 al director general del IMSS colaborar en la presentaci\u00f3n y seguimiento de la queja y denuncia de hechos que este Organismo P\u00fablico Aut\u00f3nomo presente ante el \u00d3rgano Interno de Control en el IMSS y ante la Fiscal\u00eda General de la Rep\u00fablica, respectivamente, que se dise\u00f1e e imparta a todo el personal m\u00e9dico del Hospital Rural en Bochil, un curso integral en materia de derechos humanos.<\/p>\n\n\n\n<p class=\"wp-block-paragraph\">Que considere los principios de accesibilidad, aceptabilidad, disponibilidad y calidad relacionados con el derecho de protecci\u00f3n a la salud, as\u00ed como la debida observancia y contenido de las Normas Oficiales Mexicanas y Gu\u00edas de Pr\u00e1cticas Cl\u00ednicas citadas en la Recomendaci\u00f3n, con especial \u00e9nfasis en los temas de atenci\u00f3n contextualizada a mujeres ind\u00edgenas.&nbsp;<\/p>\n\n\n\n<p class=\"wp-block-paragraph\">&nbsp;Asimismo, se establezca un protocolo que garantice la supervisi\u00f3n del personal en proceso de formaci\u00f3n, ya sean residentes o de servicio social, durante su adiestramiento cl\u00ednico, quir\u00fargico o de campo en el Hospital Rural en Bochil, Chiapas. &nbsp;<\/p>\n\n\n\n<p class=\"wp-block-paragraph\">La CNDH recomienda tambi\u00e9n que se realicen las gestiones administrativas correspondientes para que se procure dotar a la Unidad M\u00e9dica Rural de Bochil de los instrumentos, equipo, medicamentos, infraestructura y personal m\u00e9dico que garanticen los est\u00e1ndares de accesibilidad, aceptabilidad, disponibilidad y calidad en los servicios de salud, incluyendo la modificaci\u00f3n o correcci\u00f3n de aquellas pr\u00e1cticas administrativas que puedan impedir o retrasar la realizaci\u00f3n y entrega de estudios de laboratorio y gabinete.&nbsp;<\/p>\n\n\n\n<p class=\"wp-block-paragraph\">SEM\/sj<\/p>\n","protected":false},"excerpt":{"rendered":"<p> El Hospital Rural de Bochil en Chiapas, no contaba con personal m\u00e9dico especialista en ginecolog\u00eda y obstetricia\u00a0<\/p>\n","protected":false},"author":3,"featured_media":45308,"comment_status":"open","ping_status":"open","sticky":false,"template":"","format":"standard","meta":{"_monsterinsights_skip_tracking":false,"footnotes":""},"categories":[693,51],"tags":[],"class_list":["post-45307","post","type-post","status-publish","format-standard","has-post-thumbnail","category-693","category-ejecutivo"],"_links":{"self":[{"href":"https:\/\/redsemlac.com\/semmexico\/wp-json\/wp\/v2\/posts\/45307","targetHints":{"allow":["GET"]}}],"collection":[{"href":"https:\/\/redsemlac.com\/semmexico\/wp-json\/wp\/v2\/posts"}],"about":[{"href":"https:\/\/redsemlac.com\/semmexico\/wp-json\/wp\/v2\/types\/post"}],"author":[{"embeddable":true,"href":"https:\/\/redsemlac.com\/semmexico\/wp-json\/wp\/v2\/users\/3"}],"replies":[{"embeddable":true,"href":"https:\/\/redsemlac.com\/semmexico\/wp-json\/wp\/v2\/comments?post=45307"}],"version-history":[{"count":0,"href":"https:\/\/redsemlac.com\/semmexico\/wp-json\/wp\/v2\/posts\/45307\/revisions"}],"wp:featuredmedia":[{"embeddable":true,"href":"https:\/\/redsemlac.com\/semmexico\/wp-json\/wp\/v2\/media\/45308"}],"wp:attachment":[{"href":"https:\/\/redsemlac.com\/semmexico\/wp-json\/wp\/v2\/media?parent=45307"}],"wp:term":[{"taxonomy":"category","embeddable":true,"href":"https:\/\/redsemlac.com\/semmexico\/wp-json\/wp\/v2\/categories?post=45307"},{"taxonomy":"post_tag","embeddable":true,"href":"https:\/\/redsemlac.com\/semmexico\/wp-json\/wp\/v2\/tags?post=45307"}],"curies":[{"name":"wp","href":"https:\/\/api.w.org\/{rel}","templated":true}]}}