{"id":45304,"date":"2022-02-07T13:17:55","date_gmt":"2022-02-07T19:17:55","guid":{"rendered":"https:\/\/redsemlac.com\/semmexico\/?p=45304"},"modified":"2023-07-21T18:58:34","modified_gmt":"2023-07-21T23:58:34","slug":"exigen-que-segob-fortalezca-el-mecanismo-para-proteccion-de-periodistas","status":"publish","type":"post","link":"https:\/\/redsemlac.com\/semmexico\/exigen-que-segob-fortalezca-el-mecanismo-para-proteccion-de-periodistas\/","title":{"rendered":"Exigen que Segob fortalezca el Mecanismo para Protecci\u00f3n de Periodistas"},"content":{"rendered":"\n<ul class=\"wp-block-list\"><li><strong>Integrantes del Movimiento Ciudadano en el Senado piden se establezca un dialogo con periodistas y defensoras y defensores<\/strong><\/li><\/ul>\n\n\n\n<ul class=\"wp-block-list\"><li><strong>Los atentados contra periodistas exhibe un Mecanismo rebasado por la violencia<\/strong><\/li><\/ul>\n\n\n\n<p class=\"wp-block-paragraph\"><strong>Redacci\u00f3n<\/strong><strong><\/strong><\/p>\n\n\n\n<p class=\"wp-block-paragraph\">SemM\u00e9xico, Cd. de M\u00e9xico, 7 de febrero, 2022.- El asesinato de cinco comunicadores en las primeras cinco semanas del 2022 pone en evidencia que no est\u00e1 funcionando el Mecanismo de Protecci\u00f3n para Personas Defensoras de Derechos Humanos y Periodistas, manifestaron las y los senadores de Movimiento Ciudadano.<\/p>\n\n\n\n<p class=\"wp-block-paragraph\">En el llamado consideran que el Gobierno Federal debe evaluar y corregir la estrategia y dotar de recursos suficientes al Mecanismo. Tambi\u00e9n es necesario convocar a un gran di\u00e1logo a periodistas, activistas y defensores de derechos humanos, acad\u00e9micos y especialistas en materia de seguridad, para evaluar y corregir la estrategia, a todas luces rebasada por la crisis de violencia, se\u00f1al\u00f3 el coordinador del Grupo Parlamentario de Movimiento Ciudadano en el Senado de la Rep\u00fablica, Clemente Casta\u00f1eda.<\/p>\n\n\n\n<p class=\"wp-block-paragraph\">\u201cNo basta con que el Gobierno Federal y sus secretarios salgan a condenar y prometer justicia a las y los familiares, amigos y colegas de los periodistas asesinados en M\u00e9xico; lamentablemente, la promesa de que no habr\u00e1 impunidad, es ya un doloroso disco rayado\u201d.<\/p>\n\n\n\n<p class=\"wp-block-paragraph\">En Baja California, hoy por la madrugada fue asesinado Marcos Ernesto Islas Flores, hijo y sobrino de periodistas, y, dos semanas atr\u00e1s, el 23 de enero, fue asesinada la periodista Lourdes Maldonado, quien pidi\u00f3 protecci\u00f3n al Presidente en la Ma\u00f1anera y que contaba con medidas de protecci\u00f3n.<\/p>\n\n\n\n<p class=\"wp-block-paragraph\">El pasado 31 de enero fue asesinado el comunicador Roberto Toledo; el 17 de enero fue el fotoperiodista Margarito Mart\u00ednez y, el 10 de enero, fue el periodista Jos\u00e9 Luis Gamboa.<\/p>\n\n\n\n<p class=\"wp-block-paragraph\">\u201cDesde el primer asesinato ocurrido en los primeros 10 d\u00edas del a\u00f1o,&nbsp;debieron encenderse las alarmas en el Gobierno Federal de que algo no est\u00e1 funcionando bien dentro del Mecanismo de Protecci\u00f3n, que tiene el importante objetivo de salvaguardar la vida, integridad, libertad y seguridad, de quienes ejercen el periodismo\u201d, sostuvo el senador Casta\u00f1eda.<\/p>\n\n\n\n<p class=\"wp-block-paragraph\">M\u00e9xico es uno de los pa\u00edses m\u00e1s mort\u00edferos para ejercer el periodismo, ubic\u00e1ndose en la posici\u00f3n 143 de 180 pa\u00edses: pr\u00e1cticamente al nivel de Pakist\u00e1n o Venezuela. De 2000 a la fecha, se ha documentado 150 periodistas asesinados en M\u00e9xico; en lo que va del actual Gobierno Federal, suman 30 homicidios.<\/p>\n\n\n\n<p class=\"wp-block-paragraph\">No es un asunto de partidos o golpeteo pol\u00edtico, el asesinato de cinco comunicadores en las primeras cinco semanas del 2022, obliga al Estado Mexicano a evaluar y corregir la estrategia para salvaguardar la vida, integridad, libertad y seguridad, de quienes ejercen el periodismo.<\/p>\n\n\n\n<p class=\"wp-block-paragraph\">Las y los senadores de Movimiento Ciudadano exhortamos a la Secretar\u00eda de Gobernaci\u00f3n que convoque a un gran di\u00e1logo para corregir el Mecanismo de Protecci\u00f3n.<\/p>\n\n\n\n<p class=\"wp-block-paragraph\">SEM\/sj<\/p>\n","protected":false},"excerpt":{"rendered":"<p>Los atentados contra periodistas exhibe un Mecanismo rebasado por la violencia<\/p>\n","protected":false},"author":3,"featured_media":45305,"comment_status":"open","ping_status":"open","sticky":false,"template":"","format":"standard","meta":{"_monsterinsights_skip_tracking":false,"footnotes":""},"categories":[693,50],"tags":[],"class_list":["post-45304","post","type-post","status-publish","format-standard","has-post-thumbnail","category-693","category-congreso"],"_links":{"self":[{"href":"https:\/\/redsemlac.com\/semmexico\/wp-json\/wp\/v2\/posts\/45304","targetHints":{"allow":["GET"]}}],"collection":[{"href":"https:\/\/redsemlac.com\/semmexico\/wp-json\/wp\/v2\/posts"}],"about":[{"href":"https:\/\/redsemlac.com\/semmexico\/wp-json\/wp\/v2\/types\/post"}],"author":[{"embeddable":true,"href":"https:\/\/redsemlac.com\/semmexico\/wp-json\/wp\/v2\/users\/3"}],"replies":[{"embeddable":true,"href":"https:\/\/redsemlac.com\/semmexico\/wp-json\/wp\/v2\/comments?post=45304"}],"version-history":[{"count":0,"href":"https:\/\/redsemlac.com\/semmexico\/wp-json\/wp\/v2\/posts\/45304\/revisions"}],"wp:featuredmedia":[{"embeddable":true,"href":"https:\/\/redsemlac.com\/semmexico\/wp-json\/wp\/v2\/media\/45305"}],"wp:attachment":[{"href":"https:\/\/redsemlac.com\/semmexico\/wp-json\/wp\/v2\/media?parent=45304"}],"wp:term":[{"taxonomy":"category","embeddable":true,"href":"https:\/\/redsemlac.com\/semmexico\/wp-json\/wp\/v2\/categories?post=45304"},{"taxonomy":"post_tag","embeddable":true,"href":"https:\/\/redsemlac.com\/semmexico\/wp-json\/wp\/v2\/tags?post=45304"}],"curies":[{"name":"wp","href":"https:\/\/api.w.org\/{rel}","templated":true}]}}