{"id":45220,"date":"2022-02-04T15:32:08","date_gmt":"2022-02-04T21:32:08","guid":{"rendered":"https:\/\/redsemlac.com\/semmexico\/?p=45220"},"modified":"2023-07-21T18:58:03","modified_gmt":"2023-07-21T23:58:03","slug":"apoyo-extraordinario-desde-la-federacion-para-la-secretaria-de-las-mujeres-en-guerrero-en-2021","status":"publish","type":"post","link":"https:\/\/redsemlac.com\/semmexico\/apoyo-extraordinario-desde-la-federacion-para-la-secretaria-de-las-mujeres-en-guerrero-en-2021\/","title":{"rendered":"Apoyo extraordinario desde la federaci\u00f3n para la Secretar\u00eda de las Mujeres en Guerrero en 2021"},"content":{"rendered":"\n<ul class=\"wp-block-list\"><li><strong>Ese a\u00f1o hubo 18 millones de pesos desde Inmujeres para prevenir la violencia de g\u00e9nero y erradicar los matrimonios forzados<\/strong><\/li><li><strong>Se trata de brindar atenci\u00f3n a fondo y fortalecer desde la federaci\u00f3n el trabajo de la gobernadora Evelyn Salgado Pineda<\/strong><\/li><li><strong>Las mujeres y ni\u00f1as de la entidad requieren una respuesta a fondo: Nadine Gasman <\/strong><strong>Zylbermann<\/strong><strong><\/strong><\/li><\/ul>\n\n\n\n<p class=\"wp-block-paragraph\"><strong>Micaela M\u00e1rquez<\/strong><\/p>\n\n\n\n<p class=\"wp-block-paragraph\">SemM\u00e9xico, Cd. de M\u00e9xico, 4 de febrero 2022.- El gobierno de Guerrero, ahora encabezado por la morenista de Evelyn Salgado Pineda cont\u00f3 en 2021 con 18 millones de pesos para la Secretar\u00eda de la Mujer, un aumento de 13 millones, uno de los m\u00e1s altos del pa\u00eds en esa materia.<\/p>\n\n\n\n<p class=\"wp-block-paragraph\">Se trata de un apoyo extraordinario del gobierno federal para&nbsp;&nbsp; el bienestar de las mujeres, evalu\u00f3 la titular del Instituto Nacional de las Mujeres, all\u00e1 en Guerrero y reunida con la gobernadora.<\/p>\n\n\n\n<p class=\"wp-block-paragraph\">Hasta el 2020 la Secretar\u00eda de la Mujer contaba con 5 millones, ahora es un aumento hist\u00f3rico de 13 millones en 2021, dijo la Gobernadora Evelyn Salgado Pineda en la reuni\u00f3n sobre el seguimiento a la \u201cEstrategia Integral para la Justicia y el Bienestar de las Mujeres de la Monta\u00f1a y de la Costa Chica\u201d de Guerrero.<\/p>\n\n\n\n<p class=\"wp-block-paragraph\">Por su parte Nadine Gasman Zylbermann, titular del Instituto Nacional de las Mujeres, destac\u00f3 que este aumento en recursos y la estrategia en curso, tiene como objetivo brindar una atenci\u00f3n a fondo y fortalecer la prevenci\u00f3n de la violencia contra las mujeres.<\/p>\n\n\n\n<figure class=\"wp-block-image size-large\"><a href=\"https:\/\/redsemlac.com\/semmexico\/wp-content\/uploads\/2022\/02\/guerrero-2.jpg\"><img decoding=\"async\" src=\"https:\/\/redsemlac.com\/semmexico\/wp-content\/uploads\/2022\/02\/guerrero-2-1024x682.jpg\" alt=\"\" class=\"wp-image-45222\"\/><\/a><\/figure>\n\n\n\n<p class=\"wp-block-paragraph\">Se continuar\u00e1 apoyando en 2022, -aunque no se mencion\u00f3 con cuanto- &nbsp;&nbsp;especialmente para la tarea de erradicar los matrimonios forzados, dijo la titular de Inmujeres al hablar de la inversi\u00f3n, para esta entidad atienden a una de las entidades m\u00e1s pobres del pa\u00eds, con altas cifras de violencia de g\u00e9nero, embarazo en adolescentes y violaci\u00f3n a los derechos sexuales y reproductivos de las mujeres.<\/p>\n\n\n\n<p class=\"wp-block-paragraph\">La reuni\u00f3n celebrada en la Casa Guerrero, en Chilpancingo, la gobernadora Evelyn Salgado Pineda resalt\u00f3 el presupuesto hist\u00f3rico para la Secretar\u00eda de la Mujer con un aumento por m\u00e1s de 13 millones de pesos fortaleci\u00f3 los &nbsp;&nbsp;programas y acciones espec\u00edficas como la atenci\u00f3n integral para la prevenci\u00f3n de matrimonios forzados y la protecci\u00f3n a la ni\u00f1ez en zonas ind\u00edgenas.<\/p>\n\n\n\n<p class=\"wp-block-paragraph\">A esta acci\u00f3n se suma el apoyo a los refugios y centros de atenci\u00f3n especializada, la atenci\u00f3n a la alerta de g\u00e9nero y el techo presupuestal para prevenir y erradicar la violencia hacia las mujeres.<\/p>\n\n\n\n<p class=\"wp-block-paragraph\">Nadine Gasman Zylbermann, asegur\u00f3 que \u201clo que necesitan las mujeres y ni\u00f1as de la Monta\u00f1a y la Costa chica de Guerrero es una respuesta integral completa que cambie de manera sustantiva sus condiciones de vida, de tal manera que puedan ejercer sus derechos, que puedan tener una visi\u00f3n de futuro feliz que les permita andar el camino que ellas quieren y eso es lo que significa la transformaci\u00f3n.\u00bb<\/p>\n\n\n\n<p class=\"wp-block-paragraph\">Se requiere una fuerte articulaci\u00f3n entre las instituciones y las comunidades para desarrollar acciones encaminadas a reducir las desigualdades y se garantice el acceso a bienes y servicios b\u00e1sicos y a la par fortalecer los espacios y mecanismos institucionales existentes y ampliar la red de servicios de atenci\u00f3n a la violencia en Cochoapa, Metlatonoc, Alcozuaca y Xalpatlahuac, entre otros municipios.&nbsp;<\/p>\n\n\n\n<p class=\"wp-block-paragraph\">Desde el Inmujeres se continuar\u00e1 apoyando a Guerrero en 2022 con inversiones para el bienestar de las mujeres, por medio del programa de Fortalecimiento a la Transversalidad de la Perspectiva de G\u00e9nero y del Fondo para el Bienestar y el Avance de las Mujeres (FOBAM), que en 2021 otorgaron m\u00e1s de 18 millones de pesos al estado; adem\u00e1s de continuar impulsando la estrategia Redes Mujeres Constructoras de Paz (MUCPAZ).&nbsp;<\/p>\n\n\n\n<p class=\"wp-block-paragraph\">La secretaria de Bienestar y Desarrollo Social, Maricarmen Cabrera Lagunas, resalt\u00f3 que, tambi\u00e9n se establece un convenio con la Comisi\u00f3n Federal de Electricidad para la inversi\u00f3n de m\u00e1s de 100 millones de pesos en infraestructura el\u00e9ctrica para esas regiones del Estado, adem\u00e1s se implementan acciones para la reconstrucci\u00f3n del tejido social de la mano con la educaci\u00f3n y cultura.&nbsp;<\/p>\n\n\n\n<p class=\"wp-block-paragraph\">Adem\u00e1s de las acciones para reforzar el nivel b\u00e1sico educativo con becas y comedores para combatir la deserci\u00f3n escolar, adem\u00e1s de emprender un programade mejoramiento de calidad de la vivienda, as\u00ed como la construcci\u00f3n de casas completas para brindar un espacio especial para las ni\u00f1as y adolescentes y con ello mitigar los riesgos de violencia de g\u00e9nero.<\/p>\n\n\n\n<p class=\"wp-block-paragraph\">El secretario de Seguridad P\u00fablica, Evelio M\u00e9ndez G\u00f3mez, indic\u00f3 que se trabaja en el programa para atender la declaratoria de Alerta de Violencia de G\u00e9nero contra las Mujeres en Tlapa y municipios de Costa Chica, adem\u00e1s de poner en marcha programas sociales de asesor\u00edas y proximidad social con la Unidad Policial de G\u00e9nero encaminadas a dar cumplimiento a la agenda 20-30.<\/p>\n\n\n\n<p class=\"wp-block-paragraph\">&nbsp;Estuvieron presentes titulares de las secretar\u00edas de Gobierno, Educaci\u00f3n, Salud, Migrantes y Asuntos Internacionales, Registro Civil, Comisi\u00f3n Estatal de Derechos Humanos, ICATEGRO, Ind\u00edgenas y Afroamericanos, de la Juventud y la Ni\u00f1ez, as\u00ed como de la Fiscal\u00eda General del Estado, entre otras dependencias del Gobierno del Estado de Guerrero<\/p>\n","protected":false},"excerpt":{"rendered":"<p>Ese a\u00f1o hubo 18 millones de pesos desde Inmujeres para prevenir la violencia de g\u00e9nero y erradicar los matrimonios forzados<\/p>\n","protected":false},"author":3,"featured_media":45221,"comment_status":"open","ping_status":"open","sticky":false,"template":"","format":"standard","meta":{"_monsterinsights_skip_tracking":false,"footnotes":""},"categories":[693,51],"tags":[144],"class_list":["post-45220","post","type-post","status-publish","format-standard","has-post-thumbnail","category-693","category-ejecutivo","tag-guerrero"],"_links":{"self":[{"href":"https:\/\/redsemlac.com\/semmexico\/wp-json\/wp\/v2\/posts\/45220","targetHints":{"allow":["GET"]}}],"collection":[{"href":"https:\/\/redsemlac.com\/semmexico\/wp-json\/wp\/v2\/posts"}],"about":[{"href":"https:\/\/redsemlac.com\/semmexico\/wp-json\/wp\/v2\/types\/post"}],"author":[{"embeddable":true,"href":"https:\/\/redsemlac.com\/semmexico\/wp-json\/wp\/v2\/users\/3"}],"replies":[{"embeddable":true,"href":"https:\/\/redsemlac.com\/semmexico\/wp-json\/wp\/v2\/comments?post=45220"}],"version-history":[{"count":0,"href":"https:\/\/redsemlac.com\/semmexico\/wp-json\/wp\/v2\/posts\/45220\/revisions"}],"wp:featuredmedia":[{"embeddable":true,"href":"https:\/\/redsemlac.com\/semmexico\/wp-json\/wp\/v2\/media\/45221"}],"wp:attachment":[{"href":"https:\/\/redsemlac.com\/semmexico\/wp-json\/wp\/v2\/media?parent=45220"}],"wp:term":[{"taxonomy":"category","embeddable":true,"href":"https:\/\/redsemlac.com\/semmexico\/wp-json\/wp\/v2\/categories?post=45220"},{"taxonomy":"post_tag","embeddable":true,"href":"https:\/\/redsemlac.com\/semmexico\/wp-json\/wp\/v2\/tags?post=45220"}],"curies":[{"name":"wp","href":"https:\/\/api.w.org\/{rel}","templated":true}]}}