{"id":45140,"date":"2022-02-02T15:39:09","date_gmt":"2022-02-02T21:39:09","guid":{"rendered":"https:\/\/redsemlac.com\/semmexico\/?p=45140"},"modified":"2023-07-21T18:58:04","modified_gmt":"2023-07-21T23:58:04","slug":"la-danza-en-mexico-no-se-explicaria-sin-las-mujeres-su-empuje-y-talento","status":"publish","type":"post","link":"https:\/\/redsemlac.com\/semmexico\/la-danza-en-mexico-no-se-explicaria-sin-las-mujeres-su-empuje-y-talento\/","title":{"rendered":"La danza en M\u00e9xico no se explicar\u00eda sin las mujeres, su empuje y talento"},"content":{"rendered":"\n<ul class=\"wp-block-list\"><li><strong>90 aniversario del nacimiento de Laura Urdapilleta y 75 a\u00f1os de la Academia de la Danza Mexicana<\/strong><\/li><\/ul>\n\n\n\n<ul class=\"wp-block-list\"><li><strong>Nellie y Gloria Campobello inspiraci\u00f3n para varias generaciones, promotoras de la primera escuela de danza, hace 90 a\u00f1os<\/strong><\/li><\/ul>\n\n\n\n<p class=\"wp-block-paragraph\"><strong>Libertad L\u00f3pez<\/strong><\/p>\n\n\n\n<p class=\"wp-block-paragraph\">Las autoridades de Bellas Artes y la cultura recuerdan acciones y a decenas de mujeres constructoras de un estilo nacional. Ello con motivo del 75 aniversario de la Academia de la Danza Mexicana (ADM) y el 90 aniversario del nacimiento de Laura Urdapilleta, una de las m\u00e1s c\u00e9lebres bailarinas de M\u00e9xico.<\/p>\n\n\n\n<p class=\"wp-block-paragraph\">Las dependencias de la Secretar\u00eda de Cultura anuncian actividades \u2013sin calendario aun- y llaman la atenci\u00f3n sobre la importancia de la danza en M\u00e9xico, las contribuciones de las mujeres como las hermanas Nellie y Gloria Campobello, o la intensa y fruct\u00edfera labor&nbsp;que&nbsp;realiz\u00f3, Anna Sokolow, quien revolucion\u00f3 la danza en nuestro pa\u00eds. A las hermanas Campobello se atribuye el nacimiento de la primera escuela, que tambi\u00e9n cumple 90 a\u00f1os.<\/p>\n\n\n\n<p class=\"wp-block-paragraph\">Por ejemplo, la ADM naci\u00f3 en 1947 a iniciativa de otra de las grandes, Guillermina Bravo y por Ana M\u00e9rida&nbsp;como un taller de experimentaci\u00f3n y creaci\u00f3n de la nueva danza mexicana.&nbsp;<\/p>\n\n\n\n<p class=\"wp-block-paragraph\">Pero en su 90 aniversario de su nacimiento a Laura Urdapilleta se la recuerda; para celebrar el nacimiento de la Academia de la Danza mexicana, ella dice fue, en rigor, la iniciadora de la&nbsp;danza&nbsp;moderna en&nbsp;M\u00e9xico, dice en comunicado el Instituto Nacional de Bellas Artes y Literatura (Inbal).<\/p>\n\n\n\n<p class=\"wp-block-paragraph\">Anna Sokolow lleg\u00f3 a\u00a0M\u00e9xico\u00a0en 1939, a trav\u00e9s de sus coreograf\u00edas renov\u00f3 la\u00a0danza, fue una de las\u00a0fundadoras\u00a0de la\u00a0danza\u00a0moderna estadounidense.\u00a0 Y las hermanas Nellie y Gloria Campobello dieron a la danza mexicana una visi\u00f3n nacional bailando el Jarabe tapat\u00edo en un campo de beisbol, en 1932.<\/p>\n\n\n\n<div class=\"wp-block-image\"><figure class=\"aligncenter size-full\"><a href=\"https:\/\/redsemlac.com\/semmexico\/wp-content\/uploads\/2022\/02\/cultura.jpg\"><img loading=\"lazy\" decoding=\"async\" width=\"620\" height=\"436\" src=\"https:\/\/redsemlac.com\/semmexico\/wp-content\/uploads\/2022\/02\/cultura.jpg\" alt=\"\" class=\"wp-image-45145\"\/><\/a><\/figure><\/div>\n\n\n\n<p class=\"wp-block-paragraph\">Los 75 a\u00f1os de la fundaci\u00f3n de la ADM se celebr\u00f3 este primero de febrero. Fue concebida en 1947 por Calos Ch\u00e1vez, fundador y primer director del Instituto Nacional de Bellas Artes y Literatura (Inbal), como un taller de experimentaci\u00f3n y creaci\u00f3n de la nueva danza mexicana.&nbsp;&nbsp;<\/p>\n\n\n\n<p class=\"wp-block-paragraph\">Considerada un pilar inigualable en la danza mexicana, con gran personalidad y carisma, la bailarina Laura Urdapilleta es recordada en el 90 aniversario de su nacimiento, por la Secretar\u00eda de Cultura del Gobierno de M\u00e9xico y el Instituto Nacional de Bellas Artes y Literatura (Inbal), a trav\u00e9s de la Compa\u00f1\u00eda Nacional de Danza (CND), en la que se desempe\u00f1\u00f3 como una de las primeras bailarinas m\u00e1s reconocidas de la agrupaci\u00f3n.<\/p>\n\n\n\n<p class=\"wp-block-paragraph\">Originaria de Guadalajara, Jalisco, la destacada figura del ballet comparti\u00f3 clases, de acuerdo con la cofundadora de la CND, la maestra Nellie Happee, con Nelsy Dambre en el estudio que ten\u00eda la maestra y bailarina francesa de la \u00d3pera de Paris en la sala de su casa.&nbsp;<\/p>\n\n\n\n<p class=\"wp-block-paragraph\"><br>Desde peque\u00f1a, Laura Urdapilleta (2 de febrero, 1932) mostr\u00f3 inclinaciones danc\u00edsticas al estudiar con los maestros y formadores Estrella Morales, Gloria Campobello, Michel Panaieff y Sergio Francheli.<\/p>\n\n\n\n<p class=\"wp-block-paragraph\"><br>Se distingui\u00f3 por sus actuaciones en los papeles principales de&nbsp;<em>Giselle<\/em>,&nbsp;<em>El lago de los cisnes<\/em>,&nbsp;<em>Copp\u00e9lia<\/em>,&nbsp;<em>Combate<\/em>,&nbsp;<em>Las s\u00edlfides<\/em>,&nbsp;<em>El Cascanueces<\/em>,&nbsp;<em>Pas de quatre<\/em>,&nbsp;<em>Huapango<\/em>,&nbsp;<em>La Luna y el venado<\/em>, entre otras coreograf\u00edas.<\/p>\n\n\n\n<p class=\"wp-block-paragraph\">&nbsp;<br>El codirector de la CND, Cuauht\u00e9moc N\u00e1jera, asegura que fue \u201cla Primera bailarina m\u00e1s destacada que la agrupaci\u00f3n tuvo en su momento, una inspiraci\u00f3n para varias generaciones de bailarines\u201d.&nbsp;<\/p>\n\n\n\n<p class=\"wp-block-paragraph\"><br>Para Happee, ella \u201ces muy importante, no solo por su desempe\u00f1o profesional y hermoso, sino por su excelencia y entrega a la profesi\u00f3n. Fue un gran ejemplo, ten\u00eda personalidad, t\u00e9cnica y carisma para el ballet. Llenaba los escenarios, sab\u00eda llegarle al p\u00fablico. La quise mucho y lo que digo acerca de ella no es por cari\u00f1o, es porque reconozco lo buena que era\u201d.&nbsp;<\/p>\n\n\n\n<p class=\"wp-block-paragraph\">Recuerda que Laura, junto con Jorge Cano, llenaron toda una \u00e9poca \u2014como Susana Benavides\u2014 en la compa\u00f1\u00eda del Inbal.<\/p>\n\n\n\n<p class=\"wp-block-paragraph\"><br>Por su parte, para la maestra ensayadora y ex primera bailarina de la CND, Tihui Guti\u00e9rrez, la aportaci\u00f3n que hizo Urdapilleta para la danza en M\u00e9xico fue poner al ballet en el mapa.\u00a0<\/p>\n\n\n\n<p class=\"wp-block-paragraph\"><br>\u201cSu car\u00e1cter, su carisma, su personalidad magn\u00e9tica\u2026 Todos los que la vimos bailar nos maravillamos con su esencia. Hay papeles que jam\u00e1s he visto que se interpreten como ella lo hac\u00eda. Me acuerdo de su solo en la variaci\u00f3n Divertimento de\u00a0<em>Raymonda<\/em>, y como Odette en\u00a0<em>El lago de los cisnes<\/em>, en el Lago de Chapultepec.\u00a0<br><br>\u201cPara m\u00ed fue una inspiraci\u00f3n por ser la primera bailarina mexicana y la m\u00e1xima representante de una compa\u00f1\u00eda nacional a la que vi bailar. Creo que fue y es un pilar inigualable para la danza y la CND\u201d, apunt\u00f3.\u00a0<br><br>Laura Urdapilleta debut\u00f3 profesionalmente en diversas puestas en escena de agrupaciones mexicanas, siendo reconocida por su interpretaci\u00f3n, en 1947, con la compa\u00f1\u00eda Markova-Dolin, en M\u00e9xico.<\/p>\n\n\n\n<p class=\"wp-block-paragraph\">Viaj\u00f3 por la Rep\u00fablica mexicana como primera bailarina del Ballet Concierto de M\u00e9xico que dirig\u00edan Sergio Unger y Felipe Segura. Particip\u00f3 con el American Ballet Theatre durante dos temporadas, fue artista invitada en la compa\u00f1\u00eda de Michel Panaieff para bailar en Los \u00c1ngeles y hu\u00e9sped del Ballet de Guatemala. Entre 1963 y 1980 fue una de las primeras bailarinas del Ballet Cl\u00e1sico de M\u00e9xico, hoy Compa\u00f1\u00eda Nacional de Danza.<br><br>En su trayectoria fue distinguida por la Uni\u00f3n de Cronistas de Teatro y M\u00fasica en 1957, recibi\u00f3 la Medalla de Oro del Inbal (1960), Medalla de Oro del gobierno de Jalisco (1965) y el premio Artista del Pueblo otorgado por el entonces Departamento del Distrito Federal (1970), entre otros galardones.<\/p>\n\n\n\n<figure class=\"wp-block-gallery columns-2 is-cropped wp-block-gallery-1 is-layout-flex wp-block-gallery-is-layout-flex\"><ul class=\"blocks-gallery-grid\"><li class=\"blocks-gallery-item\"><figure><a href=\"https:\/\/redsemlac.com\/semmexico\/wp-content\/uploads\/2022\/02\/cultura-3.jpg\"><img decoding=\"async\" src=\"https:\/\/redsemlac.com\/semmexico\/wp-content\/uploads\/2022\/02\/cultura-3-768x1024.jpg\" alt=\"\" data-id=\"45143\" data-full-url=\"https:\/\/redsemlac.com\/semmexico\/wp-content\/uploads\/2022\/02\/cultura-3.jpg\" data-link=\"https:\/\/redsemlac.com\/semmexico\/?attachment_id=45143\" class=\"wp-image-45143\"\/><\/a><\/figure><\/li><li class=\"blocks-gallery-item\"><figure><a href=\"https:\/\/redsemlac.com\/semmexico\/wp-content\/uploads\/2022\/02\/cultura-2.jpg\"><img loading=\"lazy\" decoding=\"async\" width=\"667\" height=\"1000\" src=\"https:\/\/redsemlac.com\/semmexico\/wp-content\/uploads\/2022\/02\/cultura-2.jpg\" alt=\"\" data-id=\"45142\" data-full-url=\"https:\/\/redsemlac.com\/semmexico\/wp-content\/uploads\/2022\/02\/cultura-2.jpg\" data-link=\"https:\/\/redsemlac.com\/semmexico\/?attachment_id=45142\" class=\"wp-image-45142\"\/><\/a><\/figure><\/li><\/ul><\/figure>\n\n\n\n<p class=\"wp-block-paragraph\"><br>En 1980, luego de su retiro de los escenarios, estableci\u00f3 su Escuela de Ballet Cl\u00e1sico en Ciudad Ju\u00e1rez, Chihuahua, para compartir su vocaci\u00f3n por la danza, configur\u00e1ndose como una de las personalidades m\u00e1s aut\u00e9nticas de este arte en M\u00e9xico.&nbsp;<\/p>\n\n\n\n<p class=\"wp-block-paragraph\">La Academia de la Danza Mexicana celebra 75 a\u00f1os de vincular la tradici\u00f3n con lo contempor\u00e1neo&nbsp;<\/p>\n\n\n\n<p class=\"wp-block-paragraph\"><br>La Academia de la Danza Mexicana (ADM) celebra 75 a\u00f1os de su fundaci\u00f3n este 1\u00b0 de febrero. Fue concebida en 1947 por Calos Ch\u00e1vez, fundador y primer director del Instituto Nacional de Bellas Artes y Literatura (Inbal), como un taller de experimentaci\u00f3n y creaci\u00f3n de la nueva danza mexicana.\u00a0\u00a0<br><br>La iniciativa de la conformaci\u00f3n de la ADM fue de las bailarinas y core\u00f3grafas Guillermina Bravo y Ana M\u00e9rida, a partir del legado creativo que dejaron en nuestro pa\u00eds dos figuras trascendentales para la disciplina a nivel internacional, Anna Sokolow y Waldeen, s\u00f3lo un par de meses despu\u00e9s de la creaci\u00f3n del Inbal.\u00a0<br><br>En esta etapa inicial funcion\u00f3 como taller coreogr\u00e1fico, con lo que logr\u00f3 una significativa trayectoria de \u00e9xitos internacionales y protagoniz\u00f3 momentos importantes en el movimiento de danza moderna nacionalista. Fue as\u00ed como inici\u00f3 la l\u00ednea coreogr\u00e1fica y art\u00edstica que inspir\u00f3 a la primera generaci\u00f3n de maestros-bailarines de la escuela.<br><br>La ADM tiene previstas actividades conmemorativas que se dar\u00e1n a conocer pr\u00f3ximamente, entre ellas un homenaje a Josefina Lavalle, quien dirigi\u00f3 la instituci\u00f3n, y a quienes siguen presentes y son parte de la trayectoria de la escuela.\u00a0<br><br>En su primer periodo, agrup\u00f3 a estudiantes a quienes formaba para incorporarlos a la compa\u00f1\u00eda, lo que con el tiempo dar\u00eda lugar a la separaci\u00f3n de las funciones y al establecimiento de dos instancias: el Ballet de Bellas Artes, dedicado a la creaci\u00f3n y difusi\u00f3n, y la ADM, consagrada a la educaci\u00f3n danc\u00edstica profesional. Esto deriv\u00f3 en la llamada \u201c\u00c9poca de oro\u201d de la danza moderna mexicana.\u00a0<br><br>La trayectoria de la ADM est\u00e1 tambi\u00e9n asociada al talento y aportaciones de grandes figuras: Josefina Lavalle, Guillermina Pe\u00f1alosa, Rosa Reyna, Guillermo Keys, Sonia Casta\u00f1eda, Elena Noriega, Emma Duarte y Marcelo Torreblanca, entre otros.\u00a0<br><br>Adem\u00e1s de tener una fuerte presencia en los escenarios, la ADM busc\u00f3 constituirse como una instituci\u00f3n educativa profesional, cuyo quehacer acad\u00e9mico y art\u00edstico se basa en el rescate, revaloraci\u00f3n y difusi\u00f3n de las expresiones art\u00edsticas mexicanas.\u00a0<br><br>En su historia, la ADM ha contado con diferentes planes de estudios y ha pasado por diversas reformas. En 1956 se elabor\u00f3 el primer plan de estudios, por lo que se transform\u00f3 oficialmente en centro de ense\u00f1anza profesional de la danza. En dicho programa se definieron los papeles de bailar\u00edn y docente, y de ejecutante y estudiante. Se crearon dos carreras: bailar\u00edn de danza moderna, con duraci\u00f3n de cinco a\u00f1os, y de danza regional, de tres.<br><br>En la carrera de danza moderna se incluy\u00f3 el cl\u00e1sico y el baile nacional, el primero, por su valor formativo muscular, y el segundo, en congruencia con el proyecto art\u00edstico que le dio origen a la ADM, que exig\u00eda una danza moderna propia enraizada en la cultura popular. Para enriquecer la preparaci\u00f3n cultural del bailar\u00edn se introdujo el estudio simult\u00e1neo de materias te\u00f3ricas que, al vincularse con las t\u00e9cnico-art\u00edsticas, favorecieran la formaci\u00f3n integral del futuro artista.\u00a0<br><br>En 1959 se reestructur\u00f3 este plan de estudios y fue nombrada directora la core\u00f3grafa Josefina Lavalle. El gremio de los bailarines cl\u00e1sicos exig\u00eda una carrera especializada en ese g\u00e9nero, ya que s\u00f3lo se ofrec\u00edan estudios en danza moderna y regional. Para atender este reclamo, por primera vez se crearon tres carreras con un criterio de especializaci\u00f3n: bailar\u00edn de danza cl\u00e1sica, bailar\u00edn de danza moderna y bailar\u00edn de danza regional, cada una con duraci\u00f3n de nueve a\u00f1os, cuatro de ellos en un tronco com\u00fan, adem\u00e1s de un a\u00f1o para la formaci\u00f3n de docentes, en el cual las y los estudiantes cursar\u00edan materias del \u00e1rea pedag\u00f3gica, lo que totalizaba 10 a\u00f1os de estudios.<\/p>\n\n\n\n<p class=\"wp-block-paragraph\"><br>En este periodo, a pesar de que la propuesta curricular se enfocaba en la especializaci\u00f3n, la idea de integraci\u00f3n permaneci\u00f3 entre los objetivos de la escuela, pero sobre todo en las pr\u00e1cticas curriculares. Con ello se insist\u00eda en brindar a las y los futuros bailarines una preparaci\u00f3n, aunque especializada, libre de los prejuicios existentes entre los g\u00e9neros de danza.<\/p>\n\n\n\n<p class=\"wp-block-paragraph\"><br>En junio de 1977, el Consejo Nacional T\u00e9cnico de la Educaci\u00f3n aprob\u00f3 un plan de estudios que inclu\u00eda las carreras de Bailar\u00edn de Danza de Concierto y Bailar\u00edn de Danza Mexicana. En 1978, con motivo de la creaci\u00f3n del Sistema Nacional para la Ense\u00f1anza Profesional de la Danza, la ADM vio interrumpidas sus labores debido a un desacuerdo de docentes con lo propuesto por \u00e9ste, lo que motiv\u00f3 a trabajar en la reestructuraci\u00f3n de su plan de estudios, mientras se realizaban las gestiones y acuerdos para su reapertura. Como resultado, se consolid\u00f3 un nuevo plan de estudios y reiniciaron en el ciclo escolar 1982-1983.&nbsp;<\/p>\n\n\n\n<p class=\"wp-block-paragraph\"><br>En las \u00faltimas d\u00e9cadas se han hecho modificaciones acad\u00e9micas con base en la necesidad actual de la sociedad. La ADM tiene una oferta educativa integrada por las licenciaturas en Danza Cl\u00e1sica, Danza Contempor\u00e1nea, Danza Popular Mexicana y Danza Opci\u00f3n Multidisciplinar, con duraci\u00f3n de cuatro a\u00f1os, con las cuales forma profesionales que vinculen la tradici\u00f3n y lo contempor\u00e1neo, capaces de aplicar de manera integral los saberes sociales, culturales, cient\u00edficos, tecnol\u00f3gicos y art\u00edsticos en procesos creativos, educativos y de investigaci\u00f3n, y desarrollen un pensamiento cr\u00edtico que les permita reflexionar acerca de la realidad social y contribuir a su transformaci\u00f3n.<br><br>Sus principios y valores son el desarrollo de la creatividad, la sensibilidad, la \u00e9tica profesional y la solidaridad, as\u00ed como la inclusi\u00f3n y respeto hacia las manifestaciones est\u00e9ticas de otros individuos, sociedades y culturas.\u00a0\u00a0<br><br>Es por ello que la ADM se mantiene en una labor permanente de an\u00e1lisis, reflexi\u00f3n, adaptaci\u00f3n y renovaci\u00f3n de las estrategias did\u00e1cticas utilizadas para garantizar una educaci\u00f3n de calidad, abierta a las improntas est\u00e9ticas, educativas, sociales y culturales del mundo actual, tal como lo ha demostrado desde 2020 con el inicio de las actividades virtuales derivadas de la contingencia sanitaria.\u00a0<br><br>P\u00e1gina web: Academia de la Danza Mexicana:\u00a0<a href=\"https:\/\/adm.inba.gob.mx\/\" target=\"_blank\" rel=\"noreferrer noopener\">adm.inba.gob.mx\/<\/a>\u00a0\u00a0\u00a0<br><br>Se pueden seguir las redes sociales del Instituto Nacional de Bellas Artes y Literatura en Instagram (@INBAMX), Facebook (\/INBAmx) y Twitter (@bellasartesinba).\u00a0\u00a0<br><br>Sigue las redes sociales de la Secretar\u00eda de Cultura en Twitter (@cultura_mx), Facebook (\/SecretariaCulturaMX) e Instagram (@culturamx).\u00a0<\/p>\n\n\n\n<p class=\"wp-block-paragraph\">&#8230;<br><br><br><\/p>\n\n\n\n\n\n\n\n<p class=\"wp-block-paragraph\">&#8230;<\/p>\n","protected":false},"excerpt":{"rendered":"<p>90 aniversario del nacimiento de Laura Urdapilleta y 75 a\u00f1os de la Academia de la Danza Mexicana<\/p>\n","protected":false},"author":3,"featured_media":45144,"comment_status":"open","ping_status":"open","sticky":false,"template":"","format":"standard","meta":{"_monsterinsights_skip_tracking":false,"footnotes":""},"categories":[693,45,46],"tags":[],"class_list":["post-45140","post","type-post","status-publish","format-standard","has-post-thumbnail","category-693","category-cultura","category-cultura-cultura"],"_links":{"self":[{"href":"https:\/\/redsemlac.com\/semmexico\/wp-json\/wp\/v2\/posts\/45140","targetHints":{"allow":["GET"]}}],"collection":[{"href":"https:\/\/redsemlac.com\/semmexico\/wp-json\/wp\/v2\/posts"}],"about":[{"href":"https:\/\/redsemlac.com\/semmexico\/wp-json\/wp\/v2\/types\/post"}],"author":[{"embeddable":true,"href":"https:\/\/redsemlac.com\/semmexico\/wp-json\/wp\/v2\/users\/3"}],"replies":[{"embeddable":true,"href":"https:\/\/redsemlac.com\/semmexico\/wp-json\/wp\/v2\/comments?post=45140"}],"version-history":[{"count":0,"href":"https:\/\/redsemlac.com\/semmexico\/wp-json\/wp\/v2\/posts\/45140\/revisions"}],"wp:featuredmedia":[{"embeddable":true,"href":"https:\/\/redsemlac.com\/semmexico\/wp-json\/wp\/v2\/media\/45144"}],"wp:attachment":[{"href":"https:\/\/redsemlac.com\/semmexico\/wp-json\/wp\/v2\/media?parent=45140"}],"wp:term":[{"taxonomy":"category","embeddable":true,"href":"https:\/\/redsemlac.com\/semmexico\/wp-json\/wp\/v2\/categories?post=45140"},{"taxonomy":"post_tag","embeddable":true,"href":"https:\/\/redsemlac.com\/semmexico\/wp-json\/wp\/v2\/tags?post=45140"}],"curies":[{"name":"wp","href":"https:\/\/api.w.org\/{rel}","templated":true}]}}