{"id":45057,"date":"2022-01-31T15:36:48","date_gmt":"2022-01-31T21:36:48","guid":{"rendered":"https:\/\/redsemlac.com\/semmexico\/?p=45057"},"modified":"2023-07-21T18:58:07","modified_gmt":"2023-07-21T23:58:07","slug":"pide-sanchez-cordero-romper-el-circulo-de-exclusion-violencia-e-impunidad","status":"publish","type":"post","link":"https:\/\/redsemlac.com\/semmexico\/pide-sanchez-cordero-romper-el-circulo-de-exclusion-violencia-e-impunidad\/","title":{"rendered":"Pide S\u00e1nchez Cordero romper el c\u00edrculo de exclusi\u00f3n, violencia e impunidad"},"content":{"rendered":"\n<ul class=\"wp-block-list\"><li><strong>A jueces, fiscales y ministerios p\u00fablicos los llama a erradicar agresiones contra ni\u00f1as y adolescentes<\/strong><\/li><\/ul>\n\n\n\n<ul class=\"wp-block-list\"><li><strong>Realizan foro La normatividad como herramienta estrat\u00e9gica para la igualdad de g\u00e9nero<\/strong><\/li><\/ul>\n\n\n\n<p class=\"wp-block-paragraph\"><strong>Redacci\u00f3n<\/strong><strong><\/strong><\/p>\n\n\n\n<p class=\"wp-block-paragraph\">SemM\u00e9xico, Cd. de M\u00e9xico, 31 de enero, 2022.- La presidenta de la Mesa Directiva del Senado, Olga S\u00e1nchez Cordero, llam\u00f3 a jueces, fiscales y ministerios p\u00fablicos para \u201cromper el c\u00edrculo vicioso de la exclusi\u00f3n, la violencia y la impunidad\u201d en contra de las mujeres.&nbsp;&nbsp;&nbsp;<\/p>\n\n\n\n<p class=\"wp-block-paragraph\">Durante el foro \u201cLa normatividad como herramienta estrat\u00e9gica para la igualdad de g\u00e9nero\u201d, S\u00e1nchez Cordero destac\u00f3 que la correcta aplicaci\u00f3n de las leyes es lo que hace la diferencia en la vida de las mujeres y de las ni\u00f1as, por lo que pidi\u00f3 a quienes las aplican actuar con sensibilidad, sin indecisi\u00f3n y sin corrupci\u00f3n.&nbsp;<\/p>\n\n\n\n<p class=\"wp-block-paragraph\">Sostuvo que el trabajo de jueces, fiscales y ministerios p\u00fablicos debe ser progresista y poner en el centro a la persona para que sus resoluciones, sentencias e investigaciones permitan acabar con la impunidad en las agresiones contra ni\u00f1as y adolescentes.&nbsp;<\/p>\n\n\n\n<p class=\"wp-block-paragraph\">Toda persona debe ser responsable de la impartici\u00f3n, asent\u00f3, por lo que la impartici\u00f3n de justicia debe estar bajo un escrutinio p\u00fablico constantemente, ya que es d\u00f3nde existen \u201clas trabas\u201d que evitan la igualdad:&nbsp;<\/p>\n\n\n\n<p class=\"wp-block-paragraph\">\u201cHay que romper el c\u00edrculo vicioso de la exclusi\u00f3n, la violencia y la impunidad\u201d, expres\u00f3 la presidenta del Senado de la Rep\u00fablica. &nbsp;<\/p>\n\n\n\n<p class=\"wp-block-paragraph\">Dijo que mantener el respeto irrestricto a la dignidad humana y devolverla a quienes les ha sido negada, es la raz\u00f3n de ser del Estado, asever\u00f3 la legisladora. \u201cLa defensa de la dignidad de las mujeres y de las ni\u00f1as, dignifica al Estado mismo, no solamente las dignifica a ellas, sino al Estado mismo\u201d.&nbsp;<\/p>\n\n\n\n<p class=\"wp-block-paragraph\">Adem\u00e1s, subray\u00f3 la importancia de que la sociedad debe apropiarse de las leyes, pero especialmente los operadores jur\u00eddicos de los tres \u00f3rdenes de gobierno, pues \u201cuna aut\u00e9ntica cultura jur\u00eddica ser\u00e1 la que fomente y permita, bajo el ejemplo de toda autoridad, una adecuada, efectiva y decidida aplicaci\u00f3n de las normas.&nbsp;<\/p>\n\n\n\n<p class=\"wp-block-paragraph\">S\u00e1nchez Cordero asever\u00f3 que la ley debe proteger a todas y a todos, pero, especialmente, a las personas m\u00e1s vulnerable, enfrenta condiciones de desigualdad e hist\u00f3ricamente se ha visto en desventaja. \u201cLas mujeres y las ni\u00f1as hemos padecido diversos escenarios de discriminaci\u00f3n, de exclusi\u00f3n, de violencia\u201d, advirti\u00f3.&nbsp;<\/p>\n\n\n\n<p class=\"wp-block-paragraph\">La presidenta de la Comisi\u00f3n para la Igualdad de G\u00e9nero, Martha Luc\u00eda Micher Camarena, puntualiz\u00f3 la urgencia de construir un marco legal, en el que se cuestionen las formas en que se manifiesta el sexismo y la discriminaci\u00f3n.&nbsp;<\/p>\n\n\n\n<p class=\"wp-block-paragraph\">En este sentido, dijo que la reforma al art\u00edculo 4\u00ba de la Ley General para la Igualdad entre Mujeres y Hombres abona a la construcci\u00f3n integral de protecci\u00f3n y garant\u00eda de las ni\u00f1as y adolescentes.&nbsp;<\/p>\n\n\n\n<p class=\"wp-block-paragraph\">Consider\u00f3 que, a partir de la supletoriedad de las leyes, se contribuye a la tutela de los derechos humanos de las mujeres y se reconoce que el Estado mexicano debe realizar las acciones necesarias para garantizar su protecci\u00f3n m\u00e1s amplia.&nbsp;<\/p>\n\n\n\n<p class=\"wp-block-paragraph\">En el Senado, precis\u00f3, trabajamos con esa finalidad, porque tenemos la convicci\u00f3n \u00e9tica y pol\u00edtica de que la causa de las mujeres y las ni\u00f1as es justa, y contribuye a la construcci\u00f3n de una sociedad libre, justa, democr\u00e1tica e igualitaria&nbsp;<\/p>\n\n\n\n<p class=\"wp-block-paragraph\">La titular del Instituto Nacional de las Mujeres, Nadine Gasman Zylbermann, destac\u00f3 la labor del Programa Nacional para la Igualdad entre Mujeres y Hombres (Proigualdad), el cual promueve la formaci\u00f3n de un Federalismo, que trabaje coordinadamente para garantizar los derechos de todas las mujeres y las ni\u00f1as de M\u00e9xico.&nbsp;<\/p>\n\n\n\n<p class=\"wp-block-paragraph\">Este programa prev\u00e9 acciones puntuales para avanzar en la igualdad de g\u00e9nero e identifica las principales tem\u00e1ticas de armonizaci\u00f3n legislativa, afirm\u00f3. El Poder Legislativo, en tanto, debe ver al Proigualdad como un instrumento base, para guiar su trabajo e impulsar la progresividad de los derechos humanos de las mujeres.&nbsp;<\/p>\n\n\n\n<p class=\"wp-block-paragraph\">Patricia Salazar Marroqu\u00edn, alcaldesa de Allende, Nuevo Le\u00f3n, llam\u00f3 a continuar la lucha por una legislaci\u00f3n que propicie una sociedad m\u00e1s equilibrada y con un futuro en el que se encuentren integrados los intereses de hombres y mujeres.&nbsp;<\/p>\n","protected":false},"excerpt":{"rendered":"<p>Realizan foro La normatividad como herramienta estrat\u00e9gica para la igualdad de g\u00e9nero<\/p>\n","protected":false},"author":3,"featured_media":45058,"comment_status":"open","ping_status":"open","sticky":false,"template":"","format":"standard","meta":{"_monsterinsights_skip_tracking":false,"footnotes":""},"categories":[693,50],"tags":[],"class_list":["post-45057","post","type-post","status-publish","format-standard","has-post-thumbnail","category-693","category-congreso"],"_links":{"self":[{"href":"https:\/\/redsemlac.com\/semmexico\/wp-json\/wp\/v2\/posts\/45057","targetHints":{"allow":["GET"]}}],"collection":[{"href":"https:\/\/redsemlac.com\/semmexico\/wp-json\/wp\/v2\/posts"}],"about":[{"href":"https:\/\/redsemlac.com\/semmexico\/wp-json\/wp\/v2\/types\/post"}],"author":[{"embeddable":true,"href":"https:\/\/redsemlac.com\/semmexico\/wp-json\/wp\/v2\/users\/3"}],"replies":[{"embeddable":true,"href":"https:\/\/redsemlac.com\/semmexico\/wp-json\/wp\/v2\/comments?post=45057"}],"version-history":[{"count":0,"href":"https:\/\/redsemlac.com\/semmexico\/wp-json\/wp\/v2\/posts\/45057\/revisions"}],"wp:featuredmedia":[{"embeddable":true,"href":"https:\/\/redsemlac.com\/semmexico\/wp-json\/wp\/v2\/media\/45058"}],"wp:attachment":[{"href":"https:\/\/redsemlac.com\/semmexico\/wp-json\/wp\/v2\/media?parent=45057"}],"wp:term":[{"taxonomy":"category","embeddable":true,"href":"https:\/\/redsemlac.com\/semmexico\/wp-json\/wp\/v2\/categories?post=45057"},{"taxonomy":"post_tag","embeddable":true,"href":"https:\/\/redsemlac.com\/semmexico\/wp-json\/wp\/v2\/tags?post=45057"}],"curies":[{"name":"wp","href":"https:\/\/api.w.org\/{rel}","templated":true}]}}