{"id":44953,"date":"2022-01-30T14:58:19","date_gmt":"2022-01-30T20:58:19","guid":{"rendered":"https:\/\/redsemlac.com\/semmexico\/?p=44953"},"modified":"2023-07-21T18:58:08","modified_gmt":"2023-07-21T23:58:08","slug":"tiempo-de-ciudados-la-problematica-de-los-cuidados-en-una-sociedad-patriarcal","status":"publish","type":"post","link":"https:\/\/redsemlac.com\/semmexico\/tiempo-de-ciudados-la-problematica-de-los-cuidados-en-una-sociedad-patriarcal\/","title":{"rendered":"\u2019Tiempo de ciudados\u2019: la problem\u00e1tica de los cuidados en una sociedad patriarcal"},"content":{"rendered":"\n<p class=\"wp-block-paragraph\"><strong>La fil\u00f3sofa Victoria Camps presenta su libro en el ciclo \u2019El jard\u00edn escrito\u2019<\/strong><\/p>\n\n\n\n<p class=\"wp-block-paragraph\"><strong>Jornada organizada por la Biblioteca del Real Jard\u00edn Bot\u00e1nico en Madrid<\/strong><\/p>\n\n\n\n<p class=\"wp-block-paragraph\"><a href=\"https:\/\/amecopress.net\/Redaccion-AmecoPress-944\">Redacci\u00f3n<\/a><\/p>\n\n\n\n<p class=\"wp-block-paragraph\">SemM\u00e9xico\/AmecoPres, Madrid, 30 de enero, 2022.-&nbsp;<em>La \u00e9tica del cuidado se ha convertido en un tema central y perentorio a ra\u00edz de la pandemia de la COVID-19. Para la fil\u00f3sofa Victoria Camps (Barcelona, 1941), hay que reconocer que existe un derecho a ser cuidado y un deber de cuidar que no admite excepciones. Sin embargo, ya no se puede seguir relacionando esta labor como una obligaci\u00f3n de las mujeres.<\/em><\/p>\n\n\n\n<p class=\"wp-block-paragraph\">Por ello, \u2019Tiempo de cuidados\u2019 de Victoria Camps (Arpa Ediciones) pretender poner los cuidados en el sitio que por justicia les pertenece. Al final, es una obligaci\u00f3n de toda la ciudadan\u00eda y, m\u00e1s concreto, ha de ser responsabilidad de todos y cada uno de los miembros de la unidad familia, independientemente si son hombres o mujeres. Adem\u00e1s, las instituciones p\u00fablicas deben garantizar que los cuidados sean un derecho social para que cada persona pueda acceder a ellos de manera libre y gratuita. Como afirma Carlo Gilligan: \u00abEn un contexto patriarcal, el cuidado es una \u00e9tica femenina; en un contexto democr\u00e1tico, el cuidado es una \u00e9tica humana\u00bb.<\/p>\n\n\n\n<p class=\"wp-block-paragraph\">La presentaci\u00f3n se su libro conducida por el responsable de la Biblioteca del Real Jard\u00edn Bot\u00e1nico del CSIC, F\u00e9lix Alonso. Cont\u00f3 la participaci\u00f3n de la autora del libro, Victoria Camps; la presidenta del Consejo de Estado, Mar\u00eda Teresa Fern\u00e1ndez de la Vega, y la presidenta del Consejo General de la Abogac\u00eda Espa\u00f1ola y de Uni\u00f3n Profesional, Victoria Ortega.<\/p>\n\n\n\n<p class=\"wp-block-paragraph\">Foto: archivo AmecoPress.<\/p>\n","protected":false},"excerpt":{"rendered":"<p>La fil\u00f3sofa Victoria Camps presenta su libro en el ciclo \u2019El jard\u00edn escrito\u2019<\/p>\n","protected":false},"author":3,"featured_media":44956,"comment_status":"open","ping_status":"open","sticky":false,"template":"","format":"standard","meta":{"_monsterinsights_skip_tracking":false,"footnotes":""},"categories":[693,45,46],"tags":[],"class_list":["post-44953","post","type-post","status-publish","format-standard","has-post-thumbnail","category-693","category-cultura","category-cultura-cultura"],"_links":{"self":[{"href":"https:\/\/redsemlac.com\/semmexico\/wp-json\/wp\/v2\/posts\/44953","targetHints":{"allow":["GET"]}}],"collection":[{"href":"https:\/\/redsemlac.com\/semmexico\/wp-json\/wp\/v2\/posts"}],"about":[{"href":"https:\/\/redsemlac.com\/semmexico\/wp-json\/wp\/v2\/types\/post"}],"author":[{"embeddable":true,"href":"https:\/\/redsemlac.com\/semmexico\/wp-json\/wp\/v2\/users\/3"}],"replies":[{"embeddable":true,"href":"https:\/\/redsemlac.com\/semmexico\/wp-json\/wp\/v2\/comments?post=44953"}],"version-history":[{"count":0,"href":"https:\/\/redsemlac.com\/semmexico\/wp-json\/wp\/v2\/posts\/44953\/revisions"}],"wp:featuredmedia":[{"embeddable":true,"href":"https:\/\/redsemlac.com\/semmexico\/wp-json\/wp\/v2\/media\/44956"}],"wp:attachment":[{"href":"https:\/\/redsemlac.com\/semmexico\/wp-json\/wp\/v2\/media?parent=44953"}],"wp:term":[{"taxonomy":"category","embeddable":true,"href":"https:\/\/redsemlac.com\/semmexico\/wp-json\/wp\/v2\/categories?post=44953"},{"taxonomy":"post_tag","embeddable":true,"href":"https:\/\/redsemlac.com\/semmexico\/wp-json\/wp\/v2\/tags?post=44953"}],"curies":[{"name":"wp","href":"https:\/\/api.w.org\/{rel}","templated":true}]}}