{"id":44893,"date":"2022-01-29T14:32:17","date_gmt":"2022-01-29T20:32:17","guid":{"rendered":"https:\/\/redsemlac.com\/semmexico\/?p=44893"},"modified":"2023-07-21T18:58:09","modified_gmt":"2023-07-21T23:58:09","slug":"celebrar-la-paz-y-la-no-violencia-escuchando-tambores-de-guerra","status":"publish","type":"post","link":"https:\/\/redsemlac.com\/semmexico\/celebrar-la-paz-y-la-no-violencia-escuchando-tambores-de-guerra\/","title":{"rendered":"Celebrar la paz y la no violencia escuchando tambores de guerra"},"content":{"rendered":"\n<p class=\"wp-block-paragraph\"><strong>La conmemoraci\u00f3n llega en un contexto de preocupaci\u00f3n por la escalada de tensi\u00f3n que se est\u00e1 viviendo en Ucrania entre Rusia y la OTAN.<\/strong><\/p>\n\n\n\n<p class=\"wp-block-paragraph\"><strong>Urge apelar al di\u00e1logo y crear conciencia para que la guerra nuca sea la alternativa elegida para resolver un conflicto<\/strong><\/p>\n\n\n\n<p class=\"wp-block-paragraph\"><strong>Es imprescindible incluir los aportes de las mujeres y del feminismo pacifista<\/strong><\/p>\n\n\n\n<p class=\"wp-block-paragraph\"><a href=\"https:\/\/amecopress.net\/Redaccion-AmecoPress\">Redacci\u00f3n AmecoPress<\/a><\/p>\n\n\n\n<p class=\"wp-block-paragraph\">SemM\u00e9xico\/AmecoPress, Madrid, 29 de enero, 2022.-&nbsp;<em>El D\u00eda Escolar de la Paz y la No Violencia (School Day of Non-violence and Peace) se celebra el domingo 30 de enero de 2022.<\/em><\/p>\n\n\n\n<p class=\"wp-block-paragraph\"><em>La conmemoraci\u00f3n tiene por objetivo la educaci\u00f3n en y para la tolerancia, la solidaridad, la concordia, el respeto a los Derechos Humanos, la no-violencia y la paz. En torno este d\u00eda, los colegios y centros se convierten en instrumentos de paz y entendimiento entre personas de distinta formaci\u00f3n, cultura y religi\u00f3n.<\/em><\/p>\n\n\n\n<p class=\"wp-block-paragraph\"><em>\u00a0Este a\u00f1o, la celebraci\u00f3n del \u201830 de enero\u2019, que es el aniversario de la muerte de Gandhi y que fue reconocido por la UNESCO en 1993, llega en un contexto de preocupaci\u00f3n por la escalada de tensi\u00f3n que se est\u00e1 viviendo en Ucrania entre Rusia y la OTAN. Urge, pues, apelar al di\u00e1logo y crear conciencia para que la guerra nuca sea la alternativa elegida para resolver un conflicto.<\/em><\/p>\n\n\n\n<figure class=\"wp-block-image size-full\"><a href=\"https:\/\/redsemlac.com\/semmexico\/wp-content\/uploads\/2022\/01\/paz-y-no-violencia-02.jpg\"><img loading=\"lazy\" decoding=\"async\" width=\"750\" height=\"500\" src=\"https:\/\/redsemlac.com\/semmexico\/wp-content\/uploads\/2022\/01\/paz-y-no-violencia-02.jpg\" alt=\"\" class=\"wp-image-44895\"\/><\/a><\/figure>\n\n\n\n<p class=\"wp-block-paragraph\">\u201cDesde el Centre Del\u00e0s d\u2019Estudis per la Pau expresan su \u201cenorme preocupaci\u00f3n\u201d ante \u201cla escalada belicista que se est\u00e1 dando en el conflicto armado de Ucrania entre la OTAN y Rusia y el decepcionante seguidismo europeo y espa\u00f1ol en la respuesta militarizada al mismo\u201d.<\/p>\n\n\n\n<p class=\"wp-block-paragraph\">\u201cEl conflicto ucraniano es de una enorme complejidad y merece ser analizado con serenidad y responsabilidad teniendo en cuenta todos los aspectos pol\u00edticos, hist\u00f3ricos, econ\u00f3micos, entre muchos otros culturales, sociales, sin olvidar, evidentemente, el rol que la seguridad energ\u00e9tica puede jugar en el futuro de la regi\u00f3n\u201d, expone el Centre Del\u00e0s d\u2019Estudis per la Pau. \u201cAs\u00ed como se debe poner en el centro la seguridad de las personas, de la poblaci\u00f3n civil, que ser\u00eda obviamente la principal damnificada de una hipot\u00e9tica guerra entre Rusia y la OTAN\u201d.<\/p>\n\n\n\n<p class=\"wp-block-paragraph\">Los derechos humanos y la seguridad de las personas deben situarse en el centro de cualquier propuesta que se realice. Tambi\u00e9n debe garantizarse la actividad de las agencias de Naciones Unidas y las organizaciones humanitarias que trabajan desde hace tiempo con la poblaci\u00f3n local. Como recuerda el Movimiento por la Paz \u201ctoda acci\u00f3n unilateral que se realice al margen del \u00e1mbito institucional y normativo de los Organismos Internacionales supone una fisura del Derecho Internacional, carece de legitimidad compartida y conduce, por tanto, a una escalada del conflicto militar\u201d.<\/p>\n\n\n\n<p class=\"wp-block-paragraph\">El Gobierno espa\u00f1ol, por su parte, debe asumir un rol activo en la defensa de la v\u00eda diplom\u00e1tica y la respuesta no violenta. En este momento, es urgente impulsar cualquier medida que reduzca tensiones y garantice la paz en la zona.<\/p>\n\n\n\n<p class=\"wp-block-paragraph\">Precisamente ayer el presidente del Gobierno espa\u00f1ol, Pedro S\u00e1nchez, afirmaba en rueda de prensa: \u00abSi en Ucrania ocurre lo que nadie quiere que pase, habr\u00e1 sanciones hacia el gobierno ruso (&#8230;) Para garantizar la paz se debe seguir la legalidad internacional\u00bb.<\/p>\n\n\n\n<figure class=\"wp-block-image size-full\"><a href=\"https:\/\/redsemlac.com\/semmexico\/wp-content\/uploads\/2022\/01\/paz-y-no-violencia-03.jpg\"><img loading=\"lazy\" decoding=\"async\" width=\"470\" height=\"364\" src=\"https:\/\/redsemlac.com\/semmexico\/wp-content\/uploads\/2022\/01\/paz-y-no-violencia-03.jpg\" alt=\"\" class=\"wp-image-44897\"\/><\/a><\/figure>\n\n\n\n<p class=\"wp-block-paragraph\">Durante la \u00faltima semana la situaci\u00f3n de Ucrania ha ocupado portadas de diarios, tertulias radiof\u00f3nicas y buena parte de las declaraciones de l\u00edderes pol\u00edticos. Podemos, Izquierda Unida, En Com\u00fa Podem, Alianza Verde, Bildu, BNG, CUP, M\u00e1s Pa\u00eds y Compromis firmaron un escrito en el que muestran su preocupaci\u00f3n por el incremento de la tensi\u00f3n b\u00e9lica en Ucrania entre EE. UU. y Rusia, as\u00ed como el \u00abrechazo frontal\u00bb al env\u00edo de tropas al Mar Negro y Bulgaria. \u00abEste conflicto solo puede resolverse a trav\u00e9s del di\u00e1logo, la distensi\u00f3n y el convencimiento de que la paz es el \u00fanico camino\u00bb, afirman los ocho partidos en un manifiesto en el que piden \u00abevitar una nueva guerra en Europa\u00bb.<\/p>\n\n\n\n<p class=\"wp-block-paragraph\">Es importante recordar que las desigualdades de g\u00e9nero que se manifiestan en los conflictos armados generan que la violencia impacte desproporcionadamente sobre las mujeres. Seg\u00fan organizaciones internacionales, \u201clos valores sociales asociados a la masculinidad que priman la agresi\u00f3n y sumisi\u00f3n para conquistar al enemigo\u201d implican la instrumentalizaci\u00f3n de las mujeres y de su cuerpo como forma de ofensiva.<\/p>\n\n\n\n<p class=\"wp-block-paragraph\">La paz tambi\u00e9n es cosa de chicas<\/p>\n\n\n\n<p class=\"wp-block-paragraph\">En el mundo se celebra el D\u00eda Escolar de la Paz y la No Violencia, pero pocas veces se recuerda a las mujeres que han ayudado a la resoluci\u00f3n de los conflictos o la construcci\u00f3n de la convivencia.<\/p>\n\n\n\n<p class=\"wp-block-paragraph\">La importancia de concienciar a favor de la paz y de la no violencia incluyendo a las mujeres es evidente. Baste recordar que, seg\u00fan datos ofrecidos por la Organizaci\u00f3n de Naciones Unidas, el 80% de los 50 millones de personas refugiadas en el mundo son mujeres, junto a sus hijas e hijos. Sin embargo, tal y como destacan diversas expertas, adem\u00e1s de la urgencia actual de retomar nuevamente la voluntad de desarme mundial y de fomentar el desarrollo humano y social, adem\u00e1s de la necesidad de incorporar a las mujeres en los procesos pol\u00edticos de restablecimiento de la paz nacionales, regionales y mundiales, tambi\u00e9n se ha de fomentar la desmilitarizaci\u00f3n de la \u201cmente\u201d de la poblaci\u00f3n. Urge dejar de legitimar y reproducir, aunque sea a menor escala, un abordaje de los conflictos a partir de la violencia. Y en ese sentido, la educaci\u00f3n es crucial.<\/p>\n\n\n\n<figure class=\"wp-block-image size-full\"><a href=\"https:\/\/redsemlac.com\/semmexico\/wp-content\/uploads\/2022\/01\/paz-y-no-violencia-04.jpg\"><img loading=\"lazy\" decoding=\"async\" width=\"537\" height=\"374\" src=\"https:\/\/redsemlac.com\/semmexico\/wp-content\/uploads\/2022\/01\/paz-y-no-violencia-04.jpg\" alt=\"\" class=\"wp-image-44898\"\/><\/a><\/figure>\n\n\n\n<p class=\"wp-block-paragraph\">En 2020 la secci\u00f3n de WILPF Espa\u00f1a (Liga Internacional de Mujeres por la Paz y la Libertad) elabor\u00f3 una&nbsp;<a href=\"https:\/\/wilpf.es\/wp-content\/uploads\/2020\/10\/20201030-la-paz-es-cosa-de-chicas-12.pdf\">gu\u00eda destinada a institutos para mostrar que la paz es tambi\u00e9n cosa de chicas<\/a>&nbsp;y para reflexionar acerca de qu\u00e9 es el feminismo pacifista, de d\u00f3nde viene, qu\u00e9 concepto de seguridad y cuidados defiende y cu\u00e1les son sus propuestas.<\/p>\n\n\n\n<p class=\"wp-block-paragraph\">En esta propuesta pedag\u00f3gica se aborda el significado de t\u00e9rminos como la paz de un modo novedoso. \u201cLa paz negativa es la ausencia de guerra o violencia f\u00edsica. La paz positiva es m\u00e1s dif\u00edcil de explicar, pero se podr\u00eda definir como ausencia de todo tipo de violencias f\u00edsicas, estructurales o culturales. Por ejemplo: la desigualdad social es violencia estructural y la discriminaci\u00f3n es violencia cultural\u201d.<\/p>\n\n\n\n<p class=\"wp-block-paragraph\">Y se aclara: \u201cNo es que las mujeres sean pac\u00edficas por naturaleza, es que muchas mujeres han elegido que el pacifismo sea su opci\u00f3n pol\u00edtica\u201d. Por ello, el feminismo pacifista es un movimiento pol\u00edtico liderado por mujeres que quieren lograr la paz y participar en su construcci\u00f3n.<\/p>\n\n\n\n<p class=\"wp-block-paragraph\">Este a\u00f1o, la organizaci\u00f3n tiene previsto un itinerario formativo compuesto por cuatro sesiones con el objetivo de crear un espacio de di\u00e1logo, reflexi\u00f3n y formaci\u00f3n sobre el feminismo pacifista y conectar con los intereses de los y las j\u00f3venes. Las sesiones ser\u00e1n online y se celebrar\u00e1n el 1, 9, 15 y 23 de febrero a las 17:30. Para ver m\u00e1s informaci\u00f3n y descargar el programa completo,\u00a0<a href=\"https:\/\/wilpf.es\/wp-content\/uploads\/2022\/01\/itinerario-formativo-wilpf-y-el-feminismo-pacifista-1.pdf\">pincha aqu\u00ed.<\/a><\/p>\n\n\n\n<figure class=\"wp-block-image size-full\"><a href=\"https:\/\/redsemlac.com\/semmexico\/wp-content\/uploads\/2022\/01\/paz-y-no-violencia-05.jpg\"><img loading=\"lazy\" decoding=\"async\" width=\"750\" height=\"750\" src=\"https:\/\/redsemlac.com\/semmexico\/wp-content\/uploads\/2022\/01\/paz-y-no-violencia-05.jpg\" alt=\"\" class=\"wp-image-44899\"\/><\/a><\/figure>\n\n\n\n<p class=\"wp-block-paragraph\">\u201cLa radicalidad feminista implica una visi\u00f3n pacifista de la pol\u00edtica. M\u00e1s a\u00fan: todas las feministas son pacifistas, aunque no todas las mujeres lo sean, porque el pacifismo es una posici\u00f3n activa y rebelde frente a la m\u00e1s patriarcal y conservadora de las actitudes sociales y pol\u00edticas: la guerra\u201d, defiende la feminista Francisca Gargallo. El pacifismo es un movimiento que nace del feminismo, porque utiliza las redes que ten\u00eda creadas el sufragismo como movimiento internacional para organizar el congreso de La Haya de abril de 1915. Una de las grandes aportaciones de las mujeres a la Primera Guerra Mundial fue crear la Liga Internacional de Mujeres por la Paz y la Libertad. Por eso, el pacifismo es claramente un hijo del feminismo de primera ola.<\/p>\n\n\n\n<p class=\"wp-block-paragraph\">Foto: archivo AmecoPress<\/p>\n","protected":false},"excerpt":{"rendered":"<p>El D\u00eda Escolar de la Paz y la No Violencia se celebra el domingo 30 de enero de 2022 en un contexto de preocupaci\u00f3n por la escalada de tensi\u00f3n que se est\u00e1 viviendo en Ucrania entre Rusia y la OTAN.<\/p>\n","protected":false},"author":3,"featured_media":44894,"comment_status":"open","ping_status":"open","sticky":false,"template":"","format":"standard","meta":{"_monsterinsights_skip_tracking":false,"footnotes":""},"categories":[693,53],"tags":[],"class_list":["post-44893","post","type-post","status-publish","format-standard","has-post-thumbnail","category-693","category-internacional"],"_links":{"self":[{"href":"https:\/\/redsemlac.com\/semmexico\/wp-json\/wp\/v2\/posts\/44893","targetHints":{"allow":["GET"]}}],"collection":[{"href":"https:\/\/redsemlac.com\/semmexico\/wp-json\/wp\/v2\/posts"}],"about":[{"href":"https:\/\/redsemlac.com\/semmexico\/wp-json\/wp\/v2\/types\/post"}],"author":[{"embeddable":true,"href":"https:\/\/redsemlac.com\/semmexico\/wp-json\/wp\/v2\/users\/3"}],"replies":[{"embeddable":true,"href":"https:\/\/redsemlac.com\/semmexico\/wp-json\/wp\/v2\/comments?post=44893"}],"version-history":[{"count":0,"href":"https:\/\/redsemlac.com\/semmexico\/wp-json\/wp\/v2\/posts\/44893\/revisions"}],"wp:featuredmedia":[{"embeddable":true,"href":"https:\/\/redsemlac.com\/semmexico\/wp-json\/wp\/v2\/media\/44894"}],"wp:attachment":[{"href":"https:\/\/redsemlac.com\/semmexico\/wp-json\/wp\/v2\/media?parent=44893"}],"wp:term":[{"taxonomy":"category","embeddable":true,"href":"https:\/\/redsemlac.com\/semmexico\/wp-json\/wp\/v2\/categories?post=44893"},{"taxonomy":"post_tag","embeddable":true,"href":"https:\/\/redsemlac.com\/semmexico\/wp-json\/wp\/v2\/tags?post=44893"}],"curies":[{"name":"wp","href":"https:\/\/api.w.org\/{rel}","templated":true}]}}