{"id":4483,"date":"2017-08-23T02:03:38","date_gmt":"2017-08-23T02:03:38","guid":{"rendered":"https:\/\/redsemlac.com\/semmexico\/?p=4483"},"modified":"2023-07-21T14:24:37","modified_gmt":"2023-07-21T19:24:37","slug":"censura-y-autocensura-a-la-expresion-politica","status":"publish","type":"post","link":"https:\/\/redsemlac.com\/semmexico\/censura-y-autocensura-a-la-expresion-politica\/","title":{"rendered":"Censura y autocensura a la expresi\u00f3n pol\u00edtica"},"content":{"rendered":"\n<p class=\"wp-block-paragraph\">Textura violeta<\/p>\n\n\n\n<h5 class=\"wp-block-heading\"> Se calcula que cada tres d\u00edas muere una mujer a manos de su pareja en Bolivia<\/h5>\n\n\n\n<p class=\"wp-block-paragraph\"><a href=\"https:\/\/semmexico.com\/gallery-post.php?id=2732#\">Drina Ergueta<\/a><\/p>\n\n\n\n<p class=\"wp-block-paragraph\">SemM\u00e9xico, Bolivia, 23 agosto 2017.- La recomendaci\u00f3n que se suele dar en ciertos c\u00edrculos o en ciertos tipos de relaci\u00f3n donde no se deben generar fricciones, es no hablar de pol\u00edtica, de religi\u00f3n ni de f\u00fatbol; sin embargo, en Bolivia solemos pasar por alto el consejo y procedemos entrar de lleno en estos asuntos de manera a veces vehemente. Quiz\u00e1s por eso, ahora voy a hablar de pol\u00edtica.<br><br>Hace pocas semanas, tras escuchar detenidamente el discurso que el presidente de gobierno Evo Morales dio durante el acto de la fecha patria, 6 de agosto, hubo el comentario: \u201cEvo no habl\u00f3 de g\u00e9nero (o sea violencia contra las mujeres, derechos o igualdad, entre otros)\u201d, la respuesta inmediata de alguien que se supone con sensibilidad social fue: \u201cPor favor, eso ahora no corresponde\u201d. A eso sigui\u00f3 una discusi\u00f3n inevitable.<br><br>En su discurso, Morales record\u00f3 los avances para el pa\u00eds logrados en su gesti\u00f3n: el crecimiento econ\u00f3mico, el mayor y m\u00e1s constante entre los pa\u00edses de Latinoam\u00e9rica; la reducci\u00f3n de la extrema pobreza y el crecimiento de la clase media; la reducci\u00f3n de las hect\u00e1reas de plantaciones de hoja de coca; la construcci\u00f3n de carreteras, entre otros.&nbsp;<br><br>Justamente la construcci\u00f3n de carreteras, que uso como ejemplo, es algo notorio para quien vive fuera de Bolivia y a\u00f1o con a\u00f1o llega de visita, aunque deber\u00eda serlo especialmente para quien vive en Bolivia y las transita. Carreteras, algo que no se hizo en gestiones anteriores y que cuando se hac\u00edan los pocos kil\u00f3metros construidos eran motivo de constante sobreprecio como es el caso de Cotapata-Santa B\u00e1rbara. Hoy est\u00e1 la doble v\u00eda La Paz-Oruro y hacia Cochabamba, tambi\u00e9n la que va hacia el lago Tititcaca, los tramos pavimentados en muchas rutas de este extenso pa\u00eds, como entre Yucumo y Rurrenebaque, entre otros. Hay inversi\u00f3n en infraestructura camionera como nunca antes.<br><br>El crecimiento econ\u00f3mico y la reducci\u00f3n de la pobreza es algo reconocido por organismos internacionales, bajo sus par\u00e1metros (que se pueden cuestionar) y no son tan zonzos como para hacerse enga\u00f1ar\u2026 A estas alturas pasar\u00e1 con alguien que lea, como pasa cuando la relaci\u00f3n es personal y en conversaci\u00f3n, que surgen cuestionamientos, cr\u00edticas y a ratos tensi\u00f3n porque para algunas personas todo lo que ha hecho este gobierno est\u00e1 mal. Entonces se cambia de tema, se vuelve a la recomendaci\u00f3n mentada, aunque es probable que ya no haya la cita para esa sopita de man\u00ed que se hab\u00eda planificado con entusiasmo anteriormente.&nbsp;<br><br>Pero tambi\u00e9n hay asuntos que criticar: la corrupci\u00f3n, hasta hoy el fracaso en resolver la podredumbre en la justicia o el no garantizar una atenci\u00f3n en salud adecuada a la poblaci\u00f3n, como algunos temas relevantes. Comentar esto vale perder amigos en el \u201cfeisbuc\u201d que son afines al gobierno. Una buena ciudadan\u00eda debe ser cr\u00edtica y no dogm\u00e1tica a favor o en contra.<br><br>A esta demanda de autocensura para conservar relaciones en buenos t\u00e9rminos se suma, por lo visto, que es mejor no hablar de los derechos de las mujeres. Punto que Morales no toc\u00f3 en su discurso, aspecto que, es probable que, para sus seguidores y detractores, no sea necesario mencionar en un discurso de evaluaci\u00f3n de gesti\u00f3n durante la fecha patria.&nbsp;<br><br>\u00bfPor qu\u00e9 el crecimiento econ\u00f3mico, la reducci\u00f3n de la pobreza, la construcci\u00f3n de carreteras, la corrupci\u00f3n, la salud o la justicia son asuntos relevantes y la violencia contra las mujeres no? Se calcula que cada tres d\u00edas muere una mujer a manos de su pareja en Bolivia, en 11 a\u00f1os de gobierno son alrededor de 1.300 mujeres asesinadas de diversas formas crueles. Ese \u00edndice social es uno de los m\u00e1s altos en el planeta.<br><br>Pero no s\u00f3lo es la violencia y su resultado en feminicidios, es toda una estructura que posterga a las mujeres en su desarrollo profesional y personal, que le pone trabas a tener espacios de poder p\u00fablicos.&nbsp;<br><br>Poner fin a la violencia y garantizar la igualdad de condiciones entre g\u00e9neros, tanto en derechos como en responsabilidades y obligaciones, requiere de pol\u00edticas de estado que deber\u00edan estar mencionadas en cualquier discurso como el dado por Morales el pasado 6 de agosto. Hablar de mujeres en ese sentido, de g\u00e9nero, es un asunto pol\u00edtico y en eso este gobierno (y la oposici\u00f3n) siguen siendo como m\u00ednimo miopes.<\/p>\n","protected":false},"excerpt":{"rendered":"<p>Textura violeta Se calcula que cada tres d\u00edas muere una mujer a manos de su pareja en Bolivia Drina Ergueta SemM\u00e9xico, Bolivia, 23 agosto 2017.- La recomendaci\u00f3n que se suele dar en ciertos c\u00edrculos o en ciertos tipos de relaci\u00f3n donde no se deben generar fricciones, es no hablar de pol\u00edtica, de religi\u00f3n ni de [&hellip;]<\/p>\n","protected":false},"author":3,"featured_media":4478,"comment_status":"open","ping_status":"open","sticky":false,"template":"","format":"standard","meta":{"_monsterinsights_skip_tracking":false,"footnotes":""},"categories":[687,77,1],"tags":[],"class_list":["post-4483","post","type-post","status-publish","format-standard","has-post-thumbnail","category-687","category-drina-ergueta","category-uncategorized"],"_links":{"self":[{"href":"https:\/\/redsemlac.com\/semmexico\/wp-json\/wp\/v2\/posts\/4483","targetHints":{"allow":["GET"]}}],"collection":[{"href":"https:\/\/redsemlac.com\/semmexico\/wp-json\/wp\/v2\/posts"}],"about":[{"href":"https:\/\/redsemlac.com\/semmexico\/wp-json\/wp\/v2\/types\/post"}],"author":[{"embeddable":true,"href":"https:\/\/redsemlac.com\/semmexico\/wp-json\/wp\/v2\/users\/3"}],"replies":[{"embeddable":true,"href":"https:\/\/redsemlac.com\/semmexico\/wp-json\/wp\/v2\/comments?post=4483"}],"version-history":[{"count":0,"href":"https:\/\/redsemlac.com\/semmexico\/wp-json\/wp\/v2\/posts\/4483\/revisions"}],"wp:featuredmedia":[{"embeddable":true,"href":"https:\/\/redsemlac.com\/semmexico\/wp-json\/wp\/v2\/media\/4478"}],"wp:attachment":[{"href":"https:\/\/redsemlac.com\/semmexico\/wp-json\/wp\/v2\/media?parent=4483"}],"wp:term":[{"taxonomy":"category","embeddable":true,"href":"https:\/\/redsemlac.com\/semmexico\/wp-json\/wp\/v2\/categories?post=4483"},{"taxonomy":"post_tag","embeddable":true,"href":"https:\/\/redsemlac.com\/semmexico\/wp-json\/wp\/v2\/tags?post=4483"}],"curies":[{"name":"wp","href":"https:\/\/api.w.org\/{rel}","templated":true}]}}