{"id":44794,"date":"2022-01-27T11:36:05","date_gmt":"2022-01-27T17:36:05","guid":{"rendered":"https:\/\/redsemlac.com\/semmexico\/?p=44794"},"modified":"2023-07-21T18:57:38","modified_gmt":"2023-07-21T23:57:38","slug":"entresemana-no-os-encabroneis-andres-manuel","status":"publish","type":"post","link":"https:\/\/redsemlac.com\/semmexico\/entresemana-no-os-encabroneis-andres-manuel\/","title":{"rendered":"ENTRESEMANA | No os encabron\u00e9is, Andr\u00e9s Manuel"},"content":{"rendered":"\n<p class=\"wp-block-paragraph\"><strong>Mois\u00e9s S\u00e1nchez Lim\u00f3n<\/strong><\/p>\n\n\n\n<p class=\"wp-block-paragraph\">SemM\u00e9xico, Cd. de M\u00e9xico, 27 de enero, 2022.- Es posible que se escandalicen las buenas conciencias y las mentes oficiosas porque, \u00a1caray!, Su Alteza Seren\u00edsima Andr\u00e9s Manuel I podr\u00e1 molestarse, incomodarse, pero\u2026 \u00bfencabronarse?<\/p>\n\n\n\n<p class=\"wp-block-paragraph\">\u00a1No!, imposible que el hijo pr\u00f3digo de Macuspana llegue a ese extremo. Pero\u2026 \u00bfser\u00e1 por la calor?<\/p>\n\n\n\n<p class=\"wp-block-paragraph\">Resulta que, antes de que entre en vigor esa barbaridad propuesta por el ministro Juan Luis Gonz\u00e1lez Alc\u00e1ntara Carranc\u00e1 y aprobada en la Primera Sala de la Suprema Corte de Justicia de la Naci\u00f3n, de distinguir al aire&nbsp;las noticias de las opiniones o juicios de valor, la colega Roc\u00edo Jardinez provoc\u00f3 el encabronamiento del licenciado presidente por el tema de los periodistas asesinados, la alusi\u00f3n a su cuaderno Jaime Bonilla Valdez y el rechazo al aspirante a diplom\u00e1tico Pedro Salmer\u00f3n.<\/p>\n\n\n\n<p class=\"wp-block-paragraph\">Roc\u00edo es periodista profesional, trabaja para TeleUrban y W Radio, es decir, no pertenece a la barra mercenaria y destaca por su puntual tarea que, por supuesto, no gust\u00f3 al Duce en la ma\u00f1anera de media semana.<\/p>\n\n\n\n<p class=\"wp-block-paragraph\">Roc\u00edo record\u00f3 al licenciado presidente las cifras relacionadas con los feminicidios y su incremento en lo que va de su gobierno; le refiri\u00f3 a las principales entidades en las que hay feminicidios, el Estado de M\u00e9xico en primer lugar, Veracruz, Jalisco, Nuevo Le\u00f3n y la Ciudad de M\u00e9xico.<\/p>\n\n\n\n<p class=\"wp-block-paragraph\">\u00bfUsted ha tenido comunicaci\u00f3n con los gobernadores sobre este asunto? \u00bfY hasta d\u00f3nde llega la responsabilidad de ellos?, pregunt\u00f3 Jardines<\/p>\n\n\n\n<p class=\"wp-block-paragraph\">Su Alteza Seren\u00edsima le respondi\u00f3 inc\u00f3modo y con una vaguedad. \u201cAyudan todos, autoridades locales, los gobernadores y desde luego el gobierno federal, y la secretaria de Seguridad P\u00fablica, Rosa Icela Rodr\u00edguez\u201d.<\/p>\n\n\n\n<p class=\"wp-block-paragraph\">\u00bfEn serio ayudan todos? \u00bfAyuda la consentida Claudia Sheinbaum y el consentido Cuitl\u00e1huac Garc\u00eda? Los n\u00fameros dicen lo contrario. Por lo menos Alfredo del Mazo tiene rubor y admite la realidad y se compromete a talachear en el caso. \u00bfY el nuevoleon\u00e9s Samuel Garc\u00eda Sep\u00falveda?<\/p>\n\n\n\n<p class=\"wp-block-paragraph\">Pero, pero. Andr\u00e9s Manuel blofe\u00f3 por en\u00e9sima ocasi\u00f3n y ech\u00f3 el rollo por delante. \u201cEntonces, dijo, vamos nosotros a seguir garantizando la seguridad, la paz, es nuestro trabajo, y hacemos todo. No somos indolentes, tenemos convicciones, tenemos principios, sobre todo somos humanistas y no le damos la espalda a los dolores de los semejantes, del pr\u00f3jimo, a los dolores de la humanidad\u201d.<\/p>\n\n\n\n<p class=\"wp-block-paragraph\">La colega Roc\u00edo Jard\u00ednez no se qued\u00f3 quieta e insisti\u00f3 y le peg\u00f3 donde le duele. Por supuesto, el Duce se encabron\u00f3. Disculpe si abuso de textos literales. Lea usted.<\/p>\n\n\n\n<p class=\"wp-block-paragraph\">\u201cEn este asunto de nuestra compa\u00f1era Lourdes Maldonado, asesinada, el d\u00eda de ayer usted nos comentaba que ella no se apeg\u00f3 a esta protecci\u00f3n que da la naci\u00f3n, el gobierno federal. \u00bfEsta fue una decisi\u00f3n de ella?, primera pregunta.<\/p>\n\n\n\n<p class=\"wp-block-paragraph\">\u201cY tambi\u00e9n, se anunci\u00f3 ya por la noche, se envi\u00f3 un grupo especial de investigaci\u00f3n para esclarecer el caso tanto de Lourdes como tambi\u00e9n del compa\u00f1ero Margarito all\u00e1 en Baja California. \u00bfSe ha puesto la posibilidad de llamar al exgobernador Jaime Bonilla? \u00c9l ha dicho que est\u00e1 deslindado de este asunto, est\u00e1 disponible, pero \u00bfqu\u00e9 consideran ustedes?, \u00bfs\u00ed ser\u00eda necesario hablar con \u00e9l?<\/p>\n\n\n\n<p class=\"wp-block-paragraph\">\u201cY tambi\u00e9n pues saber de parte de usted si a\u00fan existe esta posibilidad de que \u00e9l se una a su gobierno, como usted lo hab\u00eda dicho en el mes de diciembre, que no se descartaba esta posibilidad y que nada m\u00e1s quedaba la opini\u00f3n de \u00e9l, que se estaba dando sus tiempos\u201d, pregunt\u00f3 Roc\u00edo. \u00a1Sopas!<\/p>\n\n\n\n<p class=\"wp-block-paragraph\">&#8211;S\u00ed, miren \u2013respondi\u00f3 Andr\u00e9s Manuel&#8211;, vamos a cumplir con el compromiso de hacer una investigaci\u00f3n a fondo, ya inici\u00f3 esta investigaci\u00f3n y les vamos a ir informando peri\u00f3dicamente, siempre y cuando no nos afecte en el avance del conocimiento sobre las posibles causas, los m\u00f3viles, los responsables, los autores intelectuales, materiales, todo esto, pero ya estamos trabajando.<\/p>\n\n\n\n<p class=\"wp-block-paragraph\">Y sobre lo otro, yo quisiera decir que no hay impunidad, pero que al mismo tiempo no hagamos politiquer\u00eda en un asunto tan serio.<\/p>\n\n\n\n<p class=\"wp-block-paragraph\">\u00bfPolitiquer\u00eda? El mismo pretexto para deslindarse. Pero la colega Jard\u00ednez le record\u00f3 que la misma Lourdes Maldonado se\u00f1alaba a Jaime Bonilla<\/p>\n\n\n\n<p class=\"wp-block-paragraph\">&#8211;S\u00ed, pero todos van a ser investigados, los que considere la autoridad, no hay impunidad\u2014dijo Su Alteza Seren\u00edsima con abierta incomodidad e incluso pidi\u00f3 \u201cY no adelantarnos, o sea, no hacer juicios sumarios, tener confianza en que no se protege a nadie, ya no es el tiempo de antes. Ayer lo dije, no somos iguales, lo voy a repetir, ahora la secretaria de Seguridad es Rosa Icela Rodr\u00edguez, no es Garc\u00eda Luna. Y esto lo digo as\u00ed y hasta ofrezco disculpas porque los conservadores se aprovechan de estas circunstancias y andan&nbsp;<em>zopiloteando\u201d<\/em>.<\/p>\n\n\n\n<p class=\"wp-block-paragraph\">\u00a1Ah, caray! Otra vez los conservadores que andan&nbsp;<em>zopiloteando<\/em>. \u00bfProtestar y demandar justicia y seguridad para el ejercicio del periodismo y respeto a la libertad de expresi\u00f3n es zopilotear?<\/p>\n\n\n\n<p class=\"wp-block-paragraph\">Bueno, bueno.<\/p>\n\n\n\n<p class=\"wp-block-paragraph\">No cabe duda de que Andr\u00e9s Manuel I andaba con&nbsp;<em>la calor elevada<\/em>&nbsp;y, como cita la alcaldesa de Acapulco, Abelina L\u00f3pez Rodr\u00edguez, pos eso le altera el \u00e1nimo. Y conste que la porte\u00f1a fundament\u00f3 su dicho.<\/p>\n\n\n\n<p class=\"wp-block-paragraph\">El punto es que, para apisonar su oferta de que se investigar\u00e1n los homicidios de periodistas sin venir al caso le dio el en\u00e9simo rasp\u00f3n a Claudio X Gonz\u00e1lez y al diario Reforma con aquello de que manejaban notas denigrando a los maestros. Pero\u2026<\/p>\n\n\n\n<p class=\"wp-block-paragraph\">&#8211;\u00bfY ya despu\u00e9s ver\u00e1 la posibilidad de Jaime Bonilla en su gabinete? \u2014insisti\u00f3 Roc\u00edo.<\/p>\n\n\n\n<p class=\"wp-block-paragraph\">&#8211;S\u00ed, pero eso es otro asunto\u2014pretendi\u00f3 eludir el licenciado Andr\u00e9s Manuel.<\/p>\n\n\n\n<p class=\"wp-block-paragraph\">\u201c\u00bfPor qu\u00e9 ahora hablar de eso?\u201d, cuestion\u00f3 y, adujo francamente molesto, \u201ces como el caso del historiador Pedro Salmer\u00f3n, que manda una carta, dice la canciller de Panam\u00e1, a la canciller\u00eda de M\u00e9xico. \u00bfY ya entonces van a haber tribunales como los de la Inquisici\u00f3n, nada m\u00e1s porque hay denuncias de sectores si no se act\u00faa de conformidad con la ley?\u201d<\/p>\n\n\n\n<p class=\"wp-block-paragraph\">Quiso llevar el punto hacia sus conocimientos de historia, pero Roc\u00edo lo ataj\u00f3:<\/p>\n\n\n\n<p class=\"wp-block-paragraph\">&#8211;\u00bfY qu\u00e9 le respondieron a Panam\u00e1, presidente?<\/p>\n\n\n\n<p class=\"wp-block-paragraph\">El licenciado presidente se sigui\u00f3 de corrido en la referencia a un libro del general Omar Torrijos.<\/p>\n\n\n\n<p class=\"wp-block-paragraph\">&#8211;\u00bfQu\u00e9 ped\u00eda Panam\u00e1? \u2014insisti\u00f3 Roc\u00edo y no cay\u00f3 en la trampa y oblig\u00f3 a mentir a L\u00f3pez Obrador-<\/p>\n\n\n\n<p class=\"wp-block-paragraph\">\u201cNo s\u00e9, no s\u00e9, pero lo que quiero decir es: si no hay denuncias penales\u2026\u201d<\/p>\n\n\n\n<p class=\"wp-block-paragraph\">&#8211;\u00bfPero lo rechazaron, a Salmer\u00f3n?<\/p>\n\n\n\n<p class=\"wp-block-paragraph\">&#8211;No sabemos, o sea, no conozco la carta, pues. Pero no creo yo que por las denuncias que tienen que ver con el ITAM y que tienen que ver tambi\u00e9n con la postura del conservadurismo, no tengo duda de eso\u2014minti\u00f3 y volvi\u00f3 a mentir Su Alteza Seren\u00edsima.<\/p>\n\n\n\n<p class=\"wp-block-paragraph\">&#8211;Pero no le negaron benepl\u00e1cito, presidente.<\/p>\n\n\n\n<p class=\"wp-block-paragraph\">&#8211;\u00bfMande?<\/p>\n\n\n\n<p class=\"wp-block-paragraph\">&#8211;No le negaron el benepl\u00e1cito a Salmer\u00f3n.<\/p>\n\n\n\n<p class=\"wp-block-paragraph\">&#8211;Es que no s\u00e9 qu\u00e9 cosa es lo que plantean. No, ese es un procedimiento, no se ha enviado todav\u00eda, o sea, la solicitud. Me llam\u00f3 la atenci\u00f3n de que ya est\u00e9 respondiendo. \u00bfD\u00f3nde est\u00e1n las\u2026?<\/p>\n\n\n\n<p class=\"wp-block-paragraph\">&#8211;Claro, falta el Senado.<\/p>\n\n\n\n<p class=\"wp-block-paragraph\">&#8211;Claro, primero es el benepl\u00e1cito y luego pasa al Senado, pero es un procedimiento. Entonces, \u00bfc\u00f3mo por adelantado? Es que, pues el conservadurismo es as\u00ed, no les gusta alguien y a darle fuerte, a darle fuerte. Y los medios, el&nbsp;<em>Reforma<\/em>, se meti\u00f3 hasta con la familia de Pedro.<\/p>\n\n\n\n<p class=\"wp-block-paragraph\">&#8211;Pero \u00bfno ser\u00e1 necesario reconsiderar, presidente?<\/p>\n\n\n\n<p class=\"wp-block-paragraph\">&#8211;No, porque nosotros consideramos que es una persona capaz (\u2026) &#8211;terque\u00f3 el licenciado presidente y esgrimi\u00f3 ejemplos simplistas. Por ejemplo, argument\u00f3:<\/p>\n\n\n\n<p class=\"wp-block-paragraph\">\u00bfQu\u00e9, no debe de haber cierto respeto? \u00bfQu\u00e9 acaso cuando se presentan cosas de due\u00f1os de medios de comunicaci\u00f3n, de sus familiares, en lo que corresponde a nosotros, nos metemos? No, no, por \u00e9tica, por respeto\u201d.<\/p>\n\n\n\n<p class=\"wp-block-paragraph\">El encabronamiento presidencial fue de tal nivel que, cuando Roc\u00edo le refiri\u00f3 que, el comit\u00e9 de expertos de la OMS ya recomend\u00f3 la semana pasada vacunar a menores de cinco a 11 a\u00f1os con dosis de 10 microgramos de Pfizer para combatir el coronavirus, y le pidi\u00f3 saber si M\u00e9xico va a aceptar esta recomendaci\u00f3n, si va a participar y si el sector privado se ha manifestado con \u00e9l interesado para vender vacunas, el licenciado L\u00f3pez Obrador dijo que \u201cs\u00ed, nada m\u00e1s que tenemos que ver si eso fue lo que recomend\u00f3 la Organizaci\u00f3n Mundial de la Salud, porque yo tengo la informaci\u00f3n de los responsables del sector salud de nuestro pa\u00eds que sostienen incluso lo opuesto\u201d. En serio, no se r\u00eda. Ha pasado una semana y el doctor Jorge Alcocer no le ha informado. \u00bfY la eminencia L\u00f3pez-Gatell?<\/p>\n\n\n\n<p class=\"wp-block-paragraph\">Hay enojo en Palacio Nacional y \u00e9ste se contagia. \u00bfSer\u00e1 por la calor? Y es que hasta el&nbsp;<strong><em>g\u00f3ber favorito<\/em><\/strong>, don Cuitl\u00e1huac Garc\u00eda se ha manifestado como la revelaci\u00f3n del sabelotodo y dicta c\u00e1tedra a los senadores Dante Delgado y Ricardo Monreal. Hasta amaga con demandarlos por haber osado crear una comisi\u00f3n especial para investigar sus barbaridades legaloides.<\/p>\n\n\n\n<p class=\"wp-block-paragraph\">Y la bachiller Ana Elizabeth Garc\u00eda Vilchis tambi\u00e9n apareci\u00f3 afectada por la calor que dice la alcaldesa porte\u00f1a Abelina L\u00f3pez Rodr\u00edguez afecta los estados de \u00e1nimo.<\/p>\n\n\n\n<p class=\"wp-block-paragraph\">Resulta que, de acuerdo con la bachiller Garc\u00eda Vilchis, en la ruta del Tren Maya se \u201ctrasplantaron\u201d 20 mil \u00e1rboles, no se talaron. En serio.<\/p>\n\n\n\n<p class=\"wp-block-paragraph\">Y la revista EmeEquis minti\u00f3 porque no se regalaron a Cuba 200 ventiladores producidos por el Conacyt. \u00a1No! \u201cSe donaron 50 ventiladores G\u00e4tsi y 150 Eh\u00e9catl 4T en agosto de 2021\u201d, fabricados por el Conacyt. Pinchis periodistas mentirosos. He ah\u00ed la claridad del licenciado presidente y la bachiller. \u00a1Tengan para que aprendan! Digo.<\/p>\n\n\n\n<p class=\"wp-block-paragraph\"><a href=\"mailto:sanchezlimon@gmail.com\" target=\"_blank\" rel=\"noreferrer noopener\">sanchezlimon@gmail.com<\/a>&nbsp;&nbsp;<a href=\"http:\/\/www.entresemana.mx\/\" target=\"_blank\" rel=\"noreferrer noopener\">www.entresemana.mx<\/a>&nbsp;&nbsp;<strong>@msanchezlimon&nbsp;&nbsp; @msanchezlimon1<\/strong><\/p>\n","protected":false},"excerpt":{"rendered":"<p>Mois\u00e9s S\u00e1nchez Lim\u00f3n SemM\u00e9xico, Cd. de M\u00e9xico, 27 de enero, 2022.- Es posible que se escandalicen las buenas conciencias y las mentes oficiosas porque, \u00a1caray!, Su Alteza Seren\u00edsima Andr\u00e9s Manuel I podr\u00e1 molestarse, incomodarse, pero\u2026 \u00bfencabronarse? \u00a1No!, imposible que el hijo pr\u00f3digo de Macuspana llegue a ese extremo. Pero\u2026 \u00bfser\u00e1 por la calor? Resulta que, [&hellip;]<\/p>\n","protected":false},"author":3,"featured_media":41799,"comment_status":"open","ping_status":"open","sticky":false,"template":"","format":"standard","meta":{"_monsterinsights_skip_tracking":false,"footnotes":""},"categories":[693,105,83,35],"tags":[],"class_list":["post-44794","post","type-post","status-publish","format-standard","has-post-thumbnail","category-693","category-entresemana","category-moises-sanchez-limon","category-opinion"],"_links":{"self":[{"href":"https:\/\/redsemlac.com\/semmexico\/wp-json\/wp\/v2\/posts\/44794","targetHints":{"allow":["GET"]}}],"collection":[{"href":"https:\/\/redsemlac.com\/semmexico\/wp-json\/wp\/v2\/posts"}],"about":[{"href":"https:\/\/redsemlac.com\/semmexico\/wp-json\/wp\/v2\/types\/post"}],"author":[{"embeddable":true,"href":"https:\/\/redsemlac.com\/semmexico\/wp-json\/wp\/v2\/users\/3"}],"replies":[{"embeddable":true,"href":"https:\/\/redsemlac.com\/semmexico\/wp-json\/wp\/v2\/comments?post=44794"}],"version-history":[{"count":0,"href":"https:\/\/redsemlac.com\/semmexico\/wp-json\/wp\/v2\/posts\/44794\/revisions"}],"wp:featuredmedia":[{"embeddable":true,"href":"https:\/\/redsemlac.com\/semmexico\/wp-json\/wp\/v2\/media\/41799"}],"wp:attachment":[{"href":"https:\/\/redsemlac.com\/semmexico\/wp-json\/wp\/v2\/media?parent=44794"}],"wp:term":[{"taxonomy":"category","embeddable":true,"href":"https:\/\/redsemlac.com\/semmexico\/wp-json\/wp\/v2\/categories?post=44794"},{"taxonomy":"post_tag","embeddable":true,"href":"https:\/\/redsemlac.com\/semmexico\/wp-json\/wp\/v2\/tags?post=44794"}],"curies":[{"name":"wp","href":"https:\/\/api.w.org\/{rel}","templated":true}]}}