{"id":44750,"date":"2022-01-26T15:38:52","date_gmt":"2022-01-26T21:38:52","guid":{"rendered":"https:\/\/redsemlac.com\/semmexico\/?p=44750"},"modified":"2023-07-21T18:57:39","modified_gmt":"2023-07-21T23:57:39","slug":"mas-de-82-periodistas-en-riesgo-riesgo-en-el-estado-de-veracruz-ceapp","status":"publish","type":"post","link":"https:\/\/redsemlac.com\/semmexico\/mas-de-82-periodistas-en-riesgo-riesgo-en-el-estado-de-veracruz-ceapp\/","title":{"rendered":"M\u00e1s de 82 periodistas en \u201criesgo riesgo\u201d en el Estado de Veracruz: CEAPP"},"content":{"rendered":"\n<ul class=\"wp-block-list\"><li><strong>En 2021 de 11 de alto riesgo, 52 moderado y preventivo m\u00e1s otros 30 con expedientes<\/strong><\/li><li><strong>Informa de los casos Israel Hern\u00e1ndez Sosa, secretario t\u00e9cnico de la Comisi\u00f3n Estatal<\/strong><\/li><\/ul>\n\n\n\n<p class=\"wp-block-paragraph\"><strong>Livia D\u00edaz<\/strong><\/p>\n\n\n\n<p class=\"wp-block-paragraph\">SemM\u00e9xico\/BillieParkerNoticias, Xalapa, Ver., 26 de enero, 2022.- &#8211; En situaciones de riesgo hay periodistas en varios niveles, inform\u00f3 Israel Hern\u00e1ndez Sosa, secretario t\u00e9cnico de la Comisi\u00f3n Estatal para La Atenci\u00f3n y Protecci\u00f3n de Los Periodistas (Ceapp).<\/p>\n\n\n\n<p class=\"wp-block-paragraph\">\u201cEn el 2021 atendimos a 11 de alto riesgo, moderado y preventivo y los de riesgo fueron 52 compa\u00f1eros, m\u00e1s otros 30 con expedientes o que, hab\u00edan sido incorporados en a\u00f1os pasados y que requirieron implementarse medidas de protecci\u00f3n. En total 82<\/p>\n\n\n\n<p class=\"wp-block-paragraph\">Explic\u00f3 que hay implementadas medidas de prevenci\u00f3n en diferentes \u00e1mbitos de acompa\u00f1amiento policial preventivo, de funciones tecnol\u00f3gicas para periodistas, asesor\u00eda jur\u00eddica, monitoreo y en algunos casos hemos intervenido de manera institucional cuando se trata de un servidor p\u00fablico, el responsable, para prevenir que esto no escale a una agresi\u00f3n mayor.<\/p>\n\n\n\n<p class=\"wp-block-paragraph\">Este a\u00f1o incorporado 20 y se pretende llegar a m\u00e1s. Aunque es insuficiente el recurso disponible para la protecci\u00f3n de los periodistas en el Estado de Veracruz, dijo \u201cImag\u00ednate un estado con m\u00e1s de mil periodistas, y con regiones muy diferentes unas de otras\u2026 Eso implica, por ejemplo, moverse a todo el estado, as\u00ed que lo que hacemos es eficientar el recurso, transparentarlo, hacerlo mucho m\u00e1s y que vaya mejorando el trabajo en este sentido.\u201d<\/p>\n\n\n\n<p class=\"wp-block-paragraph\">El funcionario estar\u00e1 el jueves compareciendo en el Congreso para dar cuentas de lo realizado por Ceapp en el \u00faltimo a\u00f1o. Entre otras cosas coment\u00f3 extra\u00f1ado que a los medios no se les invita a esto que debiera ser de su mayor inter\u00e9s por lo que dijo que los interesados en asistir pueden dirigirse a la instituci\u00f3n a inscribirse ya que el aforo estar\u00e1 controlado por la medida sanitaria ante la pandemia.<\/p>\n\n\n\n<p class=\"wp-block-paragraph\"><strong>UN D\u00cdA INOLVIDABLE<\/strong><\/p>\n\n\n\n<p class=\"wp-block-paragraph\">Este martes en M\u00e9xico hay una jornada de manifestaciones de las que la ciudad de Xalapa y otras del estado \u201cy es el que con m\u00e1s ciudades sumaron a esta movilizaci\u00f3n nacional\u201d continu\u00f3 diciendo Hern\u00e1ndez Sosa.<\/p>\n\n\n\n<p class=\"wp-block-paragraph\">El terru\u00f1o tiene periodistas amenazados, perseguidos y como lo ha dicho, con protecci\u00f3n tanto preventiva como polic\u00edaca.<\/p>\n\n\n\n<p class=\"wp-block-paragraph\">Dijo que el gremio fue afectado con el asesinato del colega Jos\u00e9 Luis Gamboa Arenas \u201cestamos interesados en coadyuvar y preocupados por las condiciones en que se realiza el periodismo. El oficio reporteril no solamente se cambia con buenas intenciones y creo que tenemos que cambiar la din\u00e1mica. Antes era una situaci\u00f3n muy reactiva, de estar apagando emergencias, de estar llegando a situaciones en donde ya las ten\u00edamos pr\u00e1cticamente hechas realidad, y lo que queremos ahora es prevenirles el riesgo a los compa\u00f1eros periodistas.\u201d<\/p>\n\n\n\n<p class=\"wp-block-paragraph\">\u201cHemos incrementado la cobertura territorial, en 2021 hicimos 380 viajes, comisiones de trabajo en el estado de Veracruz a visitar a los colegas con situaciones de riesgo y pudimos incorporar a 52 periodistas a los esquemas preventivos\u201d.<\/p>\n\n\n\n<p class=\"wp-block-paragraph\">En cuanto a lo que ha pasado a Gamboa Arenas, cont\u00f3 que fue un caso at\u00edpico en el que incluso su propia familia tard\u00f3 en enterarse de su situaci\u00f3n y en la que no se ten\u00eda conocimiento de si viv\u00eda una situaci\u00f3n de riesgo, y Ceapp tard\u00f3 en contactar a un colega suyo porque no ten\u00eda gran relaci\u00f3n con otros compa\u00f1eros en su lugar de residencia.<\/p>\n","protected":false},"excerpt":{"rendered":"<p>En 2021 de 11 de alto riesgo, 52 moderado y preventivo m\u00e1s otros 30 con expedientes<\/p>\n","protected":false},"author":3,"featured_media":44751,"comment_status":"open","ping_status":"open","sticky":false,"template":"","format":"standard","meta":{"_monsterinsights_skip_tracking":false,"footnotes":""},"categories":[693,55],"tags":[],"class_list":["post-44750","post","type-post","status-publish","format-standard","has-post-thumbnail","category-693","category-periodistas"],"_links":{"self":[{"href":"https:\/\/redsemlac.com\/semmexico\/wp-json\/wp\/v2\/posts\/44750","targetHints":{"allow":["GET"]}}],"collection":[{"href":"https:\/\/redsemlac.com\/semmexico\/wp-json\/wp\/v2\/posts"}],"about":[{"href":"https:\/\/redsemlac.com\/semmexico\/wp-json\/wp\/v2\/types\/post"}],"author":[{"embeddable":true,"href":"https:\/\/redsemlac.com\/semmexico\/wp-json\/wp\/v2\/users\/3"}],"replies":[{"embeddable":true,"href":"https:\/\/redsemlac.com\/semmexico\/wp-json\/wp\/v2\/comments?post=44750"}],"version-history":[{"count":0,"href":"https:\/\/redsemlac.com\/semmexico\/wp-json\/wp\/v2\/posts\/44750\/revisions"}],"wp:featuredmedia":[{"embeddable":true,"href":"https:\/\/redsemlac.com\/semmexico\/wp-json\/wp\/v2\/media\/44751"}],"wp:attachment":[{"href":"https:\/\/redsemlac.com\/semmexico\/wp-json\/wp\/v2\/media?parent=44750"}],"wp:term":[{"taxonomy":"category","embeddable":true,"href":"https:\/\/redsemlac.com\/semmexico\/wp-json\/wp\/v2\/categories?post=44750"},{"taxonomy":"post_tag","embeddable":true,"href":"https:\/\/redsemlac.com\/semmexico\/wp-json\/wp\/v2\/tags?post=44750"}],"curies":[{"name":"wp","href":"https:\/\/api.w.org\/{rel}","templated":true}]}}