{"id":44748,"date":"2022-01-26T15:34:50","date_gmt":"2022-01-26T21:34:50","guid":{"rendered":"https:\/\/redsemlac.com\/semmexico\/?p=44748"},"modified":"2023-07-21T18:57:39","modified_gmt":"2023-07-21T23:57:39","slug":"galeria-movilizaciones-de-periodistas-en-riesgo","status":"publish","type":"post","link":"https:\/\/redsemlac.com\/semmexico\/galeria-movilizaciones-de-periodistas-en-riesgo\/","title":{"rendered":"Galer\u00eda| Movilizaciones de Periodistas en Riesgo"},"content":{"rendered":"\n<h4 class=\"wp-block-heading\">Galer\u00eda fotograf\u00eda cortes\u00eda de la OEM<\/h4>\n\n\n\n<ul class=\"wp-block-list\"><li><strong>Miles, ellas y ellos, en todos los rincones dijeron \u00a1basta \u00a1Salieron en 37 ciudades y 28 estados de la rep\u00fablica, con una petici\u00f3n que esta ma\u00f1ana sum\u00f3 35 mil firmas!<\/strong><\/li><li><strong>S\u00ed a la justicia, s\u00ed a la libertad, s\u00ed al pluralismo, s\u00ed al di\u00e1logo y el respeto a la labor informativa.<\/strong><\/li><\/ul>\n\n\n\n<p class=\"wp-block-paragraph\">SemM\u00e9xico. 26 de enero 2022.- Fue una movilizaci\u00f3n hist\u00f3rica. La noche del martes 25 de enero reuni\u00f3 el gremio period\u00edstico de manera pac\u00edfica en lugares estrat\u00e9gicos de todo el pa\u00eds, en ciudades grandes y peque\u00f1as, en rincones inimaginables, para demandar justicia ante las terribles condiciones de violencia que se avivaron tras los primeros veintitr\u00e9s d\u00edas de lo que va del a\u00f1o, con el asesinato de tres periodistas, dos hombres y Lourdes Maldonado L\u00f3pez.<\/p>\n\n\n\n<p class=\"wp-block-paragraph\">A continuaci\u00f3n presentamos una galer\u00eda fotograf\u00eda de algunas entidades del pa\u00eds que participaron en la movilizaci\u00f3n y de las que SemM\u00e9xico tiene registro: Chiapas, Guerrero, Sonora, Mazatl\u00e1n, Veracruz, Durango, Coahuila, Morelos, Chihuahua, Guanajuato, Ciudad de M\u00e9xico.<\/p>\n\n\n\n<p class=\"wp-block-paragraph\">#NiSilencioNiOlvido<\/p>\n\n\n\n<p class=\"wp-block-paragraph\">#NoSeMataLaVerdad<\/p>\n\n\n\n<p class=\"wp-block-paragraph\">#SinMasPeriodistasEnSusListas<\/p>\n\n\n\n<p class=\"wp-block-paragraph\">#PeriodismoEnRiesgo<\/p>\n\n\n\n[ngg src=\u00bbgalleries\u00bb ids=\u00bb11&#8243; display=\u00bbbasic_imagebrowser\u00bb]\n","protected":false},"excerpt":{"rendered":"<p>S\u00ed a la justicia, s\u00ed a la libertad, s\u00ed al pluralismo, s\u00ed al di\u00e1logo y el respeto a la labor informativa.<\/p>\n","protected":false},"author":3,"featured_media":44741,"comment_status":"open","ping_status":"open","sticky":false,"template":"","format":"standard","meta":{"_monsterinsights_skip_tracking":false,"footnotes":""},"categories":[693,55],"tags":[],"class_list":["post-44748","post","type-post","status-publish","format-standard","has-post-thumbnail","category-693","category-periodistas"],"_links":{"self":[{"href":"https:\/\/redsemlac.com\/semmexico\/wp-json\/wp\/v2\/posts\/44748","targetHints":{"allow":["GET"]}}],"collection":[{"href":"https:\/\/redsemlac.com\/semmexico\/wp-json\/wp\/v2\/posts"}],"about":[{"href":"https:\/\/redsemlac.com\/semmexico\/wp-json\/wp\/v2\/types\/post"}],"author":[{"embeddable":true,"href":"https:\/\/redsemlac.com\/semmexico\/wp-json\/wp\/v2\/users\/3"}],"replies":[{"embeddable":true,"href":"https:\/\/redsemlac.com\/semmexico\/wp-json\/wp\/v2\/comments?post=44748"}],"version-history":[{"count":0,"href":"https:\/\/redsemlac.com\/semmexico\/wp-json\/wp\/v2\/posts\/44748\/revisions"}],"wp:featuredmedia":[{"embeddable":true,"href":"https:\/\/redsemlac.com\/semmexico\/wp-json\/wp\/v2\/media\/44741"}],"wp:attachment":[{"href":"https:\/\/redsemlac.com\/semmexico\/wp-json\/wp\/v2\/media?parent=44748"}],"wp:term":[{"taxonomy":"category","embeddable":true,"href":"https:\/\/redsemlac.com\/semmexico\/wp-json\/wp\/v2\/categories?post=44748"},{"taxonomy":"post_tag","embeddable":true,"href":"https:\/\/redsemlac.com\/semmexico\/wp-json\/wp\/v2\/tags?post=44748"}],"curies":[{"name":"wp","href":"https:\/\/api.w.org\/{rel}","templated":true}]}}