{"id":44739,"date":"2022-01-26T14:13:18","date_gmt":"2022-01-26T20:13:18","guid":{"rendered":"https:\/\/redsemlac.com\/semmexico\/?p=44739"},"modified":"2023-07-21T18:57:39","modified_gmt":"2023-07-21T23:57:39","slug":"historica-movilizacion-en-todo-el-pais-para-exigir-libertad-de-prensa-y-a-lopez-obrador-proteccion-y-justicia-para-las-y-los-periodistas","status":"publish","type":"post","link":"https:\/\/redsemlac.com\/semmexico\/historica-movilizacion-en-todo-el-pais-para-exigir-libertad-de-prensa-y-a-lopez-obrador-proteccion-y-justicia-para-las-y-los-periodistas\/","title":{"rendered":"Hist\u00f3rica movilizaci\u00f3n en todo el pa\u00eds para exigir libertad de prensa y a L\u00f3pez Obrador protecci\u00f3n y justicia para las y los periodistas"},"content":{"rendered":"\n<ul class=\"wp-block-list\"><li><strong>Denuncian ataques y estigmatizaci\u00f3n como una invitaci\u00f3n a matar y silenciar<\/strong><\/li><li><strong>Protesta hist\u00f3rica detonada por el asesinato de Lourdes Maldonado L\u00f3pez<\/strong><\/li><\/ul>\n\n\n\n<p class=\"wp-block-paragraph\"><strong>Sara Lovera\/ con la colaboraci\u00f3n de El Sol de M\u00e9xico y Ceprovysa<\/strong><\/p>\n\n\n\n<p class=\"wp-block-paragraph\">SemM\u00e9xico, Cd. de M\u00e9xico, 26 de enero, 2022.- De Baja California al Suchiate, toda la geograf\u00eda mexicana se pobl\u00f3 de la protesta de periodistas por el asesinato y las agresiones al gremio; por rescatar la libertad de expresi\u00f3n.<\/p>\n\n\n\n<p class=\"wp-block-paragraph\">Miles, ellas y ellos, en todos los rincones dijeron \u00a1basta \u00a1Salieron en 37 ciudades y 28 estados de la rep\u00fablica, con una petici\u00f3n que esta ma\u00f1ana sum\u00f3 35 mil firmas!<\/p>\n\n\n\n<p class=\"wp-block-paragraph\">Fue una movilizaci\u00f3n hist\u00f3rica. La noche del martes 25 de enero reuni\u00f3 el gremio period\u00edstico de manera pac\u00edfica en lugares estrat\u00e9gicos de todo el pa\u00eds, en ciudades grandes y peque\u00f1as, en rincones inimaginables, para demandar justicia ante las terribles condiciones de violencia que se avivaron tras los primeros veintitr\u00e9s d\u00edas de lo que va del a\u00f1o, con el asesinato de tres periodistas, dos hombres y Lourdes Maldonado L\u00f3pez.<\/p>\n\n\n\n<p class=\"wp-block-paragraph\">\u00bfQu\u00e9 exigieron?&nbsp; cese a los asesinatos de colegas, -47 en 3 a\u00f1os- seguridad, no a las agresiones sistem\u00e1ticas, no a la impunidad, no al desplazamiento forzado, no al silencio impuesto por el miedo, no a la impunidad -del 90 por ciento de los casos-, no a la estigmatizaci\u00f3n de quienes comunicamos, no a la displicencia y a la burocracia.<\/p>\n\n\n\n<p class=\"wp-block-paragraph\">S\u00ed a la justicia, s\u00ed a la libertad, s\u00ed al pluralismo, s\u00ed al di\u00e1logo y el respeto a la labor informativa.<\/p>\n\n\n\n<p class=\"wp-block-paragraph\">La protesta se dio en ambiente cr\u00edtico para la prensa mexicana, como lo dijo en entrevista Pedro Vaca Villarreal Relator Especial para la Libertad de Expresi\u00f3n de la Comisi\u00f3n Interamericana de Derechos Humanos de la OEA. Quien advirti\u00f3 que la estigmatizaci\u00f3n de la labor informativa y plural invita a las agresiones, a los asesinatos y da\u00f1a la vida democr\u00e1tica.<\/p>\n\n\n\n<p class=\"wp-block-paragraph\">A la protesta \u2013masiva y abarcadora- surgi\u00f3 de cientos de voces, decenas de pronunciamientos, declaraciones. Aparecieron los nombres de periodistas que perdimos en los \u00faltimos a\u00f1os. Fuerte el reclamo en Veracruz y Guerrero, dolido el de Baja California. Recordatorio de impunidad en La Laguna.<\/p>\n\n\n\n<p class=\"wp-block-paragraph\">Se trat\u00f3 de un grito por el duelo acumulado, que deton\u00f3 el artero asesinado de la periodista Lourdes Maldonado L\u00f3pez en Tijuana, Baja California, el 23 de enero, el tercer asesinato en 23 d\u00edas de 2022.<\/p>\n\n\n\n<p class=\"wp-block-paragraph\">As\u00ed aparecieron en cada plaza, cada altar, cada mitin, cada marcha, los nombres, las fotograf\u00edas, las fr\u00edas estad\u00edsticas de quienes encontraron la muerte tras haber recibido acoso y estigmatizaci\u00f3n sistem\u00e1tica, invitaci\u00f3n al silencio, que, en un pronunciamiento marco, sum\u00f3 las historias propias, los nombres olvidados, los rostros desdibujado. En los &nbsp;&nbsp;pronunciamientos, se advirti\u00f3, durante toda la jornada de ayer, que estamos frente al peor mensaje: callar para sobrevivir.<\/p>\n\n\n\n<p class=\"wp-block-paragraph\">En redes sociales se multiplicaron las protestas y demandas y se convoc\u00f3 a la movilizaci\u00f3n con los hashtags<em>&nbsp;#NiSilencioNiOlvido, #NoSeMataLaVerdad, #SinMasPeriodistasEnSusListas, #PeriodismoEnRiesgo<\/em>,.<\/p>\n\n\n\n<p class=\"wp-block-paragraph\">La mayor\u00eda de las movilizaciones ocurrieron por la tarde noche y en los actos se encendieron veladoras, las y los manifestantes escribieron carteles. En la Ciudad de M\u00e9xico lanzaron im\u00e1genes al edificio de la Secretar\u00eda de Gobernaci\u00f3n con los m\u00e1s de 142 colegas que fueron ultimados: &nbsp;estuvieron, en muchos casos vestidos de negro, portaron fotograf\u00edas de las v\u00edctimas y pancartas con la exigencia de \u00ab\u00a1No m\u00e1s periodistas asesinados\u00bb!<\/p>\n\n\n\n<p class=\"wp-block-paragraph\">La jornada de movilizaciones destac\u00f3 porque nunca en la historia del pa\u00eds hab\u00edan salido tantos periodistas en tantos lugares para protestar por la violencia y asesinatos contra la prensa. Comenz\u00f3 con un tendedero de fotograf\u00edas de las y los periodistas asesinados frente a Palacio Nacional, retirado minutos despu\u00e9s por las autoridades y termin\u00f3 con veladas de indignaci\u00f3n, im\u00e1genes de miles de luces de veladoras esta madrugada.<\/p>\n\n\n\n<p class=\"wp-block-paragraph\">Y es que, en tres d\u00edas se fueron uniendo, de todas partes las y los periodistas. Un momento de hartazgo, se\u00f1alan los comentaristas, en M\u00e9xico y el extranjero. Las voces rompieron fronteras, en Baja California, report\u00f3 la periodista Roc\u00edo Galv\u00e1n, se sumaron periodistas de San Diego.<\/p>\n\n\n\n<p class=\"wp-block-paragraph\">Lourdes Maldonado&nbsp;acudi\u00f3 en 2019 a la conferencia ma\u00f1anera a&nbsp;solicitarle a L\u00f3pez Obrador ayuda por un juicio laboral que gan\u00f3&nbsp;recientemente contra el ex gobernador de Baja California, Jaime Bonilla. Apenas pod\u00eda celebrar este triunfo, cuando fue asesinada cobardemente.<\/p>\n\n\n\n<p class=\"wp-block-paragraph\">As\u00ed, tambi\u00e9n se dijo repetidamente, en M\u00e9xico&nbsp;no tenemos condiciones para desarrollar nuestra labor informativa&nbsp;en el d\u00eda a d\u00eda por las p\u00e9simas condiciones laborales y la explotaci\u00f3n que somos objeto y adem\u00e1s tampoco tenemos condiciones de seguridad que nos permitan no morir en el intento cuando se trata de informar a la poblaci\u00f3n.<\/p>\n\n\n\n<p class=\"wp-block-paragraph\">Este texto se repiti\u00f3 como una cadena, con cifras y datos, con la visi\u00f3n de preocupaci\u00f3n y fijando d\u00f3nde est\u00e1 la responsabilidad pol\u00edtica, empresarial y judicial con el gremio que no ha sido asumida. Mientras&nbsp;las empresas period\u00edsticas obtienen ganancias millonarias.<\/p>\n\n\n\n<p class=\"wp-block-paragraph\">La otra demanda fue la exigencia para el esclarecimiento de todos los hechos y se den garant\u00edas para el ejercicio de la profesi\u00f3n, Alto Riesgo, una agrupaci\u00f3n casi espont\u00e1nea, pidi\u00f3&nbsp;&nbsp; ejercer la profesi\u00f3n en libertad y como un eco exigieron al presidente de M\u00e9xico, Andr\u00e9s Manuel L\u00f3pez Obrador, protecci\u00f3n y justicia para las v\u00edctimas.<\/p>\n\n\n\n<p class=\"wp-block-paragraph\">Ante este panorama, las, les y los periodistas&nbsp;por primera vez se manifestaron en distintas latitudes para exigir justicia.<\/p>\n\n\n\n<p class=\"wp-block-paragraph\">Se ley\u00f3: como periodistas estamos convencidos de que&nbsp;nuestro trabajo es fundamental para la sociedad, es importante garantizar la libertad de expresi\u00f3n y el acceso a la informaci\u00f3n, que es un bien p\u00fablico, aunque los gobiernos nos vean como enemigos del Estado.<\/p>\n\n\n\n<p class=\"wp-block-paragraph\"><strong>LA JORNADA POR ESTADOS Y PLAZAS<\/strong><\/p>\n\n\n\n<h1 class=\"wp-block-heading\">CHIAPAS<\/h1>\n\n\n\n<p class=\"wp-block-paragraph\">El gremio period\u00edstico chiapaneco exigi\u00f3 justicia por los periodistas asesinados recientemente.<\/p>\n\n\n\n<figure class=\"wp-block-image size-full\"><a href=\"https:\/\/redsemlac.com\/semmexico\/wp-content\/uploads\/2022\/01\/PERIODISTAS-1.jpg\"><img loading=\"lazy\" decoding=\"async\" width=\"768\" height=\"479\" src=\"https:\/\/redsemlac.com\/semmexico\/wp-content\/uploads\/2022\/01\/PERIODISTAS-1.jpg\" alt=\"\" class=\"wp-image-44683\"\/><\/a><figcaption>Periodistas de la Frontera Sur, participaron esta noche de la marcha nacional SOS para denuncian que el periodismo en el pa\u00eds est\u00e1 en riesgo. \/ Foto; Alejandro G\u00f3mez | Diario del Sur<\/figcaption><\/figure>\n\n\n\n<p class=\"wp-block-paragraph\">En la plaza central de Tuxtla Guti\u00e9rrez perdieron, exigen el esclarecimiento de todos los hechos y garant\u00edas para el ejercicio de la profesi\u00f3n, alto riesgo para ejercer la profesi\u00f3n y exigieron al presidente de M\u00e9xico, Andr\u00e9s Manuel L\u00f3pez Obrador, protecci\u00f3n y justicia para las v\u00edctimas.<\/p>\n\n\n\n<p class=\"wp-block-paragraph\">Samuel Revueltas, de Alerta Chiapas, ley\u00f3 un&nbsp;pronunciamiento a nombre de los comunicadores&nbsp;de diversos medios, en el que narr\u00f3 que M\u00e9xico es considerado como&nbsp;uno de los pa\u00edses m\u00e1s peligrosos para ejercer el periodismo&nbsp;de acuerdo a la ONU y diversas organizaciones internacionales especializadas en analizar la situaci\u00f3n de la prensa a nivel mundial como Reporteros Sin Fronteras, el Comit\u00e9 de Protecci\u00f3n a Periodistas, Art\u00edculo 19, entre otras.<\/p>\n\n\n\n<p class=\"wp-block-paragraph\">Tan s\u00f3lo&nbsp;en lo que va del sexenio de Andr\u00e9s Manuel L\u00f3pez Obrador, seg\u00fan ha documentado Art\u00edculo 19,&nbsp;han sido asesinados 48 comunicadores, a solo 23 d\u00edas de que inici\u00f3 este 2022 se sumaron tres: Jos\u00e9 Luis Gamboa, 10 de enero, Veracruz, Margarito Mart\u00ednez Esquivel, 17 de enero, Tijuana Lourdes Maldonado, 23 de enero, Tijuana Art\u00edculo 19 ha documentado&nbsp;del a\u00f1o 2000 a la fecha 148 asesinatos&nbsp;de periodistas en relaci\u00f3n con su labor informativa. Del total, 136 hombres y 12 mujeres.<\/p>\n\n\n\n<p class=\"wp-block-paragraph\">Vemos con rabia e indignaci\u00f3n que los&nbsp;cr\u00edmenes contra periodistas en el pa\u00eds siguen en la impunidad, matar a un periodista en M\u00e9xico, es como matar a nadie: lejos de que haya investigaciones serias por parte de las Fiscal\u00edas en los estados y la federal para que sepamos por qu\u00e9 matan a periodistas en este pa\u00eds y haya justicia, la cifra va en aumento.<\/p>\n\n\n\n<p class=\"wp-block-paragraph\">En el territorio mexicano, la violencia de Estado que incluye la presencia del crimen organizado coludido con los gobiernos de los diferentes niveles ha provocado&nbsp;zonas de silencio donde no hay condiciones para ejercer nuestra labor.&nbsp;Han asesinado, desaparecido, amenazado y obligado a periodistas a desplazarse de sus entidades.<\/p>\n\n\n\n<p class=\"wp-block-paragraph\">Periodistas de Tapachula lanzan SOS por asesinatos de las y los compa\u00f1eros. El encuentro se llev\u00f3 a cabo frente a la estatua de Fray Mat\u00edas de C\u00f3rdoba.<\/p>\n\n\n\n<figure class=\"wp-block-gallery columns-2 is-cropped wp-block-gallery-1 is-layout-flex wp-block-gallery-is-layout-flex\"><ul class=\"blocks-gallery-grid\"><li class=\"blocks-gallery-item\"><figure><a href=\"https:\/\/redsemlac.com\/semmexico\/wp-content\/uploads\/2022\/01\/PERIODISTAS-3.jpg\"><img loading=\"lazy\" decoding=\"async\" width=\"720\" height=\"449\" src=\"https:\/\/redsemlac.com\/semmexico\/wp-content\/uploads\/2022\/01\/PERIODISTAS-3.jpg\" alt=\"\" data-id=\"44685\" data-full-url=\"https:\/\/redsemlac.com\/semmexico\/wp-content\/uploads\/2022\/01\/PERIODISTAS-3.jpg\" data-link=\"https:\/\/redsemlac.com\/semmexico\/periodistas-3-3\/\" class=\"wp-image-44685\"\/><\/a><\/figure><\/li><li class=\"blocks-gallery-item\"><figure><a href=\"https:\/\/redsemlac.com\/semmexico\/wp-content\/uploads\/2022\/01\/PERIODISTAS-5.jpg\"><img loading=\"lazy\" decoding=\"async\" width=\"720\" height=\"449\" src=\"https:\/\/redsemlac.com\/semmexico\/wp-content\/uploads\/2022\/01\/PERIODISTAS-5.jpg\" alt=\"\" data-id=\"44687\" data-full-url=\"https:\/\/redsemlac.com\/semmexico\/wp-content\/uploads\/2022\/01\/PERIODISTAS-5.jpg\" data-link=\"https:\/\/redsemlac.com\/semmexico\/periodistas-5-2\/\" class=\"wp-image-44687\"\/><\/a><\/figure><\/li><\/ul><\/figure>\n\n\n\n<p class=\"wp-block-paragraph\">Alejandro G\u00f3mez del | Diario del Sur report\u00f3 alrededor de las 19:00 horas, los&nbsp;periodistas de Tapachula, se concentraron para sumarse al grito de auxilio&nbsp;que lanzaron hoy en toda la rep\u00fablica, los diferentes grupos de profesionales de la informaci\u00f3n, movilizaci\u00f3n que se realiza a ra\u00edz del reciente asesinato de tres de sus compa\u00f1eros en el pa\u00eds.<\/p>\n\n\n\n<p class=\"wp-block-paragraph\">En el lugar, quienes protestaron encendieron veladoras como muestra del luto que se vive a nacional, as\u00ed como una luz que muestre un camino de\u00a0esperanza, paz y justicia\u00a0para este sector importante de la sociedad mexicana que est\u00e1 siendo callado a balazos.<\/p>\n\n\n\n<p class=\"wp-block-paragraph\">Gustavo L\u00f3pez, periodista de la frontera sur, mencion\u00f3 que esta actividad la realizaron para hacer visible esta preocupaci\u00f3n que hay de parte de este sector desde la frontera sur a la norte, pues&nbsp;no solo se asesina a un periodista,&nbsp;sino tambi\u00e9n se atenta contra el derecho de la sociedad a estar informada,&nbsp;cuando es un derecho inalienable.<\/p>\n\n\n\n<p class=\"wp-block-paragraph\">Benjam\u00edn Alfaro, periodistas freelance, urgi\u00f3 a las autoridades federales que comprendan la&nbsp;necesidad de que los sistemas de medidas de protecci\u00f3n a periodistas mejoren, esto, para garantizar la seguridad total de quienes se dedican a informar d\u00eda a d\u00eda a la sociedad mexicana.<\/p>\n\n\n\n<p class=\"wp-block-paragraph\">\u201cChiapas no est\u00e1 exento de esos hechos violentos, pues\u00a0en octubre del a\u00f1o pasado el periodista Fredy Ar\u00e9valo fue asesinado en la puerta de su hogar\u00a0y hasta el momento los resultados de las investigados no son convincentes para una sociedad sedienta de justicia y paz, as\u00ed como\u00a0muerte del compa\u00f1ero Mario G\u00f3mez en Ocosingo\u201d, extern\u00f3.<\/p>\n\n\n\n<h2 class=\"wp-block-heading\"><strong><em>GUERRERO<\/em><\/strong><\/h2>\n\n\n\n<p class=\"wp-block-paragraph\">quer\u00edamos que la voz de nuestros compa\u00f1eros ca\u00eddos se escuchara y no la nuestra.<\/p>\n\n\n\n<p class=\"wp-block-paragraph\"><strong>LAS VOCES<\/strong><\/p>\n\n\n\n<p class=\"wp-block-paragraph\">Quer\u00edamos escuchar la voz de Lourdes Maldonado narrando historias, que la lente de Margarito Ram\u00edrez, registrara la concentraci\u00f3n y que cubriera las Noticias Jos\u00e9 Luis Gamboa.<\/p>\n\n\n\n<p class=\"wp-block-paragraph\">El periodismo en M\u00e9xico est\u00e1 en riesgo. Nos criminalizan pol\u00edticos y pol\u00edticas haci\u00e9ndonos responsables de la Violencia, nos amenazan grupos delincuenciales, nos hacen campa\u00f1a de desprestigio pleitistas.<\/p>\n\n\n\n<p class=\"wp-block-paragraph\">La libertad de expresi\u00f3n est\u00e1 en riesgo como nuestras vidas.<\/p>\n\n\n\n<figure class=\"wp-block-image size-large\"><a href=\"https:\/\/redsemlac.com\/semmexico\/wp-content\/uploads\/2022\/01\/PERIODISTAS-8.jpg\"><img decoding=\"async\" src=\"https:\/\/redsemlac.com\/semmexico\/wp-content\/uploads\/2022\/01\/PERIODISTAS-8-1024x576.jpg\" alt=\"\" class=\"wp-image-44690\"\/><\/a><\/figure>\n\n\n\n<p class=\"wp-block-paragraph\">El derecho a saber que sucede est\u00e1 en riesgo tambi\u00e9n por quienes quieren silenciar medios y Periodistas.<\/p>\n\n\n\n<p class=\"wp-block-paragraph\">Pero nuestro silencio es una muestra de protesta, no de censura al que pretenden someter a los periodistas, y una forma de clamar Justicia.<\/p>\n\n\n\n<p class=\"wp-block-paragraph\">Nos faltan tres.<\/p>\n\n\n\n<p class=\"wp-block-paragraph\">Nos faltan Fredy L\u00f3pez Ar\u00e9valo de Chiapas, Manuel Gonz\u00e1lez Reyes de Morelos, Jacinto Romero Flores de Veracruz, Ricardo L\u00f3pez Dom\u00ednguez de Sonora, Sa\u00fal Tijerina Renter\u00eda de Coahuila, Gustavo S\u00e1nchez Cabrera de Oaxaca Benjam\u00edn Morales Hern\u00e1ndez de Sonora que fueron asesinados en el a\u00f1o 2021.<\/p>\n\n\n\n<p class=\"wp-block-paragraph\">La verdad no muere con un Periodista, pero peligra. Se pierde una narrativa, una visi\u00f3n de los hechos y pierde la sociedad.<\/p>\n\n\n\n<p class=\"wp-block-paragraph\">\u00a1Justicia! \u00a1basta de impunidad! Fue la proclama de periodistas que realizaron un plant\u00f3n al pie de la asta bandera en Acapulco.<\/p>\n\n\n\n<h2 class=\"wp-block-heading\"><strong><em>DURANGO<\/em><\/strong><\/h2>\n\n\n\n<p class=\"wp-block-paragraph\">Durango se une a la movilizaci\u00f3n nacional&nbsp;\u201cPeriodismo en Riesgo\u201d, para levantar la voz y pedir justicia.<em> \u201cEs lamentable que a tan solo 25 d\u00edas de que iniciamos el 2022, hay 3 periodistas asesinados, 2 de ellos en Tijuana\u201d,&nbsp;<\/em>manifest\u00f3 Liliana Ortiz presidenta Nacional de AMMPE y destac\u00f3<em>&nbsp;\u201cLourdes ten\u00eda el mecanismo de protecci\u00f3n a periodistas, pero lo ten\u00eda por parte de los gobiernos, entonces vemos que no es tan seguro como pretendemos que sea\u201d. Y E<\/em>xplic\u00f3 que para que realmente brinde una seguridad al gremio period\u00edstico, y sea funcional, el Mecanismo de Protecci\u00f3n a periodistas, debe sacarse de las filas de los gobiernos estatales y federales, como se hizo en Durango, que est\u00e1 en la Comisi\u00f3n Estatal de Derechos Humanos, algo que se puede replicar en los dem\u00e1s estados.&nbsp;<em>La Ley de Protecci\u00f3n a Periodistas en Durango, entr\u00f3 en vigor a partir del 01 de enero<\/em>.<\/p>\n\n\n\n<figure class=\"wp-block-image size-full\"><a href=\"https:\/\/redsemlac.com\/semmexico\/wp-content\/uploads\/2022\/01\/PERIODISTAS-11.jpg\"><img loading=\"lazy\" decoding=\"async\" width=\"768\" height=\"479\" src=\"https:\/\/redsemlac.com\/semmexico\/wp-content\/uploads\/2022\/01\/PERIODISTAS-11.jpg\" alt=\"\" class=\"wp-image-44693\"\/><\/a><figcaption> Comunicadoras de Durango se suman a protesta por asesinato de periodistas\/ Foto: Lul\u00fa Murillo | El Sol de Durango <\/figcaption><\/figure>\n\n\n\n<p class=\"wp-block-paragraph\"><em>\u201cVemos con rabia e indignaci\u00f3n que los crimines contra periodistas en el pa\u00eds siguen en la impunidad, matar a un periodista en M\u00e9xico, es como matar a nadie\u201d,<\/em>&nbsp;declar\u00f3.<\/p>\n\n\n\n<p class=\"wp-block-paragraph\">Carolina Heredia Salazar presidenta de la&nbsp;Asociaci\u00f3n Mundial de Mujeres Periodistas, Escritoras y Comunicadoras ((AMMPE)&nbsp;Delegaci\u00f3n Durango, dijo que es necesario exigir la procuraci\u00f3n de justicia y protecci\u00f3n de todos los periodistas, en especial el caso de Lourdes Maldonado, quien era duranguense, originaria de G\u00f3mez Palacio, pero que ejerci\u00f3 su profesi\u00f3n fuera del estado.<\/p>\n\n\n\n<p class=\"wp-block-paragraph\">Manifest\u00f3 que a pesar de que<em>&nbsp;en Durango no se ha presentado recientemente una situaci\u00f3n de riesgo para los compa\u00f1eros<\/em>, se pide la protecci\u00f3n para todos los que realizan esta labor en el pa\u00eds, pero sobre todo en lugares donde s\u00ed se presentan situaciones de riesgo.<\/p>\n\n\n\n<p class=\"wp-block-paragraph\">Sa\u00fal Maldonado, miembro de Periodistas y Profesionales de la Comunicaci\u00f3n (PREPOC), precis\u00f3 que se tienen documentados en este sexenio 28 asesinatos de periodistas, y desde el 2000 a la fecha, la organizaci\u00f3n Art\u00edculo 19, registr\u00f3 148, 136 hombres y 12 mujeres, adem\u00e1s cada 38 horas, una mejor periodista o comunicadora, es sujeta a alg\u00fan tipo de violencia por su labor de comunicar, datos registrados por Comunicaci\u00f3n e informaci\u00f3n de la Mujer AC.<\/p>\n\n\n\n<p class=\"wp-block-paragraph\">Por su parte Rosy Guac\u00e1n, presidenta del Colegio de Licenciados en Ciencias de la Comunicaci\u00f3n de Durango A.C (COLECC), coment\u00f3&nbsp;<em>\u201cnos manifestamos en distintas latitudes para exigir justicia, como periodistas estamos convencidos que nuestro trabajo es fundamental para la sociedad, por lo que es necesario garantizar la libertad de expresi\u00f3n y acceso a la informaci\u00f3n\u201d.<\/em><\/p>\n\n\n\n<p class=\"wp-block-paragraph\">Precis\u00f3 que el gremio del periodismo demanda el inmediato esclarecimiento de todas y todos los periodistas asesinados.<\/p>\n\n\n\n<p class=\"wp-block-paragraph\"><strong><em>VERACRUZ &nbsp;<\/em><\/strong><\/p>\n\n\n\n<p class=\"wp-block-paragraph\">Periodistas veracruzanos se sumaron a las movilizaciones para exigir un alto a la violencia contra el gremio.<\/p>\n\n\n\n<p class=\"wp-block-paragraph\">Con los hashtags<em>&nbsp;#NiSilencioNiOlvido, #NoSeMataLaVerdad, #SinMasPeriodistasEnSusListas, #PeriodismoEnRiesgo<\/em>, de todos los medios de comunicaci\u00f3n organizaron las protestas pac\u00edficas en los municipios de C\u00f3rdoba, Orizaba, Xalapa y puerto de Veracruz.<\/p>\n\n\n\n<p class=\"wp-block-paragraph\">Acudieron integrantes de Red Veracruzana de Periodistas, la Asociaci\u00f3n de Periodistas de Veracruz, a las 12 del mediod\u00eda comenzaron en C\u00f3rdoba en el parque 21 de mayo al igual que en Orizaba en el Apolinar Castillo.<\/p>\n\n\n\n<p class=\"wp-block-paragraph\">En Xalapa la protesta a las 18:00 horas en la Plaza Lerdo tambi\u00e9n conocido como Plaza Regina y en el puerto de Veracruz a las 19 horas en el z\u00f3calo de la ciudad.<\/p>\n\n\n\n<p class=\"wp-block-paragraph\">Las voces lamentaron que este mes de enero el veracruzano Jos\u00e9 Luis Gamboa Arenas fue asesinado el s\u00e1bado 15 de enero atacado a pu\u00f1aladas en un presunto asalto en el fraccionamiento Floresta. El comunicador ten\u00eda un espacio en medios de comunicaci\u00f3n donde realizaba cr\u00edticas en contra del gobierno y sus autoridades.<\/p>\n\n\n\n<p class=\"wp-block-paragraph\">Con el asesinato de Jos\u00e9 Luis Gamboa en Veracruz se contabilizan cinco v\u00edctimas de la actual administraci\u00f3n encabezada por Cuitl\u00e1huac Garc\u00eda Jim\u00e9nez como son Jacinto Romero Flores en agosto del 2021; Julio Valdivia Rodr\u00edguez en septiembre del 2020;&nbsp;Mar\u00eda Elena Ferral Hern\u00e1ndez, abril del 2020; Jorge Celestino Ruiz Vel\u00e1zquez en agosto del 2019.<\/p>\n\n\n\n<h2 class=\"wp-block-heading\"><strong><em>CORD\u00d3BA<\/em><\/strong><\/h2>\n\n\n\n<p class=\"wp-block-paragraph\">Un grupo de 15 periodistas marcharon por estas calles pidiendo justicia para los reporteros asesinados en lo que van de 2022<\/p>\n\n\n\n<figure class=\"wp-block-image size-full\"><a href=\"https:\/\/redsemlac.com\/semmexico\/wp-content\/uploads\/2022\/01\/PERIODISTAS-13.jpg\"><img loading=\"lazy\" decoding=\"async\" width=\"768\" height=\"479\" src=\"https:\/\/redsemlac.com\/semmexico\/wp-content\/uploads\/2022\/01\/PERIODISTAS-13.jpg\" alt=\"\" class=\"wp-image-44695\"\/><\/a><figcaption> Periodistas de C\u00f3rdoba se suman a protesta nacional por muerte de colegas \/ Foto: Jaime Ram\u00edrez | El Sol de C\u00f3rdoba <\/figcaption><\/figure>\n\n\n\n<p class=\"wp-block-paragraph\">La periodista Guadalupe Castillo del El Sol de C\u00f3rdoba inform\u00f3 que la investigaci\u00f3n y la verdad se han visto manchados de sangre al ultimar a periodistas por hacer su trabajo diario, y por ello esta tarde periodistas libres de la ciudad de C\u00f3rdoba se sumaron a la manifestaci\u00f3n nacional por los 3 reporteros asesinados en lo que va de este 2022, Jos\u00e9 Luis Gamboa, Margarito Mart\u00ednez y Lourdes Maldonado.<\/p>\n\n\n\n<p class=\"wp-block-paragraph\">Partieron del parque 21 de mayo en la avenida 3, subiendo en la calle 9 y reincorpor\u00e1ndose a la avenida 1, es como un grupo de 15 periodistas marcharon por estas calles pidiendo justicia para los tres reporteros asesinados en lo que van de 2022, pero tambi\u00e9n recordar a los que han sido asesinados en la zona.<\/p>\n\n\n\n<p class=\"wp-block-paragraph\">Por su parte&nbsp;Hugo Morales,&nbsp;periodista de zona cafetalera y ca\u00f1era, dijo que a pesar de que la ciudadan\u00eda no paga por lo que se investiga, la inconformidad pone en riesgo a la prensa por ello es importante que la fuerza de opini\u00f3n de la ciudadan\u00eda, \u00abmientras haya impunidad los cr\u00edmenes seguir\u00e1n creciendo porque no se hace nada a los criminales.<\/p>\n\n\n\n<p class=\"wp-block-paragraph\">Al finalizar la movilizaci\u00f3n, el gremio period\u00edstico hizo el pase de lista recordando a los que han sido v\u00edctimas de la delincuencia como Julio Valdivia asesinado en Tezonapa, Jacinto Romero comunicador originario de Ixtaczoquitl\u00e1n esto el a\u00f1o pasado, pero se dio tambi\u00e9n remembranza a los periodistas que hace m\u00e1s de 5 a\u00f1os fueron ultimados como Juan Santos, Ricardo Monlui, Regina Mart\u00ednez<\/p>\n\n\n\n<h2 class=\"wp-block-heading\">EN LA LAGUNA, COAHUILA ALZAN LA VOZ POR ASESINATO DE COLEGAS EN M\u00c9XICO<\/h2>\n\n\n\n<p class=\"wp-block-paragraph\">El periodista Alberto Triana de El Sol de La Laguna, desde Torre\u00f3n report\u00f3 que representantes de los medios de comunicaci\u00f3n de La Laguna de Coahuila y Durango se manifestaron en la Plaza Mayor por el asesinato de tres periodistas en M\u00e9xico.<\/p>\n\n\n\n<p class=\"wp-block-paragraph\">Juan No\u00e9 Fern\u00e1ndez Andrade, fundador de Voces Irritilas A. C, pidi\u00f3 a las autoridades que por fin investiguen y lleven la situaci\u00f3n a una soluci\u00f3n definitiva con resoluciones penales contra los agresores\u201d, dijo.<\/p>\n\n\n\n<figure class=\"wp-block-image size-full\"><a href=\"https:\/\/redsemlac.com\/semmexico\/wp-content\/uploads\/2022\/01\/PERIODISTAS-14.jpg\"><img loading=\"lazy\" decoding=\"async\" width=\"768\" height=\"479\" src=\"https:\/\/redsemlac.com\/semmexico\/wp-content\/uploads\/2022\/01\/PERIODISTAS-14.jpg\" alt=\"\" class=\"wp-image-44696\"\/><\/a><figcaption>Se unen en La Laguna a protesta nacional por violencia contra periodistas<\/figcaption><\/figure>\n\n\n\n<p class=\"wp-block-paragraph\">&nbsp;\u201cLa impunidad es inmensa, no pueden matar a un periodista (por su oficio)\u201d, coment\u00f3. Y dijo que a los gobiernos no les duele su fallecimiento como a los familiares de las v\u00edctimas.<\/p>\n\n\n\n<p class=\"wp-block-paragraph\">Dijo que por Ley la Federaci\u00f3n pretende delegar a los Estados el cuidado y protecci\u00f3n de los periodistas, \u201cpero en los Estados \u2026, una burla\u201d, agreg\u00f3. En ese contexto, Fern\u00e1ndez Andrade dio a conocer que desde el a\u00f1o 2000 a la fecha, suman 96 periodistas muertos de manera violenta.<\/p>\n\n\n\n<h2 class=\"wp-block-heading\"><strong><em>MORELOS<\/em><\/strong><\/h2>\n\n\n\n<p class=\"wp-block-paragraph\">La periodista Minerva Delgado desde | El Sol de Cuernavaca inform\u00f3 que el pronunciamiento preparado por Periodistas en Riesgo fue le\u00eddo en la Plaza de Armas en Cuernavaca,&nbsp;donde periodistas exigieron a las autoridades correspondientes que se investigue a fondo el homicidio de Lourdes Maldonado, el de Margarito Mart\u00ednez y Jos\u00e9 Luis Gamboa, y que de igual manera se d\u00e9 con los responsables.<\/p>\n\n\n\n<p class=\"wp-block-paragraph\">Con pancartas, el grupo period\u00edstico morelense se sum\u00f3 a la indignaci\u00f3n nacional que hay en M\u00e9xico por el \u2018nuevo\u2019 homicidio de una colega.<em> \u201cDemandamos a las autoridades mexicanas no minimizar las denuncias que desde los Estados nuestros colegas han realizado en tiempo y forma, ya que su desatenci\u00f3<\/em>n muchas de las veces han concluido en hechos como los recientemente ocurridos en lo que va apenas de 2022.<\/p>\n\n\n\n<p class=\"wp-block-paragraph\">Los comunicadores de Morelos se pronunciaron porque&nbsp;el mecanismo federal de protecci\u00f3n a periodistas \u201crealmente proteja con efectividad a quien est\u00e1n en riesgo, derivado de su labor period\u00edstica\u201d.<\/p>\n\n\n\n<p class=\"wp-block-paragraph\">Por lo que respecta al mecanismo de protecci\u00f3n del estado de Morelos,&nbsp;la solicitud es para que opere y transparente de manera urgente su funcionamiento,&nbsp;\u201ccon el fin de salvaguardar la integridad de quienes ejercemos esta profesi\u00f3n\u201d.<\/p>\n\n\n\n<p class=\"wp-block-paragraph\">La protesta se extendi\u00f3 por la tarde a las inmediaciones de la Paloma de la Paz, que se encuentra a la entrada de la ciudad capital, lugar en el que tambi\u00e9n se levant\u00f3 la voz por los homicidios de periodistas que ocurren en M\u00e9xico<\/p>\n\n\n\n<h2 class=\"wp-block-heading\"><em>PARRAL, CHIHUAHUA&nbsp;<\/em><\/h2>\n\n\n\n<figure class=\"wp-block-image size-full\"><a href=\"https:\/\/redsemlac.com\/semmexico\/wp-content\/uploads\/2022\/01\/PERIODISTAS-15.jpg\"><img loading=\"lazy\" decoding=\"async\" width=\"768\" height=\"479\" src=\"https:\/\/redsemlac.com\/semmexico\/wp-content\/uploads\/2022\/01\/PERIODISTAS-15.jpg\" alt=\"\" class=\"wp-image-44697\"\/><\/a><figcaption> Foto: Archivo | El Sol de Parral <\/figcaption><\/figure>\n\n\n\n<p class=\"wp-block-paragraph\">El periodista Luis Murillo de | El Sol de Parral inform\u00f3 que Periodistas Unidos de Parral extiende su apoyo ante los ataques sufridos en Baja California donde la periodista Lourdes Maldonado L\u00f3pez fue asesinada y recordaron los hechos ocurridos en la ciudad de Parral en a\u00f1os pasados, desde amedrentados a golpes hasta oficinas de peri\u00f3dicos incendiadas.<\/p>\n\n\n\n<p class=\"wp-block-paragraph\">En 2019 se caus\u00f3 un incendio en las instalaciones del Monitor de Parral, que luego del atentado no volvi\u00f3 a realizar un tiraje impreso y se volvi\u00f3 digital \u00fanicamente; despu\u00e9s de ello el director de este medio recibi\u00f3 protecci\u00f3n por parte de autoridades ya que se tem\u00eda por la seguridad del comunicador.<\/p>\n\n\n\n<p class=\"wp-block-paragraph\">El hoy fallecido Fernando Lara, que durante las elecciones de 2018 fue agredido por peleadores que se presumi\u00f3 pertenec\u00edan a un gimnasio local; se destaca que la causa del fallecimiento del periodista fue al margen de la agresi\u00f3n ya que fue en marzo del a\u00f1o pasado cuando Lara perdi\u00f3 la vida.<\/p>\n\n\n\n<p class=\"wp-block-paragraph\">Aunado a ello en 2019 reventaron cristales del veh\u00edculo de Jes\u00fas Manuel Ortiz Mart\u00ednez, reportero que fue parte de esta casa editorial en su momento; quien adem\u00e1s ha comentado recibir amenazas por su labor period\u00edstica.<\/p>\n\n\n\n<p class=\"wp-block-paragraph\">\u201cLa indignaci\u00f3n del gremio period\u00edstico es compartida en todos los estados y municipios, por tal motivo en Parral levantamos la voz ante la injusticia\u00bb, se asever\u00f3 en el comunicado emitido.<\/p>\n\n\n\n<p class=\"wp-block-paragraph\">Se sumaron a la consigna de que\u00a0<em>&#8216;No se mata la verdad matando periodistas&#8217;<\/em>, salieron a las calles a manifestar su indignaci\u00f3n y a exigir a grito abierto justicia para los periodistas asesinados\u201d, puntualiza el comunicado.<\/p>\n\n\n\n<h2 class=\"wp-block-heading\"><strong><em>LE\u00d3N, GUANAJUATO<\/em><\/strong><\/h2>\n\n\n\n<p class=\"wp-block-paragraph\">El periodista Jorge Hern\u00e1ndez del El Sol de Le\u00f3n inform\u00f3 que periodistas de la ciudad de Le\u00f3n se manifestaron la tarde de este martes 25 de enero en el monumento del Arco de la Calzada. Desde las 6 de la tarde llegaron reporteras y reporteros, fot\u00f3grafos\/as y camar\u00f3grafos\/as de medios informativos impresos y digitales. Aparecieron al sitio portando con una lona negra que dec\u00eda \u00abni silencio, ni olvido\u00bb.&nbsp; En los actos de solidaridad e indignaci\u00f3n se mostraron cartulinas con leyendas alusivas a la justicia social para los y las comunicadoras.&nbsp;<\/p>\n\n\n\n<p class=\"wp-block-paragraph\">\u00abNo nos callar\u00e1n\u00bb, \u00abprensa no disparen\u00bb, \u00abcon justicia ni un periodista m\u00e1s\u00bb y \u00abno se mata la verdad matando periodistas\u00bb, fueron algunas de las consignas escritas en los carteles. Luego estuvieron ah\u00ed las fichas con las fotograf\u00edas de Lourdes Maldonado, Margarito Mart\u00ednez y Jos\u00e9 Luis Gamboa, y se oyeron los gritos de justicia, mientras que un par de veladoras eran encendidas.&nbsp;Estuvieron alrededor de 50 personas del gremio period\u00edstico quienes escucharon el posicionamiento de organizaciones de derechos humanos como Amnist\u00eda Internacional y Art\u00edculo 19 M\u00e9xico.&nbsp;&nbsp;<\/p>\n\n\n\n<h2 class=\"wp-block-heading\"><em>PERIODISTAS DE MAZATL\u00c1N PIDEN UN ALTO A LA IMPUNIDAD\u00a0<\/em><\/h2>\n\n\n\n<p class=\"wp-block-paragraph\">La periodista Carla Gonz\u00e1lez de El Sol de Mazatl\u00e1n report\u00f3. &nbsp;Al grito de justicia,&nbsp;periodistas de Mazatl\u00e1n&nbsp;participaron este martes por la tarde en una&nbsp;protesta pac\u00edfica&nbsp;en la que unieron sus voces para exigir un alto a la impunidad y que se esclarezcan los&nbsp;asesinatos de sus compa\u00f1eros y compa\u00f1eras de profesi\u00f3n.<\/p>\n\n\n\n<p class=\"wp-block-paragraph\">El parador fotogr\u00e1fico ubicado en el cruce de las avenidas Del Mar y Rafael Buelna fue el punto de reuni\u00f3n de esta movilizaci\u00f3n que alcanz\u00f3 car\u00e1cter nacional al ser replicada en al menos\u00a035 ciudades de todo el pa\u00eds.<\/p>\n\n\n\n<figure class=\"wp-block-image size-full\"><a href=\"https:\/\/redsemlac.com\/semmexico\/wp-content\/uploads\/2022\/01\/PERIODISTAS-16.jpg\"><img loading=\"lazy\" decoding=\"async\" width=\"768\" height=\"479\" src=\"https:\/\/redsemlac.com\/semmexico\/wp-content\/uploads\/2022\/01\/PERIODISTAS-16.jpg\" alt=\"\" class=\"wp-image-44698\"\/><\/a><figcaption> Participan en marcha pac\u00edfica en protesta por los reporteros que han sido asesinados en el pa\u00eds\/ Foto: Fausto Mcconegly | El Sol de Mazatl\u00e1n  <\/figcaption><\/figure>\n\n\n\n<p class=\"wp-block-paragraph\">Adem\u00e1s de periodistas, particip\u00f3 la ciudadan\u00eda, que se uni\u00f3 a la causa, como el caso del se\u00f1or Rafael M\u00e9ndez.<\/p>\n\n\n\n<p class=\"wp-block-paragraph\"><em>\u201cMe un\u00ed a esta manifestaci\u00f3n, a este llamado para exigir que se pare esa violencia que se est\u00e1 presentando, no nada m\u00e1s en ustedes, el gremio period\u00edstico, sino en la sociedad en general, pero ustedes los periodistas tienen la fuerza de darse a conocer, nosotros como sociedad no tenemos esa fuerza; eso fue lo que me impuls\u00f3 a unirme a ustedes para expresar mi inconformidad. Los periodistas, por decir la verdad, por decir cosas que afectan los intereses de los que est\u00e1n arriba, terminan as\u00ed, asesinados\u201d<\/em>, dijo.<\/p>\n\n\n\n<p class=\"wp-block-paragraph\">Periodistas mazatlecos alzaron la voz para recordar que M\u00e9xico es uno de los pa\u00edses m\u00e1s peligrosos para ejercer el periodismo, de acuerdo a la ONU y a diversas organizaciones internacionales encargadas de analizar la situaci\u00f3n de la prensa a nivel mundial.<\/p>\n\n\n\n<h1 class=\"wp-block-heading\"><em>PERIODISTAS EN E SONORA MARCHAN POR ASESINATOS DE COLEGAS<\/em><\/h1>\n\n\n\n<figure class=\"wp-block-image size-full\"><a href=\"https:\/\/redsemlac.com\/semmexico\/wp-content\/uploads\/2022\/01\/PERIODISTAS-19.jpg\"><img loading=\"lazy\" decoding=\"async\" width=\"768\" height=\"479\" src=\"https:\/\/redsemlac.com\/semmexico\/wp-content\/uploads\/2022\/01\/PERIODISTAS-19.jpg\" alt=\"\" class=\"wp-image-44701\"\/><\/a><figcaption> Periodistas de Cajeme se manifestaron como parte del movimiento nacional contra el asesinato y violencia hacia este gremio en el pa\u00eds \/ Foto: Cortes\u00eda | Ariana Monteverde <\/figcaption><\/figure>\n\n\n\n<p class=\"wp-block-paragraph\">La periodista Yoanna Romo de El Sol de Hermosillo inform\u00f3 que m\u00e1s de una docena de periodistas de Cajeme se manifestaron en Ciudad Obreg\u00f3n como parte del movimiento nacional contra el asesinato y violencia hacia este gremio en el pa\u00eds.<\/p>\n\n\n\n<p class=\"wp-block-paragraph\">Los asistentes a la marcha y protesta acudieron a la sede de la Fiscal\u00eda General de la Rep\u00fablica con la finalidad de unirse a otras manifestaciones que se realizaron en diversas entidades y exponer la situaci\u00f3n que viven los periodistas en M\u00e9xico.<\/p>\n\n\n\n<figure class=\"wp-block-image size-full\"><a href=\"https:\/\/redsemlac.com\/semmexico\/wp-content\/uploads\/2022\/01\/PERIODISTAS-20.jpg\"><img loading=\"lazy\" decoding=\"async\" width=\"720\" height=\"480\" src=\"https:\/\/redsemlac.com\/semmexico\/wp-content\/uploads\/2022\/01\/PERIODISTAS-20.jpg\" alt=\"\" class=\"wp-image-44702\"\/><\/a><figcaption> Los asistentes acudieron a la sede de la FGR para exponer la situaci\u00f3n que viven los periodistas en M\u00e9xico \/ Foto: Mike Acosta y Sof\u00eda Calvillo | El Sol de Hermosillo <\/figcaption><\/figure>\n\n\n\n<p class=\"wp-block-paragraph\">La marcha y la protesta se inici\u00f3 a las 17:00 horas a las afueras de la delegaci\u00f3n de la FGR, donde ley\u00f3 el pronunciamiento preparado en el pa\u00eds por la violencia que viven los periodistas.<\/p>\n\n\n\n<p class=\"wp-block-paragraph\">Sergio Anaya, dirigente de la Asociaci\u00f3n de Periodistas del Valle del Yaqui declar\u00f3 que es indispensable que los periodistas de Ciudad Obreg\u00f3n alcen la voz por la ola de agresiones que se registra en el pa\u00eds contra el gremio period\u00edstico.<\/p>\n\n\n\n<p class=\"wp-block-paragraph\">&nbsp;\u201cEs algo que dentro de una ciudad con tanta violencia como Cajeme nos preocupa de manera especial, no es un llamado para que nos protejan nada m\u00e1s a nosotros sino a toda la sociedad\u201d, expres\u00f3.<\/p>\n\n\n\n<p class=\"wp-block-paragraph\">Toda la sociedad est\u00e1 expuesta independientemente de la labor que realiza, agreg\u00f3, pero como gremio se unen en solidaridad por los compa\u00f1eros que han sido v\u00edctimas de la violencia.<\/p>\n\n\n\n<h2 class=\"wp-block-heading\"><strong><em>CIUDAD DE M\u00c9XICO<\/em><\/strong><\/h2>\n\n\n\n<p class=\"wp-block-paragraph\">Justicia para Lourdes, justicia para Margarito, justicia para Jos\u00e9 Luis, justicia para todos los periodistas asesinados. \u00a1Ni un periodista m\u00e1s! \u00a0<\/p>\n\n\n\n<p class=\"wp-block-paragraph\">En la congregaci\u00f3n de alrededor de 700 colegas entre periodistas, fot\u00f3grafos y familiares de v\u00edctimas en la CDMX que se llev\u00f3 a cabo a las 20:00 horas, frente a la Secretaria de Gobernaci\u00f3n, tomaron la palabra unos quince oradores que compartieron el grito de: \u00a1Justicia para Lourdes, justicia para Margarito, justicia para Jos\u00e9 Luis, justicia para todos los periodistas asesinados! \u00a1Ni un periodista m\u00e1s!, luego enlistaron una serie de violaciones a sus derechos b\u00e1sicos como detenciones arbitrarias, desplazamientos por amenazas de muerte, desapariciones forzadas y por supuesto los asesinatos de compa\u00f1eros y familiares, algunos otros exhibieron la actitud dictatorial de Barbosa en Puebla, que ha amenazado a los medios y acallado cr\u00edticas a su gesti\u00f3n.<\/p>\n\n\n\n<p class=\"wp-block-paragraph\">Dijeron, en un pronunciamiento que fue difundido 24 horas antes a todo el pa\u00eds, que se firm\u00f3 por 35 mil personas seg\u00fan la cuenta de esta ma\u00f1ana y que fue le\u00eddo este 25 de enero en todas las plazas, las movilizaciones y m\u00edtines del pa\u00eds.<\/p>\n\n\n\n<figure class=\"wp-block-image size-large\"><a href=\"https:\/\/redsemlac.com\/semmexico\/wp-content\/uploads\/2022\/01\/PERIODISTAS-21.jpg\"><img decoding=\"async\" src=\"https:\/\/redsemlac.com\/semmexico\/wp-content\/uploads\/2022\/01\/PERIODISTAS-21-1024x576.jpg\" alt=\"\" class=\"wp-image-44703\"\/><\/a><\/figure>\n\n\n\n<p class=\"wp-block-paragraph\">Frente a la entrada principal de la Secretar\u00eda de Gobernaci\u00f3n, en la Ciudad de M\u00e9xico se reiter\u00f3 que el ejercicio del periodismo \u201cmata todos los d\u00edas\u201d con condiciones laborales precarias que no amparan ni siquiera las necesidades b\u00e1sicas y la cr\u00edtica del in\u00fatil mecanismo de protecci\u00f3n del \u00abbot\u00f3n de p\u00e1nico\u00bb del que dependen en situaciones de alto riesgo.<\/p>\n\n\n\n<p class=\"wp-block-paragraph\">Mientras la ausencia hist\u00f3rica de los gobiernos e incluso las opiniones del Ex presidente Felipe Calder\u00f3n en su cuenta de twitter que han calificado de absurda por una preocupaci\u00f3n temporal, la cr\u00edtica por la ausencia del Subsecretario de Derechos Humanos, Poblaci\u00f3n y Migraci\u00f3n de la Secretar\u00eda de Gobernaci\u00f3n, Alejandro Encinas Rodr\u00edguez, y las recientes declaraciones del Presidente Andr\u00e9s Manuel L\u00f3pez Obrador en tanto de garantizar un proceso confiable en las investigaciones, el camino es largo y pedregoso para establecer un \u00e1mbito seguro para los trabajadores de la comunicaci\u00f3n.<\/p>\n\n\n\n<p class=\"wp-block-paragraph\">&nbsp;Antonio Aranda de Grupo Acir, record\u00f3 la fat\u00eddica cifra que empa\u00f1a la impunidad en donde el 90 por ciento de casos de periodistas no se resuelven.<\/p>\n\n\n\n<p class=\"wp-block-paragraph\">En las antiguas batallas, respetar la vida del emisario portador de noticias del ej\u00e9rcito enemigo era una pizca de civilidad entre los r\u00edos de sangre y carne humana. Desafortunadamente, eran sometidos a la barbarie, no pocos heraldos en cumplimiento de su labor a manos del tirano. Hoy tras el recorrido de una larga historia desde las ballestas hasta las&nbsp;<em>AK-47<\/em>&nbsp;ba\u00f1adas en oro, la condici\u00f3n de los comunicadores sigue al rojo vivo como desde entonces.<\/p>\n\n\n\n<p class=\"wp-block-paragraph\">La situaci\u00f3n de M\u00e9xico en la geopol\u00edtica como l\u00edder en listas de corrupci\u00f3n, violencia e impunidad (incluso a la par de pa\u00edses antidemocr\u00e1ticos como Siria, Irak o Afganist\u00e1n), la han convertido en una burbuja con un microclima en donde la vida del periodista, principalmente el de investigaci\u00f3n, pende de un hilo a cada nueva nota, pero las manifestaciones que tuvieron lugar en alrededor de treinta ciudades en todo el pa\u00eds, representa, no solo una exigencia de justicia ante los cr\u00edmenes cometidos en contra de periodistas afiliados e independientes, tambi\u00e9n la urgencia por unificar las batallas que libran cada d\u00eda para conservar su integridad f\u00edsica en cumplimiento de su deber.<\/p>\n\n\n\n<p class=\"wp-block-paragraph\"><strong><em>LA CAUSA<\/em><\/strong><\/p>\n\n\n\n<p class=\"wp-block-paragraph\">Las movilizaciones, los twists, las declaraciones, editoriales, opiniones en televisi\u00f3n y radio, respondieron al asesinato de tres periodistas, dos en Tijuana, y se desat\u00f3 reclamos y convocaron a movilizaciones para este martes desde&nbsp; &nbsp;Tijuana, Baja California al Suchiate en la frontera sur con Guatemala.<\/p>\n\n\n\n<p class=\"wp-block-paragraph\">Qued\u00f3 claro, lo dijeron frente a Gobernaci\u00f3n que&nbsp; se necesita justicia y otros m\u00e9todos de investigaci\u00f3n, limitados los mecanismos de protecci\u00f3n y c\u00f3mo est\u00e1 planteada &nbsp;la complejidad de brindar seguridad a las y los comunicadores en M\u00e9xico,&nbsp;<a href=\"https:\/\/www.dw.com\/es\/m%C3%A9xico-el-pa%C3%ADs-m%C3%A1s-mort%C3%ADfero-del-mundo-para-la-prensa\/a-60540855\">uno de los pa\u00edses m\u00e1s peligrosos para la prensa<\/a>.<\/p>\n\n\n\n<p class=\"wp-block-paragraph\">En las movilizaciones, que tuvieron lugar en hasta 47 ciudades de todo el pa\u00eds, el ambiente se llen\u00f3 de gritos demandas s ante la incesante ola de violencia contra periodistas que vive el pa\u00eds y que parece no solo no terminar, sino que aument\u00f3 desde la llegada del presidente Andr\u00e9s Manuel L\u00f3pez Obrador al Gobierno.<\/p>\n\n\n\n<figure class=\"wp-block-image size-large\"><a href=\"https:\/\/redsemlac.com\/semmexico\/wp-content\/uploads\/2022\/01\/WhatsApp-Image-2022-01-25-at-8.06.40-PM.jpeg\"><img decoding=\"async\" src=\"https:\/\/redsemlac.com\/semmexico\/wp-content\/uploads\/2022\/01\/WhatsApp-Image-2022-01-25-at-8.06.40-PM-1024x768.jpeg\" alt=\"\" class=\"wp-image-44741\"\/><\/a><\/figure>\n\n\n\n<p class=\"wp-block-paragraph\">La manifestaci\u00f3n de la Ciudad de M\u00e9xico fue una de las m\u00e1s multitudinarias, con cientos de periodistas protestando al un\u00edsono en una convocatoria sin precedentes en M\u00e9xico, y lo hicieron frente al edificio de la Secretar\u00eda de Gobernaci\u00f3n.<\/p>\n\n\n\n<p class=\"wp-block-paragraph\">El fot\u00f3grafo Margarito Mart\u00ednez y la reportera Lourdes Maldonado fueron asesinados el 17 y el 23 de enero, respectivamente. Ambos, baleados, hab\u00edan denunciado amenazas y solicitado protecci\u00f3n al mecanismo de seguridad en Baja California. \u00abEste mecanismo nuevamente falla cuando los periodistas se sienten m\u00e1s vulnerables\u00bb, declar\u00f3 a la Sonia de Anda, reportera de Tijuana y consejera del sistema estatal de protecci\u00f3n a defensores de derechos humanos y comunicadores.<\/p>\n\n\n\n<p class=\"wp-block-paragraph\">A los cr\u00edmenes de Tijuana se suma el del periodista retirado Jos\u00e9 Luis Gamboa, de Veracruz quien el 10 de enero recibi\u00f3 varias pu\u00f1aladas que le costaron la vida. Las autoridades investigan si la agresi\u00f3n estuviera ligada a sus comentarios en redes sociales.<\/p>\n\n\n\n<p class=\"wp-block-paragraph\">La hist\u00f3rica movilizaci\u00f3n para protestar por la violencia contra la prensa, encabezada por miles de periodistas mexicanos, se dio pr\u00e1cticamente en los 32 estados a lo largo y ancho del pa\u00eds para exigir justicia por sus tres colegas asesinados recientemente, pero tambi\u00e9n por los que han sido ultimados en a\u00f1os previos.<\/p>\n\n\n\n<p class=\"wp-block-paragraph\">De Anda explic\u00f3 que Mart\u00ednez fue amenazado por un bloguero presuntamente ligado a criminales, pero jam\u00e1s se concret\u00f3 una medida de seguridad. Maldonado, en tanto, ten\u00eda desde hace un a\u00f1o custodia policial para cuando llegaba y sal\u00eda de su casa. Pero el domingo le dispararon justo cuando estaba en su autom\u00f3vil, frente a su domicilio. \u00abEvidentemente no hab\u00eda polic\u00edas esa noche\u00bb, lament\u00f3 De Anda, que tambi\u00e9n integra el colectivo&nbsp;<em>Yo s\u00ed soy periodista<\/em>.<\/p>\n\n\n\n<figure class=\"wp-block-image size-full\"><a href=\"https:\/\/redsemlac.com\/semmexico\/wp-content\/uploads\/2022\/01\/PERIODISTAS-22.jpg\"><img loading=\"lazy\" decoding=\"async\" width=\"768\" height=\"400\" src=\"https:\/\/redsemlac.com\/semmexico\/wp-content\/uploads\/2022\/01\/PERIODISTAS-22.jpg\" alt=\"\" class=\"wp-image-44704\"\/><\/a><\/figure>\n\n\n\n<p class=\"wp-block-paragraph\">Sabemos que, en el pa\u00eds, por ley federal existe desde 2012 un mecanismo de protecci\u00f3n para defensores de derechos humanos y periodistas, que ahora cobija a 496 comunicadores.<\/p>\n\n\n\n<p class=\"wp-block-paragraph\">Jorge Carrasco, director del semanario&nbsp;<em>Proceso<\/em>, se acogi\u00f3 a ese mecanismo en 2013 tras ser amenazado de muerte por su trabajo. Le asignaron un guardia y colocaron c\u00e1maras en su casa. \u00abEn mi caso funcion\u00f3. Pero el mecanismo qued\u00f3 rebasado, fueron tantos casos\u00bb, afirm\u00f3 al subrayar adem\u00e1s falta de compromiso de otras autoridades y la nula coordinaci\u00f3n con gobiernos estatales.<\/p>\n\n\n\n<p class=\"wp-block-paragraph\">As\u00ed ocurri\u00f3 en Baja California, donde la entrada de un nuevo Gobierno dej\u00f3 en suspenso la seguridad para un pu\u00f1ado de periodistas. \u00abPor el cambio de gobernador, el mecanismo dej\u00f3 de operar. Apenas hoy (lunes) iban a reinstalarlo. En el inter nos mataron a dos compa\u00f1eros\u00bb, lament\u00f3 De Anda.<\/p>\n\n\n\n<p class=\"wp-block-paragraph\">Art\u00edculo 19 ha documentado del a\u00f1o 2000 a la fecha 148 asesinatos de periodistas en relaci\u00f3n con su labor informativa. Del total, 136 hombres y 12 mujeres.<\/p>\n\n\n\n<p class=\"wp-block-paragraph\"><strong>EN BENEFICIO DE NUESTRAS Y NUESTROS LECTORES<\/strong><\/p>\n\n\n\n<p class=\"wp-block-paragraph\"><strong><em>EL TEXTO DE LA PETICI\u00d3N LEIDA EN TODO EL PA\u00cdS, QUE CUENTA YA 35 MIL FIRMAS<\/em><\/strong><\/p>\n\n\n\n<p class=\"wp-block-paragraph\"><a href=\"https:\/\/www.change.org\/o\/periodistas_de_m%C3%A9xico\">Periodistas de M\u00e9xico<\/a>&nbsp;lanz\u00f3 esta petici\u00f3n dirigida para&nbsp;Andr\u00e9s Manuel L\u00f3pez Obrador (Presidente Constitucional de la Rep\u00fablica Mexicana)&nbsp;y&nbsp;4 otros\/as<\/p>\n\n\n\n<p class=\"wp-block-paragraph\">M\u00e9xico es considerado como uno de los pa\u00edses m\u00e1s peligrosos para ejercer el periodismo&nbsp;de acuerdo a la ONU y diversas organizaciones internacionales especializadas en analizar la situaci\u00f3n de la prensa a nivel mundial como Reporteros Sin Fronteras, el Comit\u00e9 de Protecci\u00f3n a Periodistas, Art\u00edculo 19, entre otras.&nbsp;<\/p>\n\n\n\n<p class=\"wp-block-paragraph\">Tan s\u00f3lo en lo que va del sexenio de Andr\u00e9s Manuel L\u00f3pez Obrador, seg\u00fan ha documentado Art\u00edculo 19,&nbsp;han sido asesinados 28 comunicadores.<\/p>\n\n\n\n<p class=\"wp-block-paragraph\">A solo 23 d\u00edas de que inici\u00f3 este 2022&nbsp;ya suman tres periodistas asesinados:<\/p>\n\n\n\n<ul class=\"wp-block-list\"><li>Jos\u00e9 Luis Gamboa, 10 de enero, Veracruz<\/li><li>Margarito Mart\u00ednez Esquivel, 17 de enero, Tijuana<\/li><li>Lourdes Maldonado, 23 de enero, Tijuana<\/li><\/ul>\n\n\n\n<p class=\"wp-block-paragraph\">Art\u00edculo 19 ha documentado del a\u00f1o 2000 a la fecha 148 asesinatos de periodistas en relaci\u00f3n con su labor informativa. Del total, 136 hombres y 12 mujeres.<\/p>\n\n\n\n<p class=\"wp-block-paragraph\">Vemos con rabia e indignaci\u00f3n que los cr\u00edmenes contra periodistas en el pa\u00eds siguen en la impunidad, matar a un periodista en M\u00e9xico, es como matar a nadie: lejos de que haya investigaciones serias por parte de las Fiscal\u00edas en los estados y la federal para que sepamos por qu\u00e9 matan a periodistas en este pa\u00eds y haya justicia, la cifra va en aumento.<\/p>\n\n\n\n<p class=\"wp-block-paragraph\">En el territorio mexicano, la violencia de Estado que incluye la presencia del crimen organizado coludido con los gobiernos de los diferentes niveles ha provocado zonas de silencio donde no hay condiciones para ejercer nuestra labor. Han asesinado, desaparecido, amenazado y obligado a periodistas a desplazarse de sus entidades.&nbsp;<\/p>\n\n\n\n<p class=\"wp-block-paragraph\">En un pa\u00eds feminicida como M\u00e9xico, donde asesinan a 11 mujeres cada d\u00eda, el asesinato de una mujer periodista debe interpelamos y mortificarnos tambi\u00e9n a nivel social pues toca las fibras m\u00e1s sensibles de un lugar donde se ha roto el tejido social.&nbsp;<\/p>\n\n\n\n<p class=\"wp-block-paragraph\">Durante el 2021, se document\u00f3 que cada 38 horas una mujer periodista o comunicadora es sujeta de alg\u00fan tipo de violencia por su labor de comunicar.&nbsp;<\/p>\n\n\n\n<p class=\"wp-block-paragraph\">Casos como el de Lourdes Maldonado quien notific\u00f3 al Mecanismo federal y estatal, que tem\u00eda por su vida pone en evidencia no s\u00f3lo la limitada capacidad con la que cuentan los estados para reaccionar de forma pronta, efectiva y expedita e incluso para incorporar las necesidades y contextos diferenciados, sino que visibiliza la falta de una perspectiva de protecci\u00f3n integral.<\/p>\n\n\n\n<p class=\"wp-block-paragraph\">\u200b\u200bSumado a la inseguridad y la falta de resoluci\u00f3n en los asesinatos de los colegas periodistas est\u00e1 la precarizaci\u00f3n laboral, ganando salarios paup\u00e9rrimos por jornadas que nunca terminan.<\/p>\n\n\n\n<p class=\"wp-block-paragraph\">Lourdes Maldonado acudi\u00f3 en 2019 a la conferencia ma\u00f1anera a solicitarle a L\u00f3pez Obrador ayuda por un juicio laboral que gan\u00f3 recientemente contra el ex gobernador de Baja California, Jaime Bonilla. Apenas pod\u00eda celebrar este triunfo, cuando fue asesinada cobardemente.<\/p>\n\n\n\n<figure class=\"wp-block-image size-full\"><a href=\"https:\/\/redsemlac.com\/semmexico\/wp-content\/uploads\/2022\/01\/PERIODISTAS-28.jpg\"><img loading=\"lazy\" decoding=\"async\" width=\"800\" height=\"450\" src=\"https:\/\/redsemlac.com\/semmexico\/wp-content\/uploads\/2022\/01\/PERIODISTAS-28.jpg\" alt=\"\" class=\"wp-image-44710\"\/><\/a><\/figure>\n\n\n\n<p class=\"wp-block-paragraph\">As\u00ed, en M\u00e9xico no tenemos condiciones para desarrollar nuestra labor informativa en el d\u00eda a d\u00eda por las p\u00e9simas condiciones laborales y la explotaci\u00f3n que somos objeto y adem\u00e1s tampoco tenemos condiciones de seguridad que nos permitan no morir en el intento cuando se trata de informar a la poblaci\u00f3n.<\/p>\n\n\n\n<p class=\"wp-block-paragraph\">Vemos con preocupaci\u00f3n que hay una responsabilidad pol\u00edtica, empresarial y judicial con el gremio que no ha sido asumida. Mientras las empresas period\u00edsticas obtienen ganancias millonarias.<\/p>\n\n\n\n<p class=\"wp-block-paragraph\">Ante este panorama, las, les y los periodistas nos manifestamos en distintas latitudes para exigir justicia.<\/p>\n\n\n\n<p class=\"wp-block-paragraph\">Como periodistas estamos convencidos de que nuestro trabajo es fundamental para la sociedad, es importante garantizar la libertad de expresi\u00f3n y el acceso a la informaci\u00f3n, que es un bien p\u00fablico, aunque los gobiernos nos vean como enemigos del Estado.<\/p>\n\n\n\n<p class=\"wp-block-paragraph\">La seguridad de las, les y los periodistas tambi\u00e9n es responsabilidad del Estado y nos debe garantizar todas las condiciones para ejercer nuestra labor sin que nuestra vida corra peligro.&nbsp;<\/p>\n\n\n\n<p class=\"wp-block-paragraph\">Demandamos el inmediato esclarecimiento de los asesinatos de todas y todos los periodistas.&nbsp;<\/p>\n\n\n\n<p class=\"wp-block-paragraph\">Exigimos justicia para nuestros colegas y sus familias. \u00a1No m\u00e1s periodistas asesinados! \u00a1No m\u00e1s periodistas desaparecidos!&nbsp;<\/p>\n\n\n\n<p class=\"wp-block-paragraph\">#NiSilencioNiOlvido<\/p>\n\n\n\n<p class=\"wp-block-paragraph\">#NoSeMataLaVerdad<\/p>\n\n\n\n<p class=\"wp-block-paragraph\">#SinMasPeriodistasEnSusListas<\/p>\n\n\n\n<p class=\"wp-block-paragraph\">#PeriodismoEnRiesgo<\/p>\n\n\n\n<p class=\"wp-block-paragraph\">.<\/p>\n","protected":false},"excerpt":{"rendered":"<p>Denuncian ataques y estigmatizaci\u00f3n como una invitaci\u00f3n a matar y silenciar<\/p>\n","protected":false},"author":3,"featured_media":44740,"comment_status":"open","ping_status":"open","sticky":false,"template":"","format":"standard","meta":{"_monsterinsights_skip_tracking":false,"footnotes":""},"categories":[693,55],"tags":[],"class_list":["post-44739","post","type-post","status-publish","format-standard","has-post-thumbnail","category-693","category-periodistas"],"_links":{"self":[{"href":"https:\/\/redsemlac.com\/semmexico\/wp-json\/wp\/v2\/posts\/44739","targetHints":{"allow":["GET"]}}],"collection":[{"href":"https:\/\/redsemlac.com\/semmexico\/wp-json\/wp\/v2\/posts"}],"about":[{"href":"https:\/\/redsemlac.com\/semmexico\/wp-json\/wp\/v2\/types\/post"}],"author":[{"embeddable":true,"href":"https:\/\/redsemlac.com\/semmexico\/wp-json\/wp\/v2\/users\/3"}],"replies":[{"embeddable":true,"href":"https:\/\/redsemlac.com\/semmexico\/wp-json\/wp\/v2\/comments?post=44739"}],"version-history":[{"count":0,"href":"https:\/\/redsemlac.com\/semmexico\/wp-json\/wp\/v2\/posts\/44739\/revisions"}],"wp:featuredmedia":[{"embeddable":true,"href":"https:\/\/redsemlac.com\/semmexico\/wp-json\/wp\/v2\/media\/44740"}],"wp:attachment":[{"href":"https:\/\/redsemlac.com\/semmexico\/wp-json\/wp\/v2\/media?parent=44739"}],"wp:term":[{"taxonomy":"category","embeddable":true,"href":"https:\/\/redsemlac.com\/semmexico\/wp-json\/wp\/v2\/categories?post=44739"},{"taxonomy":"post_tag","embeddable":true,"href":"https:\/\/redsemlac.com\/semmexico\/wp-json\/wp\/v2\/tags?post=44739"}],"curies":[{"name":"wp","href":"https:\/\/api.w.org\/{rel}","templated":true}]}}