{"id":44678,"date":"2022-01-25T17:54:06","date_gmt":"2022-01-25T23:54:06","guid":{"rendered":"https:\/\/redsemlac.com\/semmexico\/?p=44678"},"modified":"2023-07-21T18:57:39","modified_gmt":"2023-07-21T23:57:39","slug":"exigen-periodistas-de-oaxaca-justicia-para-lourdes-maldonado","status":"publish","type":"post","link":"https:\/\/redsemlac.com\/semmexico\/exigen-periodistas-de-oaxaca-justicia-para-lourdes-maldonado\/","title":{"rendered":"Exigen periodistas de Oaxaca justicia para Lourdes Maldonado"},"content":{"rendered":"\n<ul class=\"wp-block-list\"><li><strong>Se unen la movilizaci\u00f3n nacional Periodismo en Riesgo convocados por la APO<\/strong><\/li><\/ul>\n\n\n\n<ul class=\"wp-block-list\"><li><strong>Utilizan desde el gobierno al crimen organizado para eliminar periodistas<\/strong><\/li><\/ul>\n\n\n\n<p class=\"wp-block-paragraph\"><strong>Lorena Vaniezcot<\/strong><\/p>\n\n\n\n<p class=\"wp-block-paragraph\">SemM\u00e9xico, Oaxaca, 25 de enero, 2022.- Periodistas, mujeres y hombres, de esta entidad realizaron hoy una protesta, como parte de la movilizaci\u00f3n nacional Periodismo en Riesgo para exigir se esclarezcan los asesinatos en contra de periodistas asesinados en Tijuana, Baja California, en espec\u00edfico Lourdes Maldonado L\u00f3pez.<\/p>\n\n\n\n<p class=\"wp-block-paragraph\">Convocados por la Asociaci\u00f3n de Periodistas de Oaxaca (APO), asistieron reporteros de diversas organizaciones quienes coincidieron al se\u00f1alar que existe un alto \u00edndice de impunidad en los asesinatos cometidos contra representantes de la prensa mexicana, se\u00f1alaron que la profesi\u00f3n de informar es de alto riesgo bajo la complacencia de las autoridades.<\/p>\n\n\n\n<p class=\"wp-block-paragraph\">Felipe S\u00e1nchez, uno de los tres dirigentes de la APO, afirm\u00f3 que en m\u00e1s de 50 a\u00f1os como periodista nunca hab\u00eda visto tanta agresividad en contra de los trabajadores de los medios de comunicaci\u00f3n, \u201cest\u00e1n censurando con estos asesinatos para siempre la liberta de expresi\u00f3n\u201d y se\u00f1al\u00f3 que lo que hoy vive el gremio es un drama que debe mantenernos unidos.<\/p>\n\n\n\n<p class=\"wp-block-paragraph\">El tambi\u00e9n dirigente de la APO, Andr\u00e9s Rodr\u00edguez Ortiz, dijo que los organismos encargados de impartir justicia no han resuelto los asesinatos, \u201cha llegado el momento de combatir el flagelo de la impunidad, consecuencia inequ\u00edvoca de una red de complicidades\u201d.<\/p>\n\n\n\n<figure class=\"wp-block-image size-large\"><a href=\"https:\/\/redsemlac.com\/semmexico\/wp-content\/uploads\/2022\/01\/WhatsApp-Image-2022-01-25-at-4.09.46-PM-1.jpeg\"><img decoding=\"async\" src=\"https:\/\/redsemlac.com\/semmexico\/wp-content\/uploads\/2022\/01\/WhatsApp-Image-2022-01-25-at-4.09.46-PM-1-1024x682.jpeg\" alt=\"\" class=\"wp-image-44679\"\/><\/a><\/figure>\n\n\n\n<p class=\"wp-block-paragraph\">Rodr\u00edguez Ortiz cit\u00f3 que decir la verdad lastima los intereses de poderosos y cit\u00f3 una lista de \u201cpoderosos corruptos\u201d, funcionarios, pol\u00edticos, grupos sociales, empresarios y candidatos de partidos pol\u00edticos.<\/p>\n\n\n\n<p class=\"wp-block-paragraph\">En la plazuela de la Libertad de Expresi\u00f3n y junto al busto de Ricardo Flores Mag\u00f3n, tambi\u00e9n habl\u00f3 Alejando L\u00f3pez de la APO, refiri\u00f3 que tras el asesinato de Lourdes Maldonado naci\u00f3 la movilizaci\u00f3n nacional Periodismo en Riesgo \u201cNo se mata la verdad matando periodistas\u201d.<\/p>\n\n\n\n<p class=\"wp-block-paragraph\">Record\u00f3 tambi\u00e9n al fotoperiodista independiente Margarito Mart\u00ednez asesinado el pasado 17 de enero, tambi\u00e9n en la ciudad de Tijuana, as\u00ed como a el director de Inforegio, Jos\u00e9 Luis Gamboa, asesinado en Veracruz el 10 de enero pasado y dijo que de acuerdo con Art\u00edculo 19 desde el a\u00f1o 2000 a la fecha 148 periodistas han sido asesinados en todo el pa\u00eds.<\/p>\n\n\n\n<p class=\"wp-block-paragraph\">El reporte de periodistas asesinados, 132 hombres que representa un porcentaje del 92 por ciento, y 12 mujeres, ocho por ciento, incluida la compa\u00f1era fotoperiodista oaxaque\u00f1a Mar\u00eda del Sol Cruz Jarqu\u00edn.<\/p>\n\n\n\n<p class=\"wp-block-paragraph\">A su vez, Alfredo Mart\u00ednez de Aguilar, columnista oaxaque\u00f1o enf\u00e1tico denunci\u00f3 que las autoridades de los tres \u00f3rdenes de gobierno, muchas veces, como est\u00e1 documentado, utilizan al crimen organizado o al narcotr\u00e1fico para eliminar a las y los periodistas. Est\u00e1 m\u00e1s que probado que a pesar de los m\u00e1s de cien compa\u00f1eros ejecutados, han convertido a M\u00e9xico en un Estado fallido.<\/p>\n\n\n\n<p class=\"wp-block-paragraph\">La opci\u00f3n que tenemos para frenar y resolver estos casos que siguen en la impunidad, obligan a demandar la intervenci\u00f3n p\u00fablica de los organismos internacionales defensores de la libertad de expresi\u00f3n, libertad de prensa, defensa de los periodistas y de la comisi\u00f3n interamericana de derechos humanos y de la comisi\u00f3n internacional de justicia, para que atraiga los expedientes de los casos que permanecen impunes. De lo contrario, me duele decirles, que nada pasar\u00e1.<\/p>\n\n\n\n<p class=\"wp-block-paragraph\">La periodista Soledad Jarqu\u00edn Edgar, de SemM\u00e9xico lament\u00f3 que de nueva cuenta estemos en la calle exigiendo justicia, record\u00f3 a Lourdes Maldonado, una de las periodistas que en 1995 integraron la Red Nacional de Periodistas, y destac\u00f3 su trabajo y sororidad con el resto de las compa\u00f1eras, \u201ca m\u00ed me dio espacio para denunciar, en m\u00e1s de una ocasi\u00f3n, el asesinato de mi hija Mar\u00eda del Sol\u201d.<\/p>\n\n\n\n<p class=\"wp-block-paragraph\">Por eso nos duele hoy exigir justicia para Lourdes Maldonado y si no lo hacemos hoy y pedimos que termine la impunidad, seguramente seguiremos doli\u00e9ndonos, porque las autoridades siguen sin atender las razones por las cuales el periodismo se ha convertido en una profesi\u00f3n de alt\u00edsimo riesgo y eso ya no podemos tolerarlo, puntualiz\u00f3.<\/p>\n\n\n\n<p class=\"wp-block-paragraph\">Por el Grupo de Prensa Oaxaca, Metztli Beltr\u00e1n Lira, ley\u00f3 un pronunciamiento dirigido al presidente Andr\u00e9s Manuel L\u00f3pez Obrador y al gobernador de Oaxaca, Alejandro Murat Hinojosa, a quienes demand\u00f3 garant\u00edas para el ejercicio del periodismo y llam\u00f3 al Congreso local a realizar las reformas necesarias para establecer un marco legal para las y los periodistas.<\/p>\n\n\n\n<p class=\"wp-block-paragraph\">Conden\u00f3 el asesinato de Lourdes Maldonado, cuyas s\u00faplicas frente al presidente L\u00f3pez Obrador fueron ignoradas y dijo que lamentablemente este crimen se suma a una larga lista de periodistas sacrificados en M\u00e9xico por la falta de garant\u00edas y la corrupci\u00f3n.<\/p>\n\n\n\n<p class=\"wp-block-paragraph\">Beltr\u00e1n Lira dijo que los flagelos siguen siendo la censura, la intimidaci\u00f3n, la violencia y lo m\u00e1s reprobable, el asesinato a periodistas que han tenido el valor de exhibir la corrupci\u00f3n y el abuso por parte de las autoridades y Oaxaca no es la excepci\u00f3n.<\/p>\n","protected":false},"excerpt":{"rendered":"<p>Se unen la movilizaci\u00f3n nacional Periodismo en Riesgo convocados por la APO<\/p>\n","protected":false},"author":3,"featured_media":44680,"comment_status":"open","ping_status":"open","sticky":false,"template":"","format":"standard","meta":{"_monsterinsights_skip_tracking":false,"footnotes":""},"categories":[693,55],"tags":[],"class_list":["post-44678","post","type-post","status-publish","format-standard","has-post-thumbnail","category-693","category-periodistas"],"_links":{"self":[{"href":"https:\/\/redsemlac.com\/semmexico\/wp-json\/wp\/v2\/posts\/44678","targetHints":{"allow":["GET"]}}],"collection":[{"href":"https:\/\/redsemlac.com\/semmexico\/wp-json\/wp\/v2\/posts"}],"about":[{"href":"https:\/\/redsemlac.com\/semmexico\/wp-json\/wp\/v2\/types\/post"}],"author":[{"embeddable":true,"href":"https:\/\/redsemlac.com\/semmexico\/wp-json\/wp\/v2\/users\/3"}],"replies":[{"embeddable":true,"href":"https:\/\/redsemlac.com\/semmexico\/wp-json\/wp\/v2\/comments?post=44678"}],"version-history":[{"count":0,"href":"https:\/\/redsemlac.com\/semmexico\/wp-json\/wp\/v2\/posts\/44678\/revisions"}],"wp:featuredmedia":[{"embeddable":true,"href":"https:\/\/redsemlac.com\/semmexico\/wp-json\/wp\/v2\/media\/44680"}],"wp:attachment":[{"href":"https:\/\/redsemlac.com\/semmexico\/wp-json\/wp\/v2\/media?parent=44678"}],"wp:term":[{"taxonomy":"category","embeddable":true,"href":"https:\/\/redsemlac.com\/semmexico\/wp-json\/wp\/v2\/categories?post=44678"},{"taxonomy":"post_tag","embeddable":true,"href":"https:\/\/redsemlac.com\/semmexico\/wp-json\/wp\/v2\/tags?post=44678"}],"curies":[{"name":"wp","href":"https:\/\/api.w.org\/{rel}","templated":true}]}}