{"id":44669,"date":"2022-01-25T15:51:58","date_gmt":"2022-01-25T21:51:58","guid":{"rendered":"https:\/\/redsemlac.com\/semmexico\/?p=44669"},"modified":"2023-07-21T18:57:40","modified_gmt":"2023-07-21T23:57:40","slug":"amlo-considera-que-los-asesinatos-de-periodistas-los-aprovechan-sus-adversarios","status":"publish","type":"post","link":"https:\/\/redsemlac.com\/semmexico\/amlo-considera-que-los-asesinatos-de-periodistas-los-aprovechan-sus-adversarios\/","title":{"rendered":"Amlo considera que los asesinatos de periodistas los aprovechan sus adversarios"},"content":{"rendered":"\n<ul class=\"wp-block-list\"><li><strong>Luego lanz\u00f3 acusaciones y les llam\u00f3 hip\u00f3critas, y afirm\u00f3 \u201cno somos los mismos de antes\u201d<\/strong><\/li><li><strong>Asegur\u00f3 que habr\u00e1 investigaci\u00f3n y mostr\u00f3 los videos donde Lourdes Maldonado le pidi\u00f3 ayuda<\/strong><\/li><\/ul>\n\n\n\n<p class=\"wp-block-paragraph\"><strong>Redacci\u00f3n<\/strong><\/p>\n\n\n\n<p class=\"wp-block-paragraph\">SemM\u00e9xico, Cd. de M\u00e9xico, 25 de enero, 2022.- En una ma\u00f1anera para poner distancia, el presidente, Andr\u00e9s Manuel L\u00f3pez Obrador asegur\u00f3 que se llegar\u00e1 a fondo en el asesinato de la periodista Lourdes Maldonado, en Tijuana, quien acudi\u00f3 a la conferencia para pedirle protecci\u00f3n por temer por su vida.<\/p>\n\n\n\n<p class=\"wp-block-paragraph\">Dijo que ella no estaba inscrita en el programa de protecci\u00f3n a periodistas del gobierno federal y refiri\u00f3 que \u201cnosotros estamos obligados a aclarar este crimen, y a evitar que contin\u00faen los asesinatos de periodistas y de ciudadanos. Y tenemos confianza porque somos diferentes, somos distintos a los anteriores gobernantes\u2026\u201d<\/p>\n\n\n\n<p class=\"wp-block-paragraph\">Luego critic\u00f3 a sus adversarios, incluidos los medios de comunicaci\u00f3n, por la campa\u00f1a en su contra que se ha suscitado luego de asegurar que, aunque la comunicadora le pidi\u00f3 apoyo no hizo nada.<\/p>\n\n\n\n<p class=\"wp-block-paragraph\">En la ma\u00f1anera de este 25 de enero mostr\u00f3 el video donde la periodista ultimada le pidi\u00f3 su intervenci\u00f3n y pidi\u00f3 ayuda y justicia por un problema laboral y legal contra una empresa que se negaba a pagarle su salario y que estaba relacionada con Jaime Bonilla Valdez, hoy exgobernador del estado, \u201chasta temo por mi vida.\u201d<\/p>\n\n\n\n<p class=\"wp-block-paragraph\">El presidente en ese video le dice que le pedir\u00eda a Jes\u00fas Ram\u00edrez \u2013 su jefe de prensa- que la apoyara a pedir justicia sin influyentismo.<\/p>\n\n\n\n<p class=\"wp-block-paragraph\">Manifest\u00f3 que \u201cla atendi\u00f3 Jes\u00fas, gan\u00f3 el caso y el a\u00f1o pasado solicit\u00f3 protecci\u00f3n al gobierno de BC\u2026\u201d.<\/p>\n\n\n\n<p class=\"wp-block-paragraph\">Luego dio instrucciones para aclarar el asesinato de la periodista Lourdes Maldonado de Tijuana, B.C: \u201cNosotros no permitimos la impunidad, anteriormente se permit\u00edan relaciones de complicidad, era una banda de malhechores y ahora no, entonces podemos investigar y llegar a fondo porque somos libres, en este caso y en todos los casos\u201d. Asegura que los adversarios quieren proyectar que, aunque fue a pedir ayuda al presidente en la ma\u00f1anera, aun as\u00ed, la mataron. Luego mostr\u00f3 el video.<\/p>\n\n\n\n<p class=\"wp-block-paragraph\">Asegur\u00f3 que la atendi\u00f3 Jes\u00fas, y que \u201cgan\u00f3 el caso y el a\u00f1o pasado solicit\u00f3 protecci\u00f3n al gobierno de BC y se le otorg\u00f3, no estaba inscrita en el mecanismo de protecci\u00f3n del Gobierno Federal, de todas formas, nosotros estamos obligados a aclarar este crimen y a evitar que contin\u00faen estos asesinatos a periodistas.<\/p>\n\n\n\n<p class=\"wp-block-paragraph\">El presidente dijo que hay protestas, manifestaciones, en todos lados, hasta las grandes potencias, se viven tiempos de mucha presi\u00f3n.<\/p>\n\n\n\n<p class=\"wp-block-paragraph\">Luego consider\u00f3 que el principal problema en M\u00e9xico y el mundo es la corrupci\u00f3n, es corrupci\u00f3n que las grandes empresas no paguen impuestos, es corrupci\u00f3n el que los fondos financieros, los llamados fondos buitres exploten y sacrifiquen a los pueblos pobres y a sus gobiernos, todo eso es corrupci\u00f3n que produce desigualdad en el mundo, vivimos desgraciadamente en un mundo muy desigual donde una minor\u00eda lo tiene todo y la gran mayor\u00eda vive con los indispensable.<\/p>\n\n\n\n<p class=\"wp-block-paragraph\">Arremeti\u00f3 contra sus adversarios \u201chip\u00f3critas utilizan estos casos, de asesinatos, -de periodistas- para atacarnos porque traen coraje por lo que estamos haciendo. Ellos quisieran que continuara el r\u00e9gimen de privilegios.<\/p>\n\n\n\n<p class=\"wp-block-paragraph\">Dijo que los asesinatos a los periodistas y a las personas tienen que ver con el modelo que pusieron hace m\u00e1s de 40 a\u00f1os y que es el neoliberalismo \u00bfQu\u00e9 significa la pol\u00edtica neoliberal? Lo mismo se dedicaron a hacer negocios al amparo de la gente y se olvidaron del pueblo y se hizo una gran descomposici\u00f3n social y se perdieron valores. Los gobiernos eran los primeros en violar la Constituci\u00f3n, las leyes, se dedicaron al robo.<\/p>\n","protected":false},"excerpt":{"rendered":"<p>Luego lanz\u00f3 acusaciones y les llam\u00f3 hip\u00f3critas, y afirm\u00f3 \u201cno somos los mismos de antes\u201d<\/p>\n","protected":false},"author":3,"featured_media":44670,"comment_status":"open","ping_status":"open","sticky":false,"template":"","format":"standard","meta":{"_monsterinsights_skip_tracking":false,"footnotes":""},"categories":[693,51],"tags":[],"class_list":["post-44669","post","type-post","status-publish","format-standard","has-post-thumbnail","category-693","category-ejecutivo"],"_links":{"self":[{"href":"https:\/\/redsemlac.com\/semmexico\/wp-json\/wp\/v2\/posts\/44669","targetHints":{"allow":["GET"]}}],"collection":[{"href":"https:\/\/redsemlac.com\/semmexico\/wp-json\/wp\/v2\/posts"}],"about":[{"href":"https:\/\/redsemlac.com\/semmexico\/wp-json\/wp\/v2\/types\/post"}],"author":[{"embeddable":true,"href":"https:\/\/redsemlac.com\/semmexico\/wp-json\/wp\/v2\/users\/3"}],"replies":[{"embeddable":true,"href":"https:\/\/redsemlac.com\/semmexico\/wp-json\/wp\/v2\/comments?post=44669"}],"version-history":[{"count":0,"href":"https:\/\/redsemlac.com\/semmexico\/wp-json\/wp\/v2\/posts\/44669\/revisions"}],"wp:featuredmedia":[{"embeddable":true,"href":"https:\/\/redsemlac.com\/semmexico\/wp-json\/wp\/v2\/media\/44670"}],"wp:attachment":[{"href":"https:\/\/redsemlac.com\/semmexico\/wp-json\/wp\/v2\/media?parent=44669"}],"wp:term":[{"taxonomy":"category","embeddable":true,"href":"https:\/\/redsemlac.com\/semmexico\/wp-json\/wp\/v2\/categories?post=44669"},{"taxonomy":"post_tag","embeddable":true,"href":"https:\/\/redsemlac.com\/semmexico\/wp-json\/wp\/v2\/tags?post=44669"}],"curies":[{"name":"wp","href":"https:\/\/api.w.org\/{rel}","templated":true}]}}