{"id":44657,"date":"2022-01-25T15:01:13","date_gmt":"2022-01-25T21:01:13","guid":{"rendered":"https:\/\/redsemlac.com\/semmexico\/?p=44657"},"modified":"2023-07-21T18:57:40","modified_gmt":"2023-07-21T23:57:40","slug":"poner-fin-a-la-impunidad-piden-organismos-internacionales-a-amlo","status":"publish","type":"post","link":"https:\/\/redsemlac.com\/semmexico\/poner-fin-a-la-impunidad-piden-organismos-internacionales-a-amlo\/","title":{"rendered":"Poner fin a la impunidad, piden organismos internacionales a AMLO"},"content":{"rendered":"\n<ul class=\"wp-block-list\"><li><strong>La ONU y la Uni\u00f3n Europea condenan el asesinato de la periodista Lourdes Maldonado y piden respuestas<\/strong><\/li><li><strong>Esta ma\u00f1ana comenzaron las movilizaciones de periodistas en M\u00e9xico<\/strong><\/li><\/ul>\n\n\n\n<p class=\"wp-block-paragraph\"><strong>Libertad L\u00f3pez<\/strong><\/p>\n\n\n\n<p class=\"wp-block-paragraph\">SemM\u00e9xico, Cd. de M\u00e9xico, 25 de enero, 2022.- La ONU y la Uni\u00f3n Europea demandaron al gobierno de Andr\u00e9s L\u00f3pez Obrador aclare los asesinatos contra periodistas en M\u00e9xico e investigue realmente, mientras que este d\u00eda desde la ma\u00f1ana periodistas de diferentes de distintas ciudades comenzaron con las protestas por el asesinato de periodistas, y condenaron el asesinato de la periodista Lourdes Maldonado L\u00f3pez, sucedido el domingo en Tijuana, por ser el tercero en inicio de 2022.<\/p>\n\n\n\n<p class=\"wp-block-paragraph\">Las primeras manifestaciones se dieron en &nbsp;la caseta de Palo Blanco hoy en Chilpancingo, Guerrero, frente al palacio municipal de Coatzacoalcos, Veracruz y&nbsp; as\u00ed como periodistas de varios municipios de San Luis Potos\u00ed protestaron contra las autoridades de todos los niveles de gobierno, por las agresiones constantes que sufren en el ejercicio de su profesi\u00f3n, la impunidad y la indiferencia, ya que no hay resultados de las denuncias que han presentado ni del crimen del fotoperiodista Daniel Esqueda ocurrido hace poco m\u00e1s de cuatro a\u00f1os en San Luis Potos\u00ed.<\/p>\n\n\n\n<figure class=\"wp-block-embed alignleft is-type-rich is-provider-twitter wp-block-embed-twitter\"><div class=\"wp-block-embed__wrapper\">\n<blockquote class=\"twitter-tweet\" data-width=\"550\" data-dnt=\"true\"><p lang=\"es\" dir=\"ltr\">\u26a0\ufe0f Declaraci\u00f3n local de la Uni\u00f3n Europea, Noruega y Suiza, sobre el asesinato de la periodista Mar\u00eda de Lourdes Maldonado L\u00f3pez<br>\ud83d\udd17 <a href=\"https:\/\/t.co\/CFePJDtuee\">https:\/\/t.co\/CFePJDtuee<\/a> <a href=\"https:\/\/t.co\/F9rJK4EaMJ\">pic.twitter.com\/F9rJK4EaMJ<\/a><\/p>&mdash; Uni\u00f3n Europea en M\u00e9xico \ud83c\uddea\ud83c\uddfa\ud83c\uddf2\ud83c\uddfd (@UEenMexico) <a href=\"https:\/\/twitter.com\/UEenMexico\/status\/1486042494697713665?ref_src=twsrc%5Etfw\">January 25, 2022<\/a><\/blockquote><script async src=\"https:\/\/platform.twitter.com\/widgets.js\" charset=\"utf-8\"><\/script>\n<\/div><\/figure>\n\n\n\n<p class=\"wp-block-paragraph\">Mientras la oficina de Derechos Humanos de la Organizaci\u00f3n de las Naciones Unidas (ONU) prepara un comunicado, la oficina de la ONU en M\u00e9xico lament\u00f3 y conden\u00f3 el asesinato de la periodista Lourdes Maldonado, el cual es el tercero este a\u00f1o que se suma a los de Margarito Mart\u00ednez Esquivel y Jos\u00e9 Luis Gamboa.<\/p>\n\n\n\n<p class=\"wp-block-paragraph\">Afirma \u00abLa Libertad De Expresi\u00f3n y la labor de quienes ejercen el periodismo son pilares de la democracia y de los Derechos Humanos\u00bb.<\/p>\n\n\n\n<p class=\"wp-block-paragraph\">Recuerda que Lourdes Maldonado fue objeto de un ataque armado el domingo en la Zona de Santa Fe, en Tijuana, Baja California, cuando viajaba en su veh\u00edculo.<\/p>\n\n\n\n<p class=\"wp-block-paragraph\">El comunicado de la ONU se\u00f1ala que \u00abExtendemos nuestras condolencias a la familia de Lourdes Maldonado y&nbsp;urgimos a investigar de manera pronta y efectiva su asesinato, se\u00f1al\u00f3 el organismo mediante redes sociales\u00bb, se\u00f1al\u00f3 el organismo en sus redes sociales.<\/p>\n\n\n\n<p class=\"wp-block-paragraph\">Finalmente, la ONU dijo que \u00abse deben redoblar esfuerzos para proteger a periodistas y personas defensoras de derechos humanos y&nbsp;poner fin a la impunidad de estos cr\u00edmenes.<\/p>\n\n\n\n<p class=\"wp-block-paragraph\">Una declaraci\u00f3n punteada de la Uni\u00f3n Europea, Noruega y Suiza, sobre el asesinato de la periodista, se dio a conocer desde las primeras horas de hoy en M\u00e9xico, a trav\u00e9s de su oficina local en nuestro pa\u00eds.<\/p>\n\n\n\n<p class=\"wp-block-paragraph\">Informa que se hace una Delegaci\u00f3n de la Uni\u00f3n Europea en conformidad con los Jefes de Misi\u00f3n de las Embajadas de los Estados Miembros de la Uni\u00f3n Europea en M\u00e9xico, as\u00ed como los Embajadores de Noruega y de Suiza en M\u00e9xico:<\/p>\n\n\n\n<ul class=\"wp-block-list\"><li>Condenamos el asesinato de la periodista\u00a0Mar\u00eda de\u00a0Lourdes Maldonado L\u00f3pez, ocurrido el 23 de enero en Tijuana, Baja California. La Sra. Maldonado L\u00f3pez\u00a0fue\u00a0corresponsal de Televisa en el pasado; posteriormente colabor\u00f3 con diversos medios locales y ten\u00eda un espacio en la emisora Sintoniza Sin Fronteras. En su actividad period\u00edstica cubr\u00eda temas pol\u00edticos, incluyendo notas de corrupci\u00f3n, en el estado de Baja California. Hab\u00eda recibido agresiones previas y era beneficiaria de medidas de protecci\u00f3n por parte de las autoridades estatales.<\/li><\/ul>\n\n\n\n<ul class=\"wp-block-list\"><li>Expresamos nuestras condolencias y nuestra profunda solidaridad con la familia y amigos de la v\u00edctima. Aunque a\u00fan no se establece un v\u00ednculo claro entre el asesinato y la labor period\u00edstica de la Sra. Maldonado L\u00f3pez, el segundo asesinato de un periodista en Tijuana en menos de una semana demuestra una vez m\u00e1s el muy preocupante grado de violencia e intimidaci\u00f3n al que se enfrentan muchos periodistas en M\u00e9xico. Lamentamos que, en lo que va del a\u00f1o 2022, la se\u00f1ora Maldonado ya sea la tercera v\u00edctima despu\u00e9s que en 2021 fueron asesinados nueve periodistas m\u00e1s.<\/li><\/ul>\n\n\n\n<ul class=\"wp-block-list\"><li>Expresamos nuestra preocupaci\u00f3n por la falta de resultados en las investigaciones abiertas para esclarecer casos anteriores de asesinatos de periodistas en M\u00e9xico.<\/li><\/ul>\n\n\n\n<ul class=\"wp-block-list\"><li>Reiteramos nuestro llamamiento a las autoridades mexicanas competentes, a nivel federal y estatal, para que desplieguen todos los esfuerzos posibles para proteger efectivamente a los periodistas para que puedan ejercer su labor sin tener que poner en riesgo sus vidas y lleven a cabo investigaciones expeditas y transparentes con el fin de identificar y juzgar a los responsables para que no haya \u00abzonas de silencio\u00bb donde ning\u00fan periodista se atreva a trabajar.<\/li><\/ul>\n\n\n\n<ul class=\"wp-block-list\"><li>Ante el alarmante n\u00famero de agresiones contra periodistas en el pa\u00eds, urgimos a todas las autoridades competentes a hacer uso de todos los medios a su alcance para garantizar la protecci\u00f3n de todas las personas periodistas en M\u00e9xico y evitar que la impunidad cubra el asesinato de la Sra. Maldonado L\u00f3pez.<\/li><\/ul>\n\n\n\n<h2 class=\"wp-block-heading\"><strong>Las y los periodistas en M\u00e9xico<\/strong><\/h2>\n\n\n\n<p class=\"wp-block-paragraph\">Con los promocionales #NiSilencioNiOlvido #NiUnaMas #Coatzacoalcos #C\u00f3rdoba, periodistas veracruzanos se apostaron frente de la presidencia municipal de Coatzacoalcos, inform\u00f3 Billie Parker Noticias.<\/p>\n\n\n\n<div class=\"wp-block-image\"><figure class=\"aligncenter size-full\"><a href=\"https:\/\/redsemlac.com\/semmexico\/wp-content\/uploads\/2022\/01\/protestas-2.jpg\"><img loading=\"lazy\" decoding=\"async\" width=\"696\" height=\"522\" src=\"https:\/\/redsemlac.com\/semmexico\/wp-content\/uploads\/2022\/01\/protestas-2.jpg\" alt=\"\" class=\"wp-image-44658\"\/><\/a><\/figure><\/div>\n\n\n\n<p class=\"wp-block-paragraph\">Por otra parte, el Sol de San Luis Potos\u00ed inform\u00f3 esta ma\u00f1ana que reporteros de San Luis se unen a protesta nacional contra agresiones a periodistas.<\/p>\n\n\n\n<p class=\"wp-block-paragraph\">Y se\u00f1ala que el reclamo es el mismo en todos los frentes, garant\u00edas para el desarrollo de la labor de todos los comunicadores y resultados en las investigaciones por agresiones o muertes de quienes ejercen la profesi\u00f3n.<\/p>\n\n\n\n<p class=\"wp-block-paragraph\">El reportero Raymundo Rocha de El Sol de San Luis inform\u00f3 que periodistas de varios municipios de San Luis Potos\u00ed protestaron contra las autoridades de todos los niveles de gobierno, por las agresiones constantes que sufren en el ejercicio de su profesi\u00f3n, la impunidad y la indiferencia, ya que no hay resultados de las denuncias que han presentado ni del crimen del fotoperiodista Daniel Esqueda ocurrido hace poco m\u00e1s de cuatro a\u00f1os.<\/p>\n\n\n\n<figure class=\"wp-block-image size-full\"><a href=\"https:\/\/redsemlac.com\/semmexico\/wp-content\/uploads\/2022\/01\/protestas-3.jpg\"><img loading=\"lazy\" decoding=\"async\" width=\"768\" height=\"479\" src=\"https:\/\/redsemlac.com\/semmexico\/wp-content\/uploads\/2022\/01\/protestas-3.jpg\" alt=\"\" class=\"wp-image-44659\"\/><\/a><figcaption><strong><em>Foto Cristian Robledo | El Sol de San Luis.<\/em><\/strong><\/figcaption><\/figure>\n\n\n\n<p class=\"wp-block-paragraph\">En la capital del estado, Rioverde, Matehuala, Ciudad Valles, El Naranjo y otros municipios, las y los periodistas portaron pancartas para exigir justicia por el asesinato de la comunicadora Lourdes Maldonado en Tijuana, Baja California, el pasado fin de semana, con la leyenda \u201cjusticia\u201d, \u201cni silencio ni olvido\u201d, \u201cperiodistas asesinados no los olvidamos\u201d, \u201cno podr\u00e1n callarnos\u201d, \u201cTijuana no est\u00e1 sola\u201d, \u201cDaniel Esqueda presente\u201d.<\/p>\n\n\n\n<p class=\"wp-block-paragraph\">En esas protestas la periodista Luc\u00eda L\u00f3pez exigi\u00f3 al presidente de la Rep\u00fablica Andr\u00e9s Manuel L\u00f3pez Obrador que \u201crealmente haga algo, no ha hecho nada, seguimos solamente con palabras porque no hay ning\u00fan resultado; sabemos que la vida de nuestros compa\u00f1eros no regresar\u00e1, pero alzamos la voz como lo hizo Lourdes en Tijuana\u201d.<\/p>\n\n\n\n<p class=\"wp-block-paragraph\">Los periodistas potosinos coincidieron en que no hay garant\u00edas de ninguna \u00edndole para el desarrollo de su trabajo y exigieron al fiscal general del estado Jos\u00e9 Luis Ruiz, que haya resultados de las investigaciones por el crimen de Daniel Esqueda, ya que la anterior administraci\u00f3n no hizo absolutamente nada, generando impunidad.<\/p>\n\n\n\n<p class=\"wp-block-paragraph\">La protesta se llev\u00f3 a cabo al medio d\u00eda en la Plaza de Armas de esta capital, frente a las instalaciones del Congreso del Estado; ah\u00ed, pidieron a los tres poderes y diversas instituciones que las pol\u00edticas p\u00fablicas a favor de la libertad de expresi\u00f3n y los derechos humanos se respeten y apliquen, ya que hasta el momento persiste la simulaci\u00f3n.<\/p>\n\n\n\n<p class=\"wp-block-paragraph\">El reclamo fue el mismo en los diferentes frentes de protesta para exigir justicia por el crimen de Lourdes Maldonado, que ha generado indignaci\u00f3n por la reacci\u00f3n de las autoridades y porque se suma a la ola de agresiones en contra de los comunicadores, que se han acrecentado en el arranque del presente a\u00f1o.<\/p>\n\n\n\n<p class=\"wp-block-paragraph\">AMMPE Durango sostiene que M\u00e9xico es considerado como uno de los m\u00e1s peligrosos para ejercer el periodismo de acuerdo a la ONU y diversas organizaciones, tan solo en lo que va del sexenio de AMLO han sido asesinados 28 comunicadores, en solo 23 d\u00edas del 2022 ya suman 3 periodistas asesinados . Vemos con rabia e indignaci\u00f3n que los cr\u00edmenes contra periodistas en el pa\u00eds siguen con impunidad, En una declaraci\u00f3n a\u00f1aden que matar un periodista en M\u00e9xico es como matar a nadie.<\/p>\n\n\n\n<p class=\"wp-block-paragraph\">Rossy Gauc\u00edn, del COLECC Durango se\u00f1al\u00f3 que \u00abExigimos no m\u00e1s periodistas asesinados ni desaparecidos, no se mata la verdad.<\/p>\n\n\n\n<p class=\"wp-block-paragraph\">Por su parte, Liliana Ortiz, AMMPE. No podemos permitir agresiones y mucho menos asesinatos.<br>Sa\u00fal Maldonado, PREPROC. Ni silencio ni olvido, nos e mata la verdad, sin m\u00e1s periodistas en su lista.<\/p>\n","protected":false},"excerpt":{"rendered":"<p>La ONU y la Uni\u00f3n Europea condenan el asesinato de la periodista Lourdes Maldonado y piden respuestas<\/p>\n","protected":false},"author":3,"featured_media":44660,"comment_status":"open","ping_status":"open","sticky":false,"template":"","format":"standard","meta":{"_monsterinsights_skip_tracking":false,"footnotes":""},"categories":[693,47,48],"tags":[142],"class_list":["post-44657","post","type-post","status-publish","format-standard","has-post-thumbnail","category-693","category-no-mas-impunidad","category-no-mas-impunidad-no-mas-impunidad","tag-violencia"],"_links":{"self":[{"href":"https:\/\/redsemlac.com\/semmexico\/wp-json\/wp\/v2\/posts\/44657","targetHints":{"allow":["GET"]}}],"collection":[{"href":"https:\/\/redsemlac.com\/semmexico\/wp-json\/wp\/v2\/posts"}],"about":[{"href":"https:\/\/redsemlac.com\/semmexico\/wp-json\/wp\/v2\/types\/post"}],"author":[{"embeddable":true,"href":"https:\/\/redsemlac.com\/semmexico\/wp-json\/wp\/v2\/users\/3"}],"replies":[{"embeddable":true,"href":"https:\/\/redsemlac.com\/semmexico\/wp-json\/wp\/v2\/comments?post=44657"}],"version-history":[{"count":0,"href":"https:\/\/redsemlac.com\/semmexico\/wp-json\/wp\/v2\/posts\/44657\/revisions"}],"wp:featuredmedia":[{"embeddable":true,"href":"https:\/\/redsemlac.com\/semmexico\/wp-json\/wp\/v2\/media\/44660"}],"wp:attachment":[{"href":"https:\/\/redsemlac.com\/semmexico\/wp-json\/wp\/v2\/media?parent=44657"}],"wp:term":[{"taxonomy":"category","embeddable":true,"href":"https:\/\/redsemlac.com\/semmexico\/wp-json\/wp\/v2\/categories?post=44657"},{"taxonomy":"post_tag","embeddable":true,"href":"https:\/\/redsemlac.com\/semmexico\/wp-json\/wp\/v2\/tags?post=44657"}],"curies":[{"name":"wp","href":"https:\/\/api.w.org\/{rel}","templated":true}]}}