{"id":44652,"date":"2022-01-25T14:45:52","date_gmt":"2022-01-25T20:45:52","guid":{"rendered":"https:\/\/redsemlac.com\/semmexico\/?p=44652"},"modified":"2023-07-21T18:57:40","modified_gmt":"2023-07-21T23:57:40","slug":"panama-no-define-su-posicion-frente-a-propuesta-de-pedro-salmeron","status":"publish","type":"post","link":"https:\/\/redsemlac.com\/semmexico\/panama-no-define-su-posicion-frente-a-propuesta-de-pedro-salmeron\/","title":{"rendered":"Panam\u00e1 no define su posici\u00f3n frente a propuesta de Pedro Salmer\u00f3n"},"content":{"rendered":"\n<ul class=\"wp-block-list\"><li><strong>La canciller paname\u00f1a, Erika Mouynes, evadi\u00f3 tres veces la pregunta sobre si aceptaron o no<\/strong><\/li><\/ul>\n\n\n\n<p class=\"wp-block-paragraph\"><strong>Redacci\u00f3n &nbsp;<\/strong><\/p>\n\n\n\n<figure class=\"wp-block-embed alignleft is-type-rich is-provider-twitter wp-block-embed-twitter\"><div class=\"wp-block-embed__wrapper\">\n<blockquote class=\"twitter-tweet\" data-width=\"550\" data-dnt=\"true\"><p lang=\"es\" dir=\"ltr\">La canciller paname\u00f1a, Erika Mouynes, dijo que se notific\u00f3 por v\u00eda diplom\u00e1tica a la canciller\u00eda mexicana la posici\u00f3n oficial sobre la designaci\u00f3n de Pedro Salmer\u00f3n como embajador de M\u00e9xico en Panam\u00e1<br>Salmer\u00f3n enfrenta acusaciones por presunto acoso sexual.<a href=\"https:\/\/t.co\/34CeiwBbpn\">pic.twitter.com\/34CeiwBbpn<\/a><\/p>&mdash; Telemetro Reporta (@TReporta) <a href=\"https:\/\/twitter.com\/TReporta\/status\/1485647271752613893?ref_src=twsrc%5Etfw\">January 24, 2022<\/a><\/blockquote><script async src=\"https:\/\/platform.twitter.com\/widgets.js\" charset=\"utf-8\"><\/script>\n<\/div><\/figure>\n\n\n\n<p class=\"wp-block-paragraph\">SemM\u00e9xico\/BillieParkerNoticias, Panam\u00e1, 25 de enero, 2022.- La canciller paname\u00f1a, Erika Mouynes, evadi\u00f3 tres veces la pregunta sobre si Panam\u00e1 acepta o no a Pedro Salmer\u00f3n -acusado de presunto acoso sexual- como representante de M\u00e9xico en ese pa\u00eds, como propone el presidente Andr\u00e9s Manuel L\u00f3pez Obrador.<\/p>\n\n\n\n<figure class=\"wp-block-embed alignleft is-type-rich is-provider-twitter wp-block-embed-twitter\"><div class=\"wp-block-embed__wrapper\">\n<blockquote class=\"twitter-tweet\" data-width=\"550\" data-dnt=\"true\"><p lang=\"es\" dir=\"ltr\">Alumnas, exalumnas y organizaciones civiles se han unido con <a href=\"https:\/\/twitter.com\/hashtag\/UnAcosadorNoDebeSerEmbajador?src=hash&amp;ref_src=twsrc%5Etfw\">#UnAcosadorNoDebeSerEmbajador<\/a> ante el nombramiento de Pedro Salmer\u00f3n como embajador de M\u00e9xico en Panam\u00e1. <br><br>Hablamos con dos exalumnas del ITAM al respecto. <a href=\"https:\/\/t.co\/FxOl1ip7hA\">pic.twitter.com\/FxOl1ip7hA<\/a><\/p>&mdash; AJ+Espa\u00f1ol (@ajplusespanol) <a href=\"https:\/\/twitter.com\/ajplusespanol\/status\/1483928684646043653?ref_src=twsrc%5Etfw\">January 19, 2022<\/a><\/blockquote><script async src=\"https:\/\/platform.twitter.com\/widgets.js\" charset=\"utf-8\"><\/script>\n<\/div><\/figure>\n\n\n\n<p class=\"wp-block-paragraph\">La funcionaria paname\u00f1a refiere que se notific\u00f3 por v\u00eda diplom\u00e1tica a la canciller\u00eda mexicana la posici\u00f3n oficial sobre la designaci\u00f3n de Pedro Salmer\u00f3n como embajador de M\u00e9xico en Panam\u00e1.<\/p>\n\n\n\n<p class=\"wp-block-paragraph\">Pese a la insistencia de los periodistas, la canciller&nbsp;Mouynes no confirmo si fue aceptada o no la postulaci\u00f3n de Pedro Salmer\u00f3n&nbsp;como nuevo embajador de&nbsp;M\u00e9xico&nbsp;en&nbsp;Panam\u00e1.<\/p>\n\n\n\n<p class=\"wp-block-paragraph\">El hecho fue interpretado como que se trata de un rechazo \u201cdiplom\u00e1tico\u201d a la postulaci\u00f3n de AMLO, pero a\u00fan queda la duda y se est\u00e1 a la espera de la confirmaci\u00f3n oficial.<\/p>\n\n\n\n<p class=\"wp-block-paragraph\">La Prensa Paname\u00f1a ha dado amplia cobertura a la pol\u00e9mica que ha provocado el nombramiento del presidente mexicano en el movimiento nacional de Mujeres mexicanas pues, el historiador ha sido denunciado en instancias formales y en medios como #MeToo de acosar a alumnas universitarias.<\/p>\n\n\n\n<p class=\"wp-block-paragraph\">El historiador ha negado las denuncias y ha cerrado sus cuentas en las redes sociales.<\/p>\n\n\n\n<p class=\"wp-block-paragraph\"><\/p>\n\n\n\n<p class=\"wp-block-paragraph\"><\/p>\n\n\n\n<p class=\"wp-block-paragraph\"><\/p>\n\n\n\n<p class=\"wp-block-paragraph\"><\/p>\n\n\n\n<p class=\"wp-block-paragraph\"><\/p>\n\n\n\n<p class=\"wp-block-paragraph\"><\/p>\n\n\n\n<p class=\"wp-block-paragraph\"><\/p>\n\n\n\n<p class=\"wp-block-paragraph\"><\/p>\n\n\n\n<p class=\"wp-block-paragraph\"><\/p>\n\n\n\n<p class=\"wp-block-paragraph\"><a href=\"https:\/\/estrategiasenlanube.com\/ecommerce\/\"><br><\/a><\/p>\n","protected":false},"excerpt":{"rendered":"<p>La canciller paname\u00f1a, Erika Mouynes, evadi\u00f3 tres veces la pregunta sobre si aceptaron o no<\/p>\n","protected":false},"author":3,"featured_media":44653,"comment_status":"open","ping_status":"open","sticky":false,"template":"","format":"standard","meta":{"_monsterinsights_skip_tracking":false,"footnotes":""},"categories":[693,47,48],"tags":[],"class_list":["post-44652","post","type-post","status-publish","format-standard","has-post-thumbnail","category-693","category-no-mas-impunidad","category-no-mas-impunidad-no-mas-impunidad"],"_links":{"self":[{"href":"https:\/\/redsemlac.com\/semmexico\/wp-json\/wp\/v2\/posts\/44652","targetHints":{"allow":["GET"]}}],"collection":[{"href":"https:\/\/redsemlac.com\/semmexico\/wp-json\/wp\/v2\/posts"}],"about":[{"href":"https:\/\/redsemlac.com\/semmexico\/wp-json\/wp\/v2\/types\/post"}],"author":[{"embeddable":true,"href":"https:\/\/redsemlac.com\/semmexico\/wp-json\/wp\/v2\/users\/3"}],"replies":[{"embeddable":true,"href":"https:\/\/redsemlac.com\/semmexico\/wp-json\/wp\/v2\/comments?post=44652"}],"version-history":[{"count":0,"href":"https:\/\/redsemlac.com\/semmexico\/wp-json\/wp\/v2\/posts\/44652\/revisions"}],"wp:featuredmedia":[{"embeddable":true,"href":"https:\/\/redsemlac.com\/semmexico\/wp-json\/wp\/v2\/media\/44653"}],"wp:attachment":[{"href":"https:\/\/redsemlac.com\/semmexico\/wp-json\/wp\/v2\/media?parent=44652"}],"wp:term":[{"taxonomy":"category","embeddable":true,"href":"https:\/\/redsemlac.com\/semmexico\/wp-json\/wp\/v2\/categories?post=44652"},{"taxonomy":"post_tag","embeddable":true,"href":"https:\/\/redsemlac.com\/semmexico\/wp-json\/wp\/v2\/tags?post=44652"}],"curies":[{"name":"wp","href":"https:\/\/api.w.org\/{rel}","templated":true}]}}