{"id":44561,"date":"2022-01-24T11:25:51","date_gmt":"2022-01-24T17:25:51","guid":{"rendered":"https:\/\/redsemlac.com\/semmexico\/?p=44561"},"modified":"2023-07-21T18:57:42","modified_gmt":"2023-07-21T23:57:42","slug":"cndh-pide-al-gobierno-de-guerrero-investigar-el-feminicidio-de-delfina-ramirez","status":"publish","type":"post","link":"https:\/\/redsemlac.com\/semmexico\/cndh-pide-al-gobierno-de-guerrero-investigar-el-feminicidio-de-delfina-ramirez\/","title":{"rendered":"CNDH pide al gobierno de Guerrero investigar el feminicidio de Delfina Ram\u00edrez"},"content":{"rendered":"\n<ul class=\"wp-block-list\"><li><strong>La madre de la v\u00edctima se\u00f1ala a polic\u00edas del municipio de Jos\u00e9 Joaqu\u00edn Herrera como los responsables<\/strong><\/li><\/ul>\n\n\n\n<ul class=\"wp-block-list\"><li><strong> El organismo le recuerda a Evelyn Salgado Pineda de su responsabilidad<\/strong><\/li><\/ul>\n\n\n\n<p class=\"wp-block-paragraph\"><strong>Elda Montiel<\/strong><\/p>\n\n\n\n<p class=\"wp-block-paragraph\">SemM\u00e9xico, Cd. de M\u00e9xico, 24 de enero 2022.- La Comisi\u00f3n Nacional de los Derechos Humanos (CNDH) pidi\u00f3 al gobierno de Guerrero investigar con perspectiva de g\u00e9nero el asesinato de Delfina Ram\u00edrez Morales, presuntamente por polic\u00edas del municipio de Jos\u00e9 Joaqu\u00edn Herrera en la regi\u00f3n de la Monta\u00f1a Baja, el pasado domingo 16 de enero.<\/p>\n\n\n\n<p class=\"wp-block-paragraph\">El organismo exhort\u00f3 a las autoridades judiciales de Guerrero a detener y sancionar a los responsables a fin de enviar un mensaje claro de justicia para las v\u00edctimas y de cero impunidad para los agresores, m\u00e1xime si es personal de seguridad.<\/p>\n\n\n\n<p class=\"wp-block-paragraph\">Destaca que este asesinato se suma a los 16 feminicidios y 112 homicidios dolosos reportados en el 2021 y a otras cuatro muertes violentas reportadas este mes de enero en la entidad. &nbsp;<\/p>\n\n\n\n<p class=\"wp-block-paragraph\">El cuerpo de la v\u00edctima fue hallado el pasado lunes 17 de enero \u201cde acuerdo a notas period\u00edsticas locales\u201d, cita el comunicado. La madre denunci\u00f3 por escrito que la \u00faltima vez que vieron a su hija fue el domingo 16 de enero a las 13:00 horas, cuando ya regresaba a su lugar de residencia en Ayahualtempa,&nbsp;momento en el que&nbsp;vieron que se la llevaron los polic\u00edas municipales de Jos\u00e9 Joaqu\u00edn Herrera, por lo que ella acusa a estos elementos de haber desaparecido a su hija.&nbsp;&nbsp;<\/p>\n\n\n\n<p class=\"wp-block-paragraph\">La CNDH recuerda al gobierno que encabeza Evelyn Salgado Pineda, la responsabilidad estatal de atender los mecanismos de garant\u00edas para la protecci\u00f3n de las mujeres y su seguridad, as\u00ed como su obligaci\u00f3n para prevenir, atender la violencia contra las mujeres, sancionar a los agresores, garantizar la reparaci\u00f3n integral del da\u00f1o a las v\u00edctimas directas e indirectas y la implementaci\u00f3n de medidas para la prevenci\u00f3n y no repetici\u00f3n.&nbsp;<\/p>\n\n\n\n<p class=\"wp-block-paragraph\">El organismo enfatiza que se investigue bajo el Protocolo de Investigaci\u00f3n Ministerial Policial y Pericial con Perspectiva de G\u00e9nero para el Delito del Feminicidio, se detenga a los responsables y sean sancionados conforme a la ley.<\/p>\n\n\n\n<p class=\"wp-block-paragraph\">La violencia contra las mujeres en la zona de la Monta\u00f1a ha sido registrada por los diversos medios de comunicaci\u00f3n que han relatado casos como el abuso sexual de las ni\u00f1as y la venta de estas, en algunas zonas de la entidad, ligado tambi\u00e9n a la presencia de grupos criminales en la zona.&nbsp;&nbsp;<\/p>\n\n\n\n<p class=\"wp-block-paragraph\">SEM\/em\/sj<\/p>\n","protected":false},"excerpt":{"rendered":"<p> El organismo le recuerda a Evelyn Salgado Pineda de su responsabilidad<\/p>\n","protected":false},"author":3,"featured_media":44562,"comment_status":"open","ping_status":"open","sticky":false,"template":"","format":"standard","meta":{"_monsterinsights_skip_tracking":false,"footnotes":""},"categories":[693,51],"tags":[149,142],"class_list":["post-44561","post","type-post","status-publish","format-standard","has-post-thumbnail","category-693","category-ejecutivo","tag-mujeres","tag-violencia"],"_links":{"self":[{"href":"https:\/\/redsemlac.com\/semmexico\/wp-json\/wp\/v2\/posts\/44561","targetHints":{"allow":["GET"]}}],"collection":[{"href":"https:\/\/redsemlac.com\/semmexico\/wp-json\/wp\/v2\/posts"}],"about":[{"href":"https:\/\/redsemlac.com\/semmexico\/wp-json\/wp\/v2\/types\/post"}],"author":[{"embeddable":true,"href":"https:\/\/redsemlac.com\/semmexico\/wp-json\/wp\/v2\/users\/3"}],"replies":[{"embeddable":true,"href":"https:\/\/redsemlac.com\/semmexico\/wp-json\/wp\/v2\/comments?post=44561"}],"version-history":[{"count":0,"href":"https:\/\/redsemlac.com\/semmexico\/wp-json\/wp\/v2\/posts\/44561\/revisions"}],"wp:featuredmedia":[{"embeddable":true,"href":"https:\/\/redsemlac.com\/semmexico\/wp-json\/wp\/v2\/media\/44562"}],"wp:attachment":[{"href":"https:\/\/redsemlac.com\/semmexico\/wp-json\/wp\/v2\/media?parent=44561"}],"wp:term":[{"taxonomy":"category","embeddable":true,"href":"https:\/\/redsemlac.com\/semmexico\/wp-json\/wp\/v2\/categories?post=44561"},{"taxonomy":"post_tag","embeddable":true,"href":"https:\/\/redsemlac.com\/semmexico\/wp-json\/wp\/v2\/tags?post=44561"}],"curies":[{"name":"wp","href":"https:\/\/api.w.org\/{rel}","templated":true}]}}