{"id":44550,"date":"2022-01-23T15:08:08","date_gmt":"2022-01-23T21:08:08","guid":{"rendered":"https:\/\/redsemlac.com\/semmexico\/?p=44550"},"modified":"2023-07-21T18:57:42","modified_gmt":"2023-07-21T23:57:42","slug":"la-luna-de-valencia-las-mujeres-personas-con-derechos-humanos-incompletos","status":"publish","type":"post","link":"https:\/\/redsemlac.com\/semmexico\/la-luna-de-valencia-las-mujeres-personas-con-derechos-humanos-incompletos\/","title":{"rendered":"la Luna de Valencia| Las mujeres: personas con derechos humanos incompletos"},"content":{"rendered":"\n<p class=\"wp-block-paragraph\">Teresa Moll\u00e1 Castells<strong><\/strong><\/p>\n\n\n\n<p class=\"wp-block-paragraph\">SemM\u00e9xico, Ontinyent, 23 de enero, 2022.- No hace ni un mes que hemos comenzado el a\u00f1o y las malas noticias sobre los asuntos que nos afectan a las mujeres, no cesan.<\/p>\n\n\n\n<p class=\"wp-block-paragraph\">Comenz\u00e1bamos el d\u00eda tres de enero con la siguiente noticia: \u201c<em>El Tribunal Constitucional se lava las manos y dice que no quiere entrar en valorar si saldar una<strong>&nbsp;deuda entre adultos a base de felaciones o sexo oral<\/strong>&nbsp;es legal o no\u201d.<\/em> As\u00ed, directamente en vena.<\/p>\n\n\n\n<p class=\"wp-block-paragraph\">El alto Tribunal, con esta decisi\u00f3n e indirectamente avala la sentencia del Tribunal Superior de Justicia de Baleares que fall\u00f3 en ese sentido. O lo que es lo mismo, a partir de ahora, dos personas adultas est\u00e1n legitimadas judicialmente para satisfacer las deudas contra\u00eddas entre ambas partes \u00aben especies\u00bb. Es decir, que podr\u00e1n acordar liquidar las cargas econ\u00f3micas mediante felaciones o cualquier relaci\u00f3n sexual como si de una relaci\u00f3n contractual se tratara. Y despu\u00e9s nos niegan que la Justicia est\u00e9 patriarcalizada.<\/p>\n\n\n\n<p class=\"wp-block-paragraph\">Por lo visto para algunos jueces e incluso alguna jueza consideran que a las mujeres nos pueden exigir sexo por deudas pendientes. O, dicho de otro modo, nos pueden prostituir, vejar, amenazar o acosar por haber contra\u00eddo una deuda con un var\u00f3n. Recordemos que estamos hablando de la Justicia, no de opiniones vertidas en un caf\u00e9. No. De una decisi\u00f3n de uno de los m\u00e1s altos Tribunales del Estado y del m\u00e1s alto de la Comunidad Balear. Despu\u00e9s se nos pide que acudamos a la Justicia. Ya \u00a1<\/p>\n\n\n\n<p class=\"wp-block-paragraph\">Seguimos con m\u00e1s informaciones.<\/p>\n\n\n\n<p class=\"wp-block-paragraph\">Esta semana pasada, la maltesa Roberta Metsola fue elegida presidenta del Parlamento Europeo con los votos liberales y socialdem\u00f3cratas, entre los cuales se encuentra la representaci\u00f3n del PSOE.<\/p>\n\n\n\n<p class=\"wp-block-paragraph\">Estupendo que un partido que se reivindica como feminista d\u00e9 sus votos para elegir como presidenta de uno de las m\u00e1s importantes instituciones europeas a una mujer antiabortista y del Partido Popular. Se le llama incoherencia pol\u00edtica sobre todo en tiempos en donde los derechos de las mujeres est\u00e1n en franco peligro. En fin\u2026que luego nos vengan reivindicando su talante feminista, con estas capitulaciones pol\u00edticas, dice mucho del partido socialista.<\/p>\n\n\n\n<p class=\"wp-block-paragraph\">Este es un claro ejemplo que de el hecho de que una mujer est\u00e9 en las instituciones no la convierte en aliada del feminismo. M\u00e1s bien, al menos en este caso, la convierte en un ejemplo de ambici\u00f3n cumplida y de falta de \u00e9tica para con los derechos de m\u00e1s de la mitad de la poblaci\u00f3n que somos las mujeres.<\/p>\n\n\n\n<p class=\"wp-block-paragraph\">Pero como ya sabemos, la pol\u00edtica hace extra\u00f1as compa\u00f1\u00edas de viaje, seg\u00fan los intereses partidistas del momento.<\/p>\n\n\n\n<p class=\"wp-block-paragraph\">Y tiene que ser otro liberal europeo, Emmanuel Macron, presidente de la Rep\u00fablica Francesa, quien proponga al Pleno del Parlamento Europeo y justo despu\u00e9s de la elecci\u00f3n de Matsola como presidenta de este, que el derecho al aborto sea un derecho protegido mediante su inclusi\u00f3n en la Carta de los Derechos Fundamentales de la Uni\u00f3n Europea.<\/p>\n\n\n\n<p class=\"wp-block-paragraph\">Comienzo a preguntarme si el mundo se ha dado una vuelta y no me he enterado y los valores de la socialdemocracia se han puesto al servicio del capitalismo salvaje y de los postulados m\u00e1s reaccionarios en lo tocante a los derechos de las mujeres. Igual he de estar m\u00e1s atenta a lo que ocurre en el mundo. O realmente son los intereses partidistas quienes juegan con los derechos y, por extensi\u00f3n, con las vidas de las mujeres.<\/p>\n\n\n\n<p class=\"wp-block-paragraph\">Para continuar con las terribles noticias que nos llegan sobre los derechos de las mujeres al inicio de este nuevo y reci\u00e9n estrenado a\u00f1o, nos enteramos de que varias universidades brit\u00e1nicas han asumido que sus alumnas se prostituyan para pagarse sus estudios y ofrecen \u201cmanuales\u201d para ense\u00f1ar a su personal c\u00f3mo tratar a estas mujeres para evitarles \u201cmalestares\u201d.<\/p>\n\n\n\n<p class=\"wp-block-paragraph\">As\u00ed, sin m\u00e1s, sin cuestionarse nada m\u00e1s. Ni siquiera las secuelas que eso pueda provocar en las estudiantes y, ni mucho menos bajar los desorbitados precios de las matr\u00edculas o los alquileres. Nada, es mucho m\u00e1s f\u00e1cil introducir a las estudiantes en el s\u00f3rdido e il\u00edcito mundo de la prostituci\u00f3n y la pornograf\u00eda y que ellas solitas se busquen la vida. Como si de un problema particular se tratara.<\/p>\n\n\n\n<p class=\"wp-block-paragraph\">Se calcula que puede haber unas doscientas mil mujeres j\u00f3venes en esta situaci\u00f3n. Y, visto lo visto, no pasa nada\u2026<\/p>\n\n\n\n<p class=\"wp-block-paragraph\">Como vemos, se nos est\u00e1 quedando un 2022 niquelado acabado de empezar y, como dice un amigo m\u00edo, hab\u00eda expectativas con el nuevo a\u00f1o y, visto lo visto, no est\u00e1 defraudando. Esperemos que vaya mejorando a lo largo de los algo m\u00e1s de once meses que quedan. Seamos, pues un poco optimistas, aunque nos cueste.<\/p>\n\n\n\n<p class=\"wp-block-paragraph\">Porque precisamente el feminismo se nutre de esperanzas de cambios y de optimismo conseguirlos.<\/p>\n\n\n\n<p class=\"wp-block-paragraph\">tmolla@telef\u00f3nica.net<\/p>\n","protected":false},"excerpt":{"rendered":"<p>No hace ni un mes que hemos comenzado el a\u00f1o y las malas noticias sobre los asuntos que nos afectan a las mujeres, no cesan.<\/p>\n","protected":false},"author":3,"featured_media":43083,"comment_status":"open","ping_status":"open","sticky":false,"template":"","format":"standard","meta":{"_monsterinsights_skip_tracking":false,"footnotes":""},"categories":[693,82,110,35],"tags":[],"class_list":["post-44550","post","type-post","status-publish","format-standard","has-post-thumbnail","category-693","category-la-opinion","category-la-opinion-columnas","category-opinion"],"_links":{"self":[{"href":"https:\/\/redsemlac.com\/semmexico\/wp-json\/wp\/v2\/posts\/44550","targetHints":{"allow":["GET"]}}],"collection":[{"href":"https:\/\/redsemlac.com\/semmexico\/wp-json\/wp\/v2\/posts"}],"about":[{"href":"https:\/\/redsemlac.com\/semmexico\/wp-json\/wp\/v2\/types\/post"}],"author":[{"embeddable":true,"href":"https:\/\/redsemlac.com\/semmexico\/wp-json\/wp\/v2\/users\/3"}],"replies":[{"embeddable":true,"href":"https:\/\/redsemlac.com\/semmexico\/wp-json\/wp\/v2\/comments?post=44550"}],"version-history":[{"count":0,"href":"https:\/\/redsemlac.com\/semmexico\/wp-json\/wp\/v2\/posts\/44550\/revisions"}],"wp:featuredmedia":[{"embeddable":true,"href":"https:\/\/redsemlac.com\/semmexico\/wp-json\/wp\/v2\/media\/43083"}],"wp:attachment":[{"href":"https:\/\/redsemlac.com\/semmexico\/wp-json\/wp\/v2\/media?parent=44550"}],"wp:term":[{"taxonomy":"category","embeddable":true,"href":"https:\/\/redsemlac.com\/semmexico\/wp-json\/wp\/v2\/categories?post=44550"},{"taxonomy":"post_tag","embeddable":true,"href":"https:\/\/redsemlac.com\/semmexico\/wp-json\/wp\/v2\/tags?post=44550"}],"curies":[{"name":"wp","href":"https:\/\/api.w.org\/{rel}","templated":true}]}}