{"id":4455,"date":"2018-02-06T01:40:42","date_gmt":"2018-02-06T01:40:42","guid":{"rendered":"https:\/\/redsemlac.com\/semmexico\/?p=4455"},"modified":"2023-07-21T14:30:48","modified_gmt":"2023-07-21T19:30:48","slug":"revelaciones-de-las-malcogidas-machismo-en-medios-bolivianos","status":"publish","type":"post","link":"https:\/\/redsemlac.com\/semmexico\/revelaciones-de-las-malcogidas-machismo-en-medios-bolivianos\/","title":{"rendered":"Revelaciones de \u201cLas malcogidas\u201d. Machismo en medios bolivianos"},"content":{"rendered":"\n<p class=\"wp-block-paragraph\">Publicaci\u00f3n sat\u00edrica saca a luz machismo de sociedad boliviana<\/p>\n\n\n\n<h5 class=\"wp-block-heading\"> Funcionarias anunciaron demanda, pero callan ante expresiones de Evo Morales<\/h5>\n\n\n\n<p class=\"wp-block-paragraph\"><a href=\"https:\/\/semmexico.com\/gallery-post.php?id=3971#\">Drina Ergueta<\/a><\/p>\n\n\n\n<p class=\"wp-block-paragraph\">SemM\u00e9xico, La Paz, Bolivia, 6 febrero 2018.- Las acusaciones mutuas de machismo entre el oficialismo y la oposici\u00f3n al actual gobierno boliviano, a ra\u00edz de una publicaci\u00f3n sat\u00edrica de un diario nacional, revela que ese t\u00e9rmino es un descalificativo en uso, pero que las mujeres, sus derechos y dignidad, siguen siendo utilizadas como simples instrumentos arrojadizos en el espacio pol\u00edtico y propagand\u00edstico; adem\u00e1s, muestra que en los medios no se termina de entender lo que es ser machista.&nbsp;<br><br>Cada a\u00f1o, en la tradicional feria de Alasitas, la fiesta de la miniatura y la abundancia, los diarios publican elaboradas e ingeniosas ediciones peque\u00f1itas, donde se suele utilizar la iron\u00eda y la s\u00e1tira pol\u00edtica. Un espacio period\u00edstico divertido y muy esperado por la poblaci\u00f3n, porque el contenido puede ser muy rico en ingenio y tambi\u00e9n en verdades. De hecho, podr\u00eda ser un espacio fant\u00e1stico de denuncia de actitudes sexistas, pero no.<br><br>Este a\u00f1o, el diario P\u00e1gina Siete public\u00f3, en dicha edici\u00f3n, una p\u00e1gina que ten\u00eda como base una conocida publicidad de la pel\u00edcula \u201cLas malcogidas\u201d, al cambiar los rostros y nombres de las actrices por las de varias autoridades femeninas del actual gobierno, a quienes se estar\u00eda criticando por su gesti\u00f3n. Si bien la pel\u00edcula ten\u00eda un tono reivindicativo para las mujeres \u2014de all\u00ed su titular\u2014, en la publicaci\u00f3n en miniatura se hace un uso simplemente machista del cartel del filme. Por esa raz\u00f3n, el diario posteriormente pidi\u00f3 disculpas.<br><br>Dado que desde el gobierno y quienes lo apoyan, se ha dicho que P\u00e1gina Siete es de franca oposici\u00f3n, las afectadas anunciaron demandas y se difundieron cr\u00edticas al diario en todos los espacios posibles. El peri\u00f3dico, por su parte, denunci\u00f3 la campa\u00f1a en su contra. Quienes respaldan a este medio y muchas voces de oposici\u00f3n recordaron los innumerables casos de machismo verbal y f\u00edsico de parte de personajes del gobierno que han quedado impunes.&nbsp;<br><br>En fin, una guerra de acusaciones donde parece que el objetivo es desprestigiar al otro, antes que la defensa de la dignidad de las mujeres. Esto, en un a\u00f1o que se inicia intenso en cuanto a pol\u00edtica, donde el actual presidente Evo Morales (al que se le recuerda siempre su machismo y sobre lo que no se nota que haga algo para remediar) quiere volver a ser electo.&nbsp;<br><br>Que hoy las mujeres del gobierno afectadas y quienes las apoyan reclamen por una publicaci\u00f3n de contenido machista, es totalmente correcto; sin embargo, es absolutamente cierto que no dijeron nada ante frases machistas de Morales y otros, lo que les resta seriedad en su enfado. No dijeron nada, en p\u00fablico, ante casos terribles de violencia y violaci\u00f3n a mujeres cometidos por militantes oficialistas en ejercicio de cargos. Esto es terrible, vergonzoso, inaceptable. \u00bfCu\u00e1ndo se pronunciar\u00e1n?&nbsp;<br><br>Por otra parte, cada d\u00eda, en todos los diarios se publican art\u00edculos con titulares y textos machistas, con fotograf\u00edas y publicidades sexistas. Basta hojear peri\u00f3dicos para verlo. \u00bfCu\u00e1ndo el periodismo se tomar\u00e1 esto en serio? No es suficiente tener muchas mujeres periodistas en la plantilla, que alg\u00fan diario tenga altos mandos femeninos en sus redacciones, que se publique sobre violencia o sobre \u201ctemas de mujeres\u201d; es necesario que lo que se llama \u201cvisi\u00f3n de g\u00e9nero\u201d sea la norma.<br><br>Este caso sali\u00f3 a luz porque afecta a autoridades de gobierno, solo por eso. Dentro del oficio del periodismo, tambi\u00e9n es una muestra de lo que falta por hacer y de la actitud de periodistas respecto este tema, de la ceguera que existe cuando ven una broma en lugar de una agresi\u00f3n sexista.&nbsp;<br><br>As\u00ed como a las autoridades mujeres que aparecen en el diario de Alasitas, se les recuerda que no dijeron nada antes. Tambi\u00e9n es posible decir al periodismo que no se puede criticar el machismo de otros sin ver el que hay en las propias filas. Este caso es tambi\u00e9n una oportunidad para reflexionar sobre el asunto, aprender y cambiar.<br><br>SEM\/de\/gl<\/p>\n","protected":false},"excerpt":{"rendered":"<p>Publicaci\u00f3n sat\u00edrica saca a luz machismo de sociedad boliviana Funcionarias anunciaron demanda, pero callan ante expresiones de Evo Morales Drina Ergueta SemM\u00e9xico, La Paz, Bolivia, 6 febrero 2018.- Las acusaciones mutuas de machismo entre el oficialismo y la oposici\u00f3n al actual gobierno boliviano, a ra\u00edz de una publicaci\u00f3n sat\u00edrica de un diario nacional, revela que [&hellip;]<\/p>\n","protected":false},"author":3,"featured_media":4382,"comment_status":"open","ping_status":"open","sticky":false,"template":"","format":"standard","meta":{"_monsterinsights_skip_tracking":false,"footnotes":""},"categories":[689,77,102],"tags":[],"class_list":["post-4455","post","type-post","status-publish","format-standard","has-post-thumbnail","category-689","category-drina-ergueta","category-textura-violeta"],"_links":{"self":[{"href":"https:\/\/redsemlac.com\/semmexico\/wp-json\/wp\/v2\/posts\/4455","targetHints":{"allow":["GET"]}}],"collection":[{"href":"https:\/\/redsemlac.com\/semmexico\/wp-json\/wp\/v2\/posts"}],"about":[{"href":"https:\/\/redsemlac.com\/semmexico\/wp-json\/wp\/v2\/types\/post"}],"author":[{"embeddable":true,"href":"https:\/\/redsemlac.com\/semmexico\/wp-json\/wp\/v2\/users\/3"}],"replies":[{"embeddable":true,"href":"https:\/\/redsemlac.com\/semmexico\/wp-json\/wp\/v2\/comments?post=4455"}],"version-history":[{"count":0,"href":"https:\/\/redsemlac.com\/semmexico\/wp-json\/wp\/v2\/posts\/4455\/revisions"}],"wp:featuredmedia":[{"embeddable":true,"href":"https:\/\/redsemlac.com\/semmexico\/wp-json\/wp\/v2\/media\/4382"}],"wp:attachment":[{"href":"https:\/\/redsemlac.com\/semmexico\/wp-json\/wp\/v2\/media?parent=4455"}],"wp:term":[{"taxonomy":"category","embeddable":true,"href":"https:\/\/redsemlac.com\/semmexico\/wp-json\/wp\/v2\/categories?post=4455"},{"taxonomy":"post_tag","embeddable":true,"href":"https:\/\/redsemlac.com\/semmexico\/wp-json\/wp\/v2\/tags?post=4455"}],"curies":[{"name":"wp","href":"https:\/\/api.w.org\/{rel}","templated":true}]}}