{"id":44545,"date":"2022-01-23T14:55:07","date_gmt":"2022-01-23T20:55:07","guid":{"rendered":"https:\/\/redsemlac.com\/semmexico\/?p=44545"},"modified":"2023-07-21T18:57:42","modified_gmt":"2023-07-21T23:57:42","slug":"el-ano-mas-feminicida-y-las-cifras-opuestas-del-gobierno","status":"publish","type":"post","link":"https:\/\/redsemlac.com\/semmexico\/el-ano-mas-feminicida-y-las-cifras-opuestas-del-gobierno\/","title":{"rendered":"El a\u00f1o m\u00e1s feminicida y las cifras opuestas del gobierno"},"content":{"rendered":"\n<p class=\"wp-block-paragraph\">\u00bfOtro pleito en el gabinete? \u00bfAcaso la secretaria Rosa Icela Rodr\u00edguez quiere exhibir a Cota y los suyos?<\/p>\n\n\n\n<p class=\"wp-block-paragraph\">Juan Pablo Becerra-Acosta M *<\/p>\n\n\n\n<p class=\"wp-block-paragraph\">SemM\u00e9xico\/BillieParkerNoticias, Cd. de M\u00e9xico 23 de enero, 2022.-Este jueves pasado, en Palacio Nacional, se dio a conocer un informe sobre la seguridad que guarda la naci\u00f3n, o si usted prefiere, un reporte sobre el combate a la inseguridad, tal como sucede cada mes, pero en esta ocasi\u00f3n resultaba m\u00e1s relevante, ya que se dar\u00eda a conocer un balance anual, el del 2021. Durante la conferencia ma\u00f1anera del Presidente, la secretaria de Seguridad y Protecci\u00f3n Ciudadana, Rosa Icela Rodr\u00edguez, revel\u00f3 un documento que tiene 92 p\u00e1ginas y que aborda muchos temas (incidencia delictiva, decomisos, despliegue de fuerzas, etc\u00e9tera). Me concentro en esta columna en un solo problema, que nos retrata como pa\u00eds: el de las mujeres v\u00edctimas de feminicidio.<\/p>\n\n\n\n<p class=\"wp-block-paragraph\">Lo primero que me llam\u00f3 la atenci\u00f3n, en las cifras sobre ese delito, son las\u00a0<strong>divergencias entre los datos que expuso la Secretaria contra los n\u00fameros del Secretariado Ejecutivo del Sistema Nacional de Seguridad P\u00fablica.<\/strong>\u00a0Los de Rosa Icela Rodr\u00edguez  son peores que los expuestos por el Secretariado, que est\u00e1 encabezado por Leonel Cota Monta\u00f1o, ex gobernador de Baja California Sur por el PRD y el PT.<\/p>\n\n\n\n<p class=\"wp-block-paragraph\">Esto es muy grave, porque los datos de incidencia delictiva del Secretariado, que provienen de las procuradur\u00edas o fiscal\u00edas estatales, son las cifras p\u00fablicas fundamentales para analizar los problemas de inseguridad y trazar estrategias para su combate. \u00bfEst\u00e1n siendo maquillados los n\u00fameros, est\u00e1n siendo filtrados, desvirtuados, minimizados por los hombres de Cota, \u00c1ngel Pedraza L\u00f3pez (secretario ejecutivo adjunto) y \u00c1ngel P\u00e9rez Esparza (titular del Centro Nacional de Informaci\u00f3n)? \u00bfO por los fiscales y ellos? \u00bfO por alguien m\u00e1s? \u00bfPara qu\u00e9? \u00bfPara minimizar la inseguridad y beneficiar a los gobiernos federal y estatales?<\/p>\n\n\n\n<p class=\"wp-block-paragraph\">Si no son pifias ni imprecisiones, errores humanos, y si esto sucede con dolo, es muy grave, porque son facultades del Sistema Nacional de Seguridad P\u00fablica \u201cestablecer y controlar bases de datos criminal\u00edsticas y de personal\u201d para \u201ccontar con servicios de informaci\u00f3n efectivos en el combate a la delincuencia y la corrupci\u00f3n\u201d. La estrategia de seguridad deber\u00eda sustentarse en esas cifras.<\/p>\n\n\n\n<p class=\"wp-block-paragraph\">\u00bfOtro pleito en el gabinete? \u00bfAcaso la secretaria Rosa Icela Rodr\u00edguez tiene n\u00fameros m\u00e1s certeros y quiere exhibir a Cota y los suyos, y de paso a los fiscales del pa\u00eds? O por el contrario, \u00bfla Secretaria y su gente tienen cifras err\u00f3neas, eso que llamamos \u201cotros datos\u201d, que se acomodan al gusto pol\u00edtico del mes en Palacio Nacional?<br>Comparemos los datos\u2026<\/p>\n\n\n\n<p class=\"wp-block-paragraph\">La Secretaria inform\u00f3 el jueves que, durante 2021, de enero a diciembre, se perpetraron&nbsp;<strong>1,004 feminicidios.<\/strong>&nbsp;El peor a\u00f1o para este delito. Tenemos un incontrolable pa\u00eds macho. El Secretariado dar\u00e1 a conocer sus cifras de diciembre del 2021 hasta el martes 25 de enero, pero podemos cruzar datos de ambas fuentes hasta noviembre:<strong>&nbsp;el documento exhibido en Palacio Nacional da cuenta de 925 feminicidios de enero a noviembre, mientras que el Secretariado enumera, en el mismo periodo\u2026 887.<\/strong><\/p>\n\n\n\n<p class=\"wp-block-paragraph\">Usted me dir\u00e1 que 38 feminicidios menos no son tantos y yo le digo que son much\u00edsimos para una estad\u00edstica, porque, \u00bftodos los datos de delitos est\u00e1n as\u00ed, subestimados en un lado y magnificados en otro? Y el problema no es solo el total, sino el diferendo hormiga:&nbsp;<strong>en todos los meses difieren,<\/strong>&nbsp;salvo en enero del 2021, cuando ambas fuentes reportaron 76 feminicidios. Por ejemplo, en marzo la Secretaria da 101 feminicidios y el Secretariado 97; en mayo 108 contra 102; en julio 71 contra 67; agosto 111 contra 108, y as\u00ed sucesivamente.<\/p>\n\n\n\n<p class=\"wp-block-paragraph\">\u00bfQu\u00e9 nadie revisa, verifica y confirma los datos en un lado y otro? \u00bfC\u00f3mo podemos confiar en la veracidad de todos los datos provenientes del gobierno federal y las fiscal\u00edas estatales?<\/p>\n\n\n\n<p class=\"wp-block-paragraph\">Si se trata de errores sin dolo en un tema tan delicado, muy mal; si hay manipulaci\u00f3n de datos, peor\u2026<\/p>\n\n\n\n<p class=\"wp-block-paragraph\">BAJO FONDO<\/p>\n\n\n\n<p class=\"wp-block-paragraph\">Tomemos el dato de la Secretaria:&nbsp;<strong>1,004 feminicidios en 2021. Fue, reitero, el peor registro desde que se contabiliza este delito (2015).<\/strong>&nbsp;Y no cede, a pesar de las movilizaciones feministas, ya que cada a\u00f1o ha crecido: en 2018 hubo 846 casos, en 2019 fueron 947, y en 2020 se perpetraron 949.<\/p>\n\n\n\n<p class=\"wp-block-paragraph\">\u00bfQu\u00e9 pa\u00eds es este con mil machos mis\u00f3ginos y asesinos deambulando por las calles? Un vergonzoso pa\u00eds donde cada d\u00eda al menos dos mujeres (2.7, en promedio) son v\u00edctimas de feminicidio. Una mujer ejecutada cada doce horas por odio de un macho, por la ira mis\u00f3gina de un monstruo.<\/p>\n\n\n\n<p class=\"wp-block-paragraph\">No me cansar\u00e9 de decirlo: qu\u00e9 verg\u00fcenza\u2026<\/p>\n\n\n\n<p class=\"wp-block-paragraph\">*Publicado originalmente en El Universal<\/p>\n","protected":false},"excerpt":{"rendered":"<p>Este jueves pasado, en Palacio Nacional, se dio a conocer un informe sobre la seguridad que guarda la naci\u00f3n, o si usted prefiere, un reporte sobre el combate a la inseguridad, tal como sucede cada mes, pero en esta ocasi\u00f3n resultaba m\u00e1s relevante, ya que se dar\u00eda a conocer un balance anual, el del 2021.<\/p>\n","protected":false},"author":3,"featured_media":44547,"comment_status":"open","ping_status":"open","sticky":false,"template":"","format":"standard","meta":{"_monsterinsights_skip_tracking":false,"footnotes":""},"categories":[693,82,110],"tags":[],"class_list":["post-44545","post","type-post","status-publish","format-standard","has-post-thumbnail","category-693","category-la-opinion","category-la-opinion-columnas"],"_links":{"self":[{"href":"https:\/\/redsemlac.com\/semmexico\/wp-json\/wp\/v2\/posts\/44545","targetHints":{"allow":["GET"]}}],"collection":[{"href":"https:\/\/redsemlac.com\/semmexico\/wp-json\/wp\/v2\/posts"}],"about":[{"href":"https:\/\/redsemlac.com\/semmexico\/wp-json\/wp\/v2\/types\/post"}],"author":[{"embeddable":true,"href":"https:\/\/redsemlac.com\/semmexico\/wp-json\/wp\/v2\/users\/3"}],"replies":[{"embeddable":true,"href":"https:\/\/redsemlac.com\/semmexico\/wp-json\/wp\/v2\/comments?post=44545"}],"version-history":[{"count":0,"href":"https:\/\/redsemlac.com\/semmexico\/wp-json\/wp\/v2\/posts\/44545\/revisions"}],"wp:featuredmedia":[{"embeddable":true,"href":"https:\/\/redsemlac.com\/semmexico\/wp-json\/wp\/v2\/media\/44547"}],"wp:attachment":[{"href":"https:\/\/redsemlac.com\/semmexico\/wp-json\/wp\/v2\/media?parent=44545"}],"wp:term":[{"taxonomy":"category","embeddable":true,"href":"https:\/\/redsemlac.com\/semmexico\/wp-json\/wp\/v2\/categories?post=44545"},{"taxonomy":"post_tag","embeddable":true,"href":"https:\/\/redsemlac.com\/semmexico\/wp-json\/wp\/v2\/tags?post=44545"}],"curies":[{"name":"wp","href":"https:\/\/api.w.org\/{rel}","templated":true}]}}