{"id":44413,"date":"2022-01-20T11:50:20","date_gmt":"2022-01-20T17:50:20","guid":{"rendered":"https:\/\/redsemlac.com\/semmexico\/?p=44413"},"modified":"2023-07-21T18:56:49","modified_gmt":"2023-07-21T23:56:49","slug":"amlo-defiende-e-impulsa-a-hombres-acusados-de-violencia-sexual-martha-tagle","status":"publish","type":"post","link":"https:\/\/redsemlac.com\/semmexico\/amlo-defiende-e-impulsa-a-hombres-acusados-de-violencia-sexual-martha-tagle\/","title":{"rendered":"AMLO defiende e impulsa a hombres acusados de violencia sexual: Martha Tagle"},"content":{"rendered":"\n<p class=\"wp-block-paragraph\">*Mientras, la senadora Mal\u00fa Micher se pronunci\u00f3 por la presunci\u00f3n de inocencia de Pedro Salmer\u00f3n en un comunicado<\/p>\n\n\n\n<p class=\"wp-block-paragraph\">Feministas piden al Senado de la Rep\u00fablica no obedecer a Amlo y rechazar el nombramiento del historiador amigo de la esposa del presidente<\/p>\n\n\n\n<p class=\"wp-block-paragraph\">SemM\u00e9xico, Cd. de M\u00e9xico, 20 de enero, 2022.-Mientras el esc\u00e1ndalo se extiende a Panam\u00e1 donde los medios de comunicaci\u00f3n han replicado en primera plana, que mandan un ofensor sexual a la embajada de M\u00e9xico&nbsp;&nbsp;la&nbsp;exdiputada&nbsp;&nbsp;y ex senadora de Movimiento Ciudadano, Martha Tagle Mart\u00ednez acus\u00f3 al&nbsp;&nbsp;&nbsp;presidente Andr\u00e9s Manuel L\u00f3pez Obrador como&nbsp;&nbsp;solapador de&nbsp;&nbsp;la violencia contra las mujeres al defender e impulsar a hombres ofensores sexuales&nbsp;&nbsp;y acusados de violencia sexual, como Pedro Salmer\u00f3n y F\u00e9lix Salgado Macedonio.<\/p>\n\n\n\n<p class=\"wp-block-paragraph\">En tanto en los medios de comunicaci\u00f3n el tema fue recurrente anoche. Y en redes sociales feministas piden que en el Senado de la Rep\u00fablica no se apruebe la designaci\u00f3n que pretende el Ejecutivo, de un acosador. Algunas j\u00f3venes acosadas en televisi\u00f3n han dicho que las denuncias est\u00e1n en el \u00f3rgano de control del ITAM, y que no son pol\u00edticas como dice L\u00f3pez Obrador.<\/p>\n\n\n\n<p class=\"wp-block-paragraph\">Las activistas de Nosotras tenemos otros Datos, lamentaron que AMLO defienda a machos y hostigadores, ofensores sexuales, tanto como lo record\u00f3 Martha Tagle Mart\u00ednez. Los programas de cr\u00edtica feminista, dedicaron hasta 30 minutos al tema; exhibieron los diarios paname\u00f1os con la nota en primera plana, lamentaron que esta ofensa no sea para una persona, sino para todas las mexicanas, como dijo Leonardo Curzio y sus analistas en radio f\u00f3rmula anoche.<\/p>\n\n\n\n<p class=\"wp-block-paragraph\">La ex senadora emecista dijo que L\u00f3pez Obrador se neg\u00f3 a creerle a las presuntas v\u00edctimas, (del caso de Salgado Macedonio) con lo que se&nbsp;exhibe que no entiende en qu\u00e9 consiste el tema de la violencia contra las mujeres y lo complicado que es presentar una denuncia y obtener justicia, dijo.<\/p>\n\n\n\n<p class=\"wp-block-paragraph\">\u201cEs evidente que el Presidente no quiere ni le interesa entender el fen\u00f3meno de la violencia contra las mujeres. De manera reiterada lo minimiza, lo niega, pide pruebas y termina solapando a los victimarios\u201d.<\/p>\n\n\n\n<p class=\"wp-block-paragraph\">\u201cEsto en cualquier persona es malo, pero viniendo del titular del Ejecutivo, esto adem\u00e1s genera impunidad\u201d.<\/p>\n\n\n\n<p class=\"wp-block-paragraph\">Evoc\u00f3 que incluso el historiador que desin\u00f3 como embajador en Panam\u00e1, renunci\u00f3 al ITAM en abril de 2019 antes de que la direcci\u00f3n de esa escuela terminara la investigaci\u00f3n sobre las denuncias de acoso.<\/p>\n\n\n\n<p class=\"wp-block-paragraph\">\u201cNo existe, seg\u00fan entiendo, una denuncia formal, legal\u201d, dijo el Presidente sobre el ex director del Instituto Nacional de Estudios Hist\u00f3ricos de las Revoluciones de M\u00e9xico (INEHRM).<\/p>\n\n\n\n<p class=\"wp-block-paragraph\">\u201cImag\u00ednese, dijo la ex legisladora, Pedro Salmer\u00f3n quiere un cargo diplom\u00e1tico y no tuvo ni t\u00e1ctica ni t\u00e9cnica para hacer este tipo de declaraciones\u201d, se\u00f1al\u00f3 la emecista<\/p>\n\n\n\n<p class=\"wp-block-paragraph\">Entrevistada por distintos medios de radio y televisi\u00f3n, la directora de la organizaci\u00f3n civil Mujer, Ideas, Desarrollo e Investigaci\u00f3n, record\u00f3 que Salmer\u00f3n ha sido denunciado p\u00fablicamente por acoso sexual por alumnas del ITAM y de la UNAM, y que incluso fue se\u00f1alado por el mismo motivo ante la Comisi\u00f3n de Honor y Justicia de Morena.<\/p>\n\n\n\n<p class=\"wp-block-paragraph\">Tagle Mart\u00ednez record\u00f3 que, en agosto, el mandatario federal descart\u00f3, aun sin investigar nada, el nombramiento de la escritora Brenda Lozano como agregada cultural en Espa\u00f1a debido a que hab\u00eda publicado comentarios cr\u00edticos a su Gobierno.<\/p>\n\n\n\n<p class=\"wp-block-paragraph\">\u201cLo que estamos viendo es que los puestos diplom\u00e1ticos son premios para los incondicionales, que los errores no importan siempre y sean incondicionales, igual como se hac\u00eda en el PRI\u201d, dijo la activista, por lo que consider\u00f3 que la \u00fanica posibilidad de que detener el nombramiento est\u00e1 en que no se ratifique en el Senado o que el Gobierno paname\u00f1o lo rechace.<\/p>\n\n\n\n<p class=\"wp-block-paragraph\">Posturas diversas de Senadoras de Morena<\/p>\n\n\n\n<p class=\"wp-block-paragraph\">Entretanto, Senadoras como Nancy de la Sierra, secretaria de la Comisi\u00f3n de Relaciones Exteriores, apremi\u00f3 a las integrantes de ese \u00f3rgano a mostrar congruencia y rechazar la ratificaci\u00f3n del historiador Pedro Salmer\u00f3n como Embajador de M\u00e9xico en Panam\u00e1.<\/p>\n\n\n\n<p class=\"wp-block-paragraph\">No obstante, las morenistas, contrario a lo que hist\u00f3ricamente han tenido como discurso el derecho de las mujeres y la no denuncia sobraba porque la norma era el \u201cyo te creo\u201d, ante la acusaci\u00f3n a un presunto acosador morenista las cosas cambian.<\/p>\n\n\n\n<p class=\"wp-block-paragraph\">Es necesario interponer denuncias formales para hacer efectivas las acusaciones dijo la senadora Mal\u00fa Micher Camarena, quien se pronunci\u00f3 a trav\u00e9s de un comunicado sobre las acusaciones contra Pedro Salmer\u00f3n, propuesto para ser embajador de Panam\u00e1.<\/p>\n\n\n\n<p class=\"wp-block-paragraph\">La legisladora precis\u00f3 que las acusaciones contra Salmer\u00f3n por presuntos actos de acoso sexual imputadas en las redes sociales no pueden ser descalificadas, sin embargo, se aline\u00f3 a la declaraci\u00f3n presidencial.<\/p>\n\n\n\n<p class=\"wp-block-paragraph\">\u201cEn tanto no existan denuncias formales o se acompa\u00f1en a las v\u00edctimas a formalizar las acusaciones que han realizado de forma p\u00fablica, las autoridades mexicanas y el propio Senado de la Rep\u00fablica tiene la obligaci\u00f3n de apegarse al principio de presunci\u00f3n de inocencia\u201d, refiere en su texto posteado en redes.<\/p>\n\n\n\n<p class=\"wp-block-paragraph\">Acot\u00f3 que, si bien se tiene escuchar a las mujeres, se debe tomar una decisi\u00f3n apegada al derecho, por lo que se necesitan resoluciones o documentos legales que sirvan a los senadores para actuar.<\/p>\n\n\n\n<p class=\"wp-block-paragraph\">\u201cComo Senadora de la Rep\u00fablica, he defendido a las v\u00edctimas p\u00fablicamente e impulsado en cada comparecencia que las personas que nos representan a nivel internacional cuenten con las mejores cartas, experiencias y capacidades, que desde la perspectiva de g\u00e9nero se requieren para desempe\u00f1ar su cargo\u201d, concluy\u00f3.<\/p>\n\n\n\n<figure class=\"wp-block-image size-full\"><a href=\"https:\/\/redsemlac.com\/semmexico\/wp-content\/uploads\/2022\/01\/Captura-de-Pantalla-2022-01-20-a-las-18.43.44.png\"><img loading=\"lazy\" decoding=\"async\" width=\"688\" height=\"938\" src=\"https:\/\/redsemlac.com\/semmexico\/wp-content\/uploads\/2022\/01\/Captura-de-Pantalla-2022-01-20-a-las-18.43.44.png\" alt=\"\" class=\"wp-image-44452\"\/><\/a><\/figure>\n","protected":false},"excerpt":{"rendered":"<p>*Mientras, la senadora Mal\u00fa Micher se pronunci\u00f3 por la presunci\u00f3n de inocencia de Pedro Salmer\u00f3n en un comunicado Feministas piden al Senado de la Rep\u00fablica no obedecer a Amlo y rechazar el nombramiento del historiador amigo de la esposa del presidente SemM\u00e9xico, Cd. de M\u00e9xico, 20 de enero, 2022.-Mientras el esc\u00e1ndalo se extiende a Panam\u00e1 [&hellip;]<\/p>\n","protected":false},"author":3,"featured_media":44414,"comment_status":"open","ping_status":"open","sticky":false,"template":"","format":"standard","meta":{"_monsterinsights_skip_tracking":false,"footnotes":""},"categories":[693,50],"tags":[],"class_list":["post-44413","post","type-post","status-publish","format-standard","has-post-thumbnail","category-693","category-congreso"],"_links":{"self":[{"href":"https:\/\/redsemlac.com\/semmexico\/wp-json\/wp\/v2\/posts\/44413","targetHints":{"allow":["GET"]}}],"collection":[{"href":"https:\/\/redsemlac.com\/semmexico\/wp-json\/wp\/v2\/posts"}],"about":[{"href":"https:\/\/redsemlac.com\/semmexico\/wp-json\/wp\/v2\/types\/post"}],"author":[{"embeddable":true,"href":"https:\/\/redsemlac.com\/semmexico\/wp-json\/wp\/v2\/users\/3"}],"replies":[{"embeddable":true,"href":"https:\/\/redsemlac.com\/semmexico\/wp-json\/wp\/v2\/comments?post=44413"}],"version-history":[{"count":0,"href":"https:\/\/redsemlac.com\/semmexico\/wp-json\/wp\/v2\/posts\/44413\/revisions"}],"wp:featuredmedia":[{"embeddable":true,"href":"https:\/\/redsemlac.com\/semmexico\/wp-json\/wp\/v2\/media\/44414"}],"wp:attachment":[{"href":"https:\/\/redsemlac.com\/semmexico\/wp-json\/wp\/v2\/media?parent=44413"}],"wp:term":[{"taxonomy":"category","embeddable":true,"href":"https:\/\/redsemlac.com\/semmexico\/wp-json\/wp\/v2\/categories?post=44413"},{"taxonomy":"post_tag","embeddable":true,"href":"https:\/\/redsemlac.com\/semmexico\/wp-json\/wp\/v2\/tags?post=44413"}],"curies":[{"name":"wp","href":"https:\/\/api.w.org\/{rel}","templated":true}]}}