{"id":44394,"date":"2022-01-19T13:18:37","date_gmt":"2022-01-19T19:18:37","guid":{"rendered":"https:\/\/redsemlac.com\/semmexico\/?p=44394"},"modified":"2023-07-21T18:56:50","modified_gmt":"2023-07-21T23:56:50","slug":"opinion-temor-por-una-drastica-caida-en-el-consumo-familiar","status":"publish","type":"post","link":"https:\/\/redsemlac.com\/semmexico\/opinion-temor-por-una-drastica-caida-en-el-consumo-familiar\/","title":{"rendered":"Opini\u00f3n| Temor por una dr\u00e1stica ca\u00edda en el consumo familiar"},"content":{"rendered":"\n<h3 class=\"wp-block-heading\"><strong>LOS CAPITALES<\/strong><\/h3>\n\n\n\n<p class=\"wp-block-paragraph\"><strong>Edgar Gonz\u00e1lez Mart\u00ednez<\/strong><\/p>\n\n\n\n<p class=\"wp-block-paragraph\">SemM\u00e9xico\/\u00cdndice Pol\u00edtico, Cd. de M\u00e9xico, 19 de enero, 2022.- El sector privado mundial enfrentar\u00e1 en este a\u00f1o y lo que resta de la d\u00e9cada a un enemigo invisible: el temor de los y las consumidoras y, por supuesto, la restricci\u00f3n de gastos ante la inseguridad del futuro, cuyo horizonte sigue siendo el flagelo del coronavirus y sus variantes. Nadie ni nada tiene seguridad y lo mejor es restringir el consumo, ahorrar y cuidar la salud familiar. Ante esto, no son poco los analistas que est\u00e1n viendo una econom\u00eda acotada por una larga recesi\u00f3n de consecuencias imprevisibles.<\/p>\n\n\n\n<p class=\"wp-block-paragraph\">Precisamente, durante la semana pasada, el tema de la inflaci\u00f3n en EU y las implicaciones en los futuros pasos de la FED en materia de pol\u00edtica monetaria concentraron la atenci\u00f3n de los mercados financieros globales. Debido a los recientes acontecimientos, con los niveles de precios en m\u00e1ximos de cuatro d\u00e9cadas y declaraciones de funcionarios del banco central estadounidense, incluidas las de Powell en su comparecencia en el Senado, han provocado que el mercado considere que, en este 2022, la autoridad tendr\u00eda que subir por lo menos cuatro veces su tasa de fondeo y, que la primera alza se podr\u00eda dar tan pronto como llegue marzo.<\/p>\n\n\n\n<p class=\"wp-block-paragraph\">Con relaci\u00f3n a la pandemia de Covid-19, la expansi\u00f3n de \u00f3micron sigue imparable, y aunque no est\u00e1 provocando restricciones adicionales en los pa\u00edses occidentales, la explosi\u00f3n de casos de coronavirus amenaza con restringir el gasto y el crecimiento de los consumidores. Adem\u00e1s, la pol\u00edtica de tolerancia cero con el virus de China puede provocar problemas adicionales en las cadenas globales de suministro. El petr\u00f3leo tambi\u00e9n fue noticia, porque ya regres\u00f3 a los niveles de precios existentes antes del surgimiento de la variable \u00f3micron. Y en M\u00e9xico se escucha, cada vez con m\u00e1s insistencia que si un gigante financiero como el Citigroup ha tenido que vender parte de sus activos, las perspectivas de los negocios no es nada optimista. Por lo pronto, dicen muchos consumidores, a restringir el gasto y ahorrar para enfrentar los vaivenes del futuro.<\/p>\n\n\n\n<p class=\"wp-block-paragraph\"><strong>En M\u00e9xico muy lenta la conversi\u00f3n a digital en el negocio notarial.<\/strong><\/p>\n\n\n\n<p class=\"wp-block-paragraph\">Solo una notar\u00eda, la de Alfredo Baz\u00faa, notario 230 de la CDMX, brinda a su clientela las herramientas digitales que-dice el notario- ofrece mayor seguridad jur\u00eddica a las operaciones financieras y que requieren dejar constancia de su existencia e inalterabilidad sin tener que bajar al papel.<\/p>\n\n\n\n<p class=\"wp-block-paragraph\">El especialista, cuya notar\u00eda es la \u00fanica que cuenta con la acreditaci\u00f3n de las autoridades mexicanas como Prestador de Servicios de Certificaci\u00f3n (PSC) para brindar los servicios de emisi\u00f3n de Sellos Digitales de Tiempo, Constancias de Conservaci\u00f3n de Mensajes de Datos y Digitalizaci\u00f3n de documentos en soporte f\u00edsico, list\u00f3 las principales operaciones financieras que hoy se celebran en papel pero que ya podr\u00e1n celebrarse en documentos electr\u00f3nicos y conservarse en ese medio dejando constancia de su existencia e inalterabilidad a trav\u00e9s de la intervenci\u00f3n del fedatario p\u00fablico.<\/p>\n\n\n\n<p class=\"wp-block-paragraph\">As\u00ed, ahora los contratos de apertura de cr\u00e9dito y dem\u00e1s financiamientos (que no requieran de garant\u00eda hipotecaria), los arrendamientos financieros (que no recaigan sobre inmuebles), contratos de factoraje financiero, fideicomisos (que no recaigan sobre inmuebles), prendas mercantiles, y dem\u00e1s operaciones financieras, podr\u00e1n otorgarse con el uso de la firma electr\u00f3nica avanzada (e.firma) de los contratantes a trav\u00e9s de una plataforma de firmado electr\u00f3nico administrada por PSC Notaria 230, como autoridad certificadora, a los cuales se vincularan sellos de tiempo y constancias de conservaci\u00f3n de mensajes de datos que acreditaran su existencia legal e inalterabilidad.<\/p>\n\n\n\n<p class=\"wp-block-paragraph\"><strong>Los alba\u00f1iles, fundamentales en la cadena de la construcci\u00f3n: Holcim M\u00e9xico.<\/strong><\/p>\n\n\n\n<p class=\"wp-block-paragraph\">La campa\u00f1a m\u00e1s reciente de Holcim M\u00e9xico, El Mero Maestro, busca reconocer la labor de los maestros de obra, alba\u00f1iles y ayudantes de la construcci\u00f3n. Para celebrarlo, se elaboraron diversos materiales de comunicaci\u00f3n en distintos formatos, en donde diferentes trabajadores de la construcci\u00f3n relatan en primera persona sus experiencias en el oficio de la alba\u00f1iler\u00eda, lo que significa para ellos y que los motiva a construir siempre la mejor de las obras.<\/p>\n\n\n\n<p class=\"wp-block-paragraph\">A lo largo de los a\u00f1os, Holcim M\u00e9xico ha buscado mantenerse cerca de todos sus clientes, y los alba\u00f1iles son imprescindibles. Ellos son quienes trabajan directamente con la gama de soluciones para la construcci\u00f3n de la empresa.<\/p>\n\n\n\n<p class=\"wp-block-paragraph\">Como parte de la campa\u00f1a de lanzamiento, la empresa estar\u00e1 implementando una estrategia en medios masivos y digitales de todo el pa\u00eds, adicional a acciones en campo, las cuales ayudar\u00e1n directamente a los maestros de obra y alba\u00f1iles a saber m\u00e1s sobre los beneficios de los productos Holcim y a optimizar su uso.<\/p>\n\n\n\n<p class=\"wp-block-paragraph\">Alejandra Quintero, CMO de Holcim M\u00e9xico, extern\u00f3 que el objetivo de la campa\u00f1a es \u201ccrear un v\u00ednculo emocional que promueva una fuerte recordaci\u00f3n y construcci\u00f3n de valor de marca. Buscamos darles voz y visibilidad a nuestros mejores aliados, \u201cLos Meros Maestros\u201d.<\/p>\n\n\n\n<p class=\"wp-block-paragraph\">loscapitales@yahoo.com.mx<br>www.agendadeinversiones.com.mx<\/p>\n","protected":false},"excerpt":{"rendered":"<p>El sector privado mundial enfrentar\u00e1 en este a\u00f1o y lo que resta de la d\u00e9cada a un enemigo invisible<\/p>\n","protected":false},"author":3,"featured_media":44395,"comment_status":"open","ping_status":"open","sticky":false,"template":"","format":"standard","meta":{"_monsterinsights_skip_tracking":false,"footnotes":""},"categories":[693,110,35],"tags":[459],"class_list":["post-44394","post","type-post","status-publish","format-standard","has-post-thumbnail","category-693","category-la-opinion-columnas","category-opinion","tag-opinion"],"_links":{"self":[{"href":"https:\/\/redsemlac.com\/semmexico\/wp-json\/wp\/v2\/posts\/44394","targetHints":{"allow":["GET"]}}],"collection":[{"href":"https:\/\/redsemlac.com\/semmexico\/wp-json\/wp\/v2\/posts"}],"about":[{"href":"https:\/\/redsemlac.com\/semmexico\/wp-json\/wp\/v2\/types\/post"}],"author":[{"embeddable":true,"href":"https:\/\/redsemlac.com\/semmexico\/wp-json\/wp\/v2\/users\/3"}],"replies":[{"embeddable":true,"href":"https:\/\/redsemlac.com\/semmexico\/wp-json\/wp\/v2\/comments?post=44394"}],"version-history":[{"count":0,"href":"https:\/\/redsemlac.com\/semmexico\/wp-json\/wp\/v2\/posts\/44394\/revisions"}],"wp:featuredmedia":[{"embeddable":true,"href":"https:\/\/redsemlac.com\/semmexico\/wp-json\/wp\/v2\/media\/44395"}],"wp:attachment":[{"href":"https:\/\/redsemlac.com\/semmexico\/wp-json\/wp\/v2\/media?parent=44394"}],"wp:term":[{"taxonomy":"category","embeddable":true,"href":"https:\/\/redsemlac.com\/semmexico\/wp-json\/wp\/v2\/categories?post=44394"},{"taxonomy":"post_tag","embeddable":true,"href":"https:\/\/redsemlac.com\/semmexico\/wp-json\/wp\/v2\/tags?post=44394"}],"curies":[{"name":"wp","href":"https:\/\/api.w.org\/{rel}","templated":true}]}}