{"id":44339,"date":"2022-01-18T14:18:50","date_gmt":"2022-01-18T20:18:50","guid":{"rendered":"https:\/\/redsemlac.com\/semmexico\/?p=44339"},"modified":"2023-07-21T18:56:51","modified_gmt":"2023-07-21T23:56:51","slug":"amlo-defiende-a-salmeron-mexicanas-exigen-que-no-sea-embajador","status":"publish","type":"post","link":"https:\/\/redsemlac.com\/semmexico\/amlo-defiende-a-salmeron-mexicanas-exigen-que-no-sea-embajador\/","title":{"rendered":"AMLO: defiende a Salmer\u00f3n; mexicanas exigen que no sea embajador"},"content":{"rendered":"\n<ul class=\"wp-block-list\"><li><strong>Feministas, colectivas de mujeres y mujeres independientes firman carta y difunden #UnAcosadorNoDebeSerEmbajador<\/strong><\/li><\/ul>\n\n\n\n<ul class=\"wp-block-list\"><li><strong>No es no: Hacen tres peticiones al Presidente, a Ebrard y al Senado de Rep\u00fablica<\/strong><\/li><\/ul>\n\n\n\n<p class=\"wp-block-paragraph\"><strong>Soledad Jarqu\u00edn Edgar<\/strong><\/p>\n\n\n\n<p class=\"wp-block-paragraph\">SemM\u00e9xico, Cd. de M\u00e9xico, 18 de enero, 2021.- En tanto el presidente Andr\u00e9s Manuel L\u00f3pez Obrador asegur\u00f3 hoy en su conferencia matutina que no existe ninguna denuncia formal en contra de Pedro Agust\u00edn Salmer\u00f3n Sangin\u00e9s, quien fue designado como embajador de M\u00e9xico en Panam\u00e1, como dio a conocer la Secretar\u00eda de Relaciones Exteriores ayer lunes, colectivas feministas recuerdan, en una carta p\u00fablica, las diversas acusaciones en su contra y se\u00f1alan que \u201cla denuncia p\u00fablica es un mecanismo para evidenciar la violencia sist\u00e9mica en contra de las mujeres\u201d.<\/p>\n\n\n\n<p class=\"wp-block-paragraph\">As\u00ed, esta ma\u00f1ana, el mandatario mexicano pidi\u00f3 esperar \u201cpara no adelantarnos\u201d y destac\u00f3 a Salmer\u00f3n Sangin\u00e9s como una persona preparada y lo calific\u00f3 como el segundo mejor historiador sobre la vida de Francisco Villa, dijo en referencia al director del Museo Regional de Guadalajara.<\/p>\n\n\n\n<p class=\"wp-block-paragraph\">En la carta que sigue un curso para recabar firmas, lo que se puede hacer desde una plataforma digital, firmado y compartido con el #UnAcosadorNoDebeSerEmbajador<\/p>\n\n\n\n<p class=\"wp-block-paragraph\">explican que los abusos de Pedro Salmer\u00f3n se han documentado en @MeTooITAM y @MeTooAcad\u00e9micosMx as\u00ed como en denuncias en el Instituto Tecnol\u00f3gico Aut\u00f3nomo de M\u00e9xico y dentro del partido Morena.<\/p>\n\n\n\n<p class=\"wp-block-paragraph\">Refieren que el designado embajador en Panam\u00e1 \u201cha intentado intimidar y silenciar a quienes lo se\u00f1alaron\u201d y refieren que acompa\u00f1an las v\u00edctimas y \u201cles ofrecemos nuestro respaldo\u201d.<\/p>\n\n\n\n<p class=\"wp-block-paragraph\">Las organizaciones y mujeres que hasta ahora han firmado el <strong>Pronunciamiento sobre el nombramiento de Pedro Salmer\u00f3n como embajador hacen tres solicitudes concretas:<\/strong><\/p>\n\n\n\n<p class=\"wp-block-paragraph\"><strong>I<\/strong><\/p>\n\n\n\n<p class=\"wp-block-paragraph\">Al presidente de la Rep\u00fablica, Andr\u00e9s Manuel L\u00f3pez Obrador llaman a revocar el nombramiento a Salmer\u00f3n Sangin\u00e9s, \u201ccongruente con su compromiso p\u00fablico de combatir la violencia contra las mujeres. Nombrar a esta persona como representante de M\u00e9xico en el exterior revictimiza a quienes han tenido la valent\u00eda de exponer sus casos de manera p\u00fablica. Este nombramiento, profundiza la cultura de la impunidad que, asegura, es una pr\u00e1ctica \u201cneoliberal\u201d que su gobierno no replica\u201d.&nbsp;<\/p>\n\n\n\n<p class=\"wp-block-paragraph\">II<\/p>\n\n\n\n<p class=\"wp-block-paragraph\">A la Secretar\u00eda de Relaciones Exteriores, en especial, al canciller Marcelo Ebrard y a la subsecretaria Martha Delgado, les exigimos no guardar silencio al ver c\u00f3mo se viola el conjunto de principios de lo que denominan \u201cpol\u00edtica exterior feminista\u201d.<\/p>\n\n\n\n<p class=\"wp-block-paragraph\">Recuerdan que, en este gobierno, M\u00e9xico se convirti\u00f3 en el primer pa\u00eds en Am\u00e9rica Latina en adoptar este tipo de pol\u00edtica para reducir las diferencias estructurales generadas por un sistema patriarcal, tales como la desigualdad de g\u00e9nero y la violencia sexual, desde la acci\u00f3n gubernamental.<\/p>\n\n\n\n<p class=\"wp-block-paragraph\">Y advierten que callar ante el nombramiento como embajador de una persona que sistem\u00e1ticamente ha abusado de su autoridad para violentar, perpet\u00faa estas desigualdades al poner en riesgo a otras mujeres, contradecir el esp\u00edritu de su pol\u00edtica exterior y revictimizar a las v\u00edctimas. Su silencio no les exime de responsabilidad, aunque el nombramiento no recaiga en ustedes. Las acciones y conductas violentas, as\u00ed como las omisiones de quienes las observan, conocen y detectan, promueven estas injusticias. Ninguna disposici\u00f3n administrativa o legal \u2018feminista\u2019 es suficiente cuando se cobija a aquellos que ejercen violencia de g\u00e9nero.<\/p>\n\n\n\n<p class=\"wp-block-paragraph\">Al mismo tiempo, en esta segunda petici\u00f3n, expresan su preocupaci\u00f3n sobre la informaci\u00f3n proporcionada al gobierno paname\u00f1o para que otorgara su benepl\u00e1cito al nombramiento. Tememos que, una vez m\u00e1s, se ignoren los se\u00f1alamientos de quienes han sido v\u00edctimas y testigos del car\u00e1cter agresivo y peligroso de Salmer\u00f3n.<\/p>\n\n\n\n<p class=\"wp-block-paragraph\">III<\/p>\n\n\n\n<p class=\"wp-block-paragraph\">Al Senado de la Rep\u00fablica le exigimos que, en caso de que no se retire el nombramiento, rechace la ratificaci\u00f3n de Pedro Salmer\u00f3n en su cargo. Las vivencias de las v\u00edctimas deben ser suficiente para reconocer que \u00e9l no puede representar a nuestro pa\u00eds. El Senado no debe sumarse a la lista de instituciones que han encubierto y premiado a Pedro Salmer\u00f3n, y debe ejercer la funci\u00f3n de control con la que cuenta para hacer una evaluaci\u00f3n minuciosa de las propuestas enviadas por el Poder Ejecutivo para representarnos en el exterior<\/p>\n\n\n\n<p class=\"wp-block-paragraph\">\u201cEstamos conscientes de que, en el discurso y la teor\u00eda, es sencillo reproducir las narrativas de feminismo y tolerancia cero a la violencia contra las mujeres. Es en la pr\u00e1ctica en donde se requiere de verdaderos aliados para cambiar de ra\u00edz todo un sistema que violenta, ignora, revictimiza y encubre. Este es un llamado a la congruencia y a salir del lugar com\u00fan de declararse aliado para despu\u00e9s abandonar a las mujeres a merced de los intereses y pactos pol\u00edticos\u201d.&nbsp;<\/p>\n\n\n\n<p class=\"wp-block-paragraph\">En esta direcci\u00f3n electr\u00f3nica se puede firmar la <strong>Pronunciamiento sobre el nombramiento de Pedro Salmer\u00f3n como embajador <\/strong><a href=\"https:\/\/forms.gle\/1dtaM5nNCkpcwWxe6\">https:\/\/forms.gle\/1dtaM5nNCkpcwWxe6<\/a><\/p>\n\n\n\n<p class=\"wp-block-paragraph\">En redes sociales, mujeres y hombres, recuerdan quien es Pedro Salmer\u00f3n, algunas personas lo felicitan, otras le hacen reclamos. Incluso el mismo se defiende.<\/p>\n\n\n\n<figure class=\"wp-block-gallery columns-1 is-cropped wp-block-gallery-1 is-layout-flex wp-block-gallery-is-layout-flex\"><ul class=\"blocks-gallery-grid\"><li class=\"blocks-gallery-item\"><figure><a href=\"https:\/\/redsemlac.com\/semmexico\/wp-content\/uploads\/2022\/01\/pedro-1.png\"><img loading=\"lazy\" decoding=\"async\" width=\"602\" height=\"399\" src=\"https:\/\/redsemlac.com\/semmexico\/wp-content\/uploads\/2022\/01\/pedro-1.png\" alt=\"\" data-id=\"44341\" data-full-url=\"https:\/\/redsemlac.com\/semmexico\/wp-content\/uploads\/2022\/01\/pedro-1.png\" data-link=\"https:\/\/redsemlac.com\/semmexico\/?attachment_id=44341\" class=\"wp-image-44341\"\/><\/a><\/figure><\/li><li class=\"blocks-gallery-item\"><figure><a href=\"https:\/\/redsemlac.com\/semmexico\/wp-content\/uploads\/2022\/01\/pedro-3.png\"><img loading=\"lazy\" decoding=\"async\" width=\"358\" height=\"451\" src=\"https:\/\/redsemlac.com\/semmexico\/wp-content\/uploads\/2022\/01\/pedro-3.png\" alt=\"\" data-id=\"44343\" data-full-url=\"https:\/\/redsemlac.com\/semmexico\/wp-content\/uploads\/2022\/01\/pedro-3.png\" data-link=\"https:\/\/redsemlac.com\/semmexico\/?attachment_id=44343\" class=\"wp-image-44343\"\/><\/a><\/figure><\/li><li class=\"blocks-gallery-item\"><figure><a href=\"https:\/\/redsemlac.com\/semmexico\/wp-content\/uploads\/2022\/01\/pedro-2.png\"><img loading=\"lazy\" decoding=\"async\" width=\"348\" height=\"493\" src=\"https:\/\/redsemlac.com\/semmexico\/wp-content\/uploads\/2022\/01\/pedro-2.png\" alt=\"\" data-id=\"44342\" data-full-url=\"https:\/\/redsemlac.com\/semmexico\/wp-content\/uploads\/2022\/01\/pedro-2.png\" data-link=\"https:\/\/redsemlac.com\/semmexico\/?attachment_id=44342\" class=\"wp-image-44342\"\/><\/a><\/figure><\/li><\/ul><\/figure>\n","protected":false},"excerpt":{"rendered":"<p>No es no: Hacen tres peticiones al Presidente, a Ebrard y al Senado de Rep\u00fablica<\/p>\n","protected":false},"author":3,"featured_media":44340,"comment_status":"open","ping_status":"open","sticky":false,"template":"","format":"standard","meta":{"_monsterinsights_skip_tracking":false,"footnotes":""},"categories":[693,51],"tags":[],"class_list":["post-44339","post","type-post","status-publish","format-standard","has-post-thumbnail","category-693","category-ejecutivo"],"_links":{"self":[{"href":"https:\/\/redsemlac.com\/semmexico\/wp-json\/wp\/v2\/posts\/44339","targetHints":{"allow":["GET"]}}],"collection":[{"href":"https:\/\/redsemlac.com\/semmexico\/wp-json\/wp\/v2\/posts"}],"about":[{"href":"https:\/\/redsemlac.com\/semmexico\/wp-json\/wp\/v2\/types\/post"}],"author":[{"embeddable":true,"href":"https:\/\/redsemlac.com\/semmexico\/wp-json\/wp\/v2\/users\/3"}],"replies":[{"embeddable":true,"href":"https:\/\/redsemlac.com\/semmexico\/wp-json\/wp\/v2\/comments?post=44339"}],"version-history":[{"count":0,"href":"https:\/\/redsemlac.com\/semmexico\/wp-json\/wp\/v2\/posts\/44339\/revisions"}],"wp:featuredmedia":[{"embeddable":true,"href":"https:\/\/redsemlac.com\/semmexico\/wp-json\/wp\/v2\/media\/44340"}],"wp:attachment":[{"href":"https:\/\/redsemlac.com\/semmexico\/wp-json\/wp\/v2\/media?parent=44339"}],"wp:term":[{"taxonomy":"category","embeddable":true,"href":"https:\/\/redsemlac.com\/semmexico\/wp-json\/wp\/v2\/categories?post=44339"},{"taxonomy":"post_tag","embeddable":true,"href":"https:\/\/redsemlac.com\/semmexico\/wp-json\/wp\/v2\/tags?post=44339"}],"curies":[{"name":"wp","href":"https:\/\/api.w.org\/{rel}","templated":true}]}}