{"id":44273,"date":"2022-01-17T10:51:04","date_gmt":"2022-01-17T16:51:04","guid":{"rendered":"https:\/\/redsemlac.com\/semmexico\/?p=44273"},"modified":"2023-07-21T18:56:52","modified_gmt":"2023-07-21T23:56:52","slug":"botella-al-mar-pepillo-y-la-scjn","status":"publish","type":"post","link":"https:\/\/redsemlac.com\/semmexico\/botella-al-mar-pepillo-y-la-scjn\/","title":{"rendered":"Botella al Mar| Pepillo y la SCJN"},"content":{"rendered":"\n<p class=\"wp-block-paragraph\"><strong>Martha Canseco Gonz\u00e1lez<\/strong><\/p>\n\n\n\n<p class=\"wp-block-paragraph\">SemM\u00e9xico, Pachuca, Hgo., 17 de enero, 2022.- Ya lo he mencionado en esta columna y lo reitero, ante la violencia de g\u00e9nero, esa que es contra mujeres y ni\u00f1as por el mero hecho de serlo, lo que exige esta sociedad patriarcal mexicana es que nos quedemos calladitas.<\/p>\n\n\n\n<p class=\"wp-block-paragraph\">Por eso tantas personas se duelen de monumentos e inmuebles rotos, maltratados y pintarrajeados por las feministas, pero esas mismas personas no se duelen ni tienen la m\u00e1s m\u00ednima empat\u00eda por las 11 mujeres asesinadas diariamente en este pa\u00eds. Tampoco les conmueve el dolor de miles de familias ni los centenares de hu\u00e9rfanas y hu\u00e9rfanos que han dejado los feminicidios.<\/p>\n\n\n\n<p class=\"wp-block-paragraph\">Esas personas son incapaces de entender que esos monumentos e inmuebles son gritos desesperados de millones de mexicanas que claman \u00a1que pare esta barbarie! Qu\u00e9 c\u00f3mo se afirma categ\u00f3ricamente, M\u00e9xico, es un pa\u00eds que no quiere a sus mujeres.<\/p>\n\n\n\n<p class=\"wp-block-paragraph\">En este marco, por eso es tan importante para las mexicanas y es un buen precedente la resoluci\u00f3n que la semana pasada la Suprema Corte de Justicia de la Naci\u00f3n, expres\u00f3 en torno al caso de los conductores de un programa de espect\u00e1culos, Flor Rubio y Juan Jos\u00e9 Origel.<\/p>\n\n\n\n<p class=\"wp-block-paragraph\">Lo resumo, hace seis a\u00f1os cuando ya no eran compa\u00f1eros de trabajo y en una reuni\u00f3n con periodistas en Acapulco, Origel asegur\u00f3 que Rubio hab\u00eda alcanzado el \u00e9xito gracias a que se hab\u00eda acostado con varios altos mando de la empresa televisiva donde trabaja. Por desgracia para Origel alguien lo grab\u00f3 y lo filtr\u00f3 a los medios.<\/p>\n\n\n\n<p class=\"wp-block-paragraph\">Flor Rubio lo demand\u00f3 penalmente por da\u00f1o moral.<\/p>\n\n\n\n<p class=\"wp-block-paragraph\">En todas las instancias legales a las que acudieron, las autoridades le dieron la raz\u00f3n a Flor, as\u00ed el caso lleg\u00f3 a la Suprema Corte con la resoluci\u00f3n que favoreci\u00f3 nuevamente a la conductora. Origel tendr\u00e1 que pagar una suma por el da\u00f1o moral, adem\u00e1s de dar disculpas a su ex compa\u00f1era de manera p\u00fablica.<\/p>\n\n\n\n<p class=\"wp-block-paragraph\">Varios puntos que resaltar: Hasta donde s\u00e9, es la primera vez que la m\u00e1xima instancia judicial del pa\u00eds le da la raz\u00f3n a una mexicana que ha sido insultada con el ep\u00edteto m\u00e1s antiguo y preferido del patriarcado \u00a1Todas somos unas putas!<\/p>\n\n\n\n<p class=\"wp-block-paragraph\">En este sistema donde se aplaude a los hombres que tienen relaciones sexuales sin ton ni son y han de alardear con ello, recuerden el \u201cy t\u00fa mam\u00e1 tambi\u00e9n\u201d, pero que exige a las mujeres pureza y fidelidad, la doble moral resulta aberrante y adem\u00e1s violenta los derechos sexuales de las mexicanas.<\/p>\n\n\n\n<p class=\"wp-block-paragraph\">Es un insulto que se dice con toda ligereza, pero que lo cierto es que no se puede saber de la vida sexual de una mujer a menos que ella te la platique, y si no es as\u00ed entonces se est\u00e1 cometiendo un delito, porque se miente y se calumnia con el objetivo de provocarle da\u00f1o a esa mujer, descalificarla, discriminarla y violentarla y eso es lo que hizo Origel, cosa que no ha negado.<\/p>\n\n\n\n<p class=\"wp-block-paragraph\">Flor Rubio no tiene el poder para manipular la ley y acomodarla a su gusto, simplemente se aplic\u00f3 perspectiva de g\u00e9nero.<\/p>\n\n\n\n<p class=\"wp-block-paragraph\">Miren, es bien sabida la misoginia y el machismo que hay entre muchos hombres homosexuales. En las redes sociales, cual macho herido, Origel ha dicho que esto no quedar\u00e1 as\u00ed, bien har\u00edan sus abogados en explicarle lo que significa una resoluci\u00f3n de la Suprema Corte de la Naci\u00f3n, antes de que se siga perjudicando \u00e9l mismo.<\/p>\n\n\n\n<p class=\"wp-block-paragraph\">Claro que, si la tirada es seguir en el foco de los programas de variedad insistiendo con algo ya juzgado con el fin de aumentar audiencia, preferible ser\u00eda que buscaran otra caja china que no tuviera que ver con la violencia contra las mujeres.<\/p>\n\n\n\n<p class=\"wp-block-paragraph\">En todo caso lo que podr\u00eda hacer el conductor de espect\u00e1culos es averiguar qui\u00e9n de sus compa\u00f1eros de reuni\u00f3n lo traicion\u00f3 al garbarlo y filtrarlo a los medios, ah\u00ed s\u00ed hay un crimen que perseguir, no a Flor Rubio que decidi\u00f3 simple y llanamente no quedarse calladita ante la violencia que sufri\u00f3 como esta sociedad patriarcal exige.<\/p>\n\n\n\n<p class=\"wp-block-paragraph\">\u00a1Bravo Flor, ojal\u00e1 muchas mujeres sigan tu ejemplo!<\/p>\n\n\n\n<p class=\"wp-block-paragraph\">botellalmar2017@gmail.com<\/p>\n","protected":false},"excerpt":{"rendered":"<p>Ya lo he mencionado en esta columna y lo reitero, ante la violencia de g\u00e9nero, esa que es contra mujeres y ni\u00f1as por el mero hecho de serlo, lo que exige esta sociedad patriarcal mexicana es que nos quedemos calladitas.<\/p>\n","protected":false},"author":3,"featured_media":9095,"comment_status":"open","ping_status":"open","sticky":false,"template":"","format":"standard","meta":{"_monsterinsights_skip_tracking":false,"footnotes":""},"categories":[693,98,84,35],"tags":[459],"class_list":["post-44273","post","type-post","status-publish","format-standard","has-post-thumbnail","category-693","category-botella-al-mar","category-martha-canseco","category-opinion","tag-opinion"],"_links":{"self":[{"href":"https:\/\/redsemlac.com\/semmexico\/wp-json\/wp\/v2\/posts\/44273","targetHints":{"allow":["GET"]}}],"collection":[{"href":"https:\/\/redsemlac.com\/semmexico\/wp-json\/wp\/v2\/posts"}],"about":[{"href":"https:\/\/redsemlac.com\/semmexico\/wp-json\/wp\/v2\/types\/post"}],"author":[{"embeddable":true,"href":"https:\/\/redsemlac.com\/semmexico\/wp-json\/wp\/v2\/users\/3"}],"replies":[{"embeddable":true,"href":"https:\/\/redsemlac.com\/semmexico\/wp-json\/wp\/v2\/comments?post=44273"}],"version-history":[{"count":0,"href":"https:\/\/redsemlac.com\/semmexico\/wp-json\/wp\/v2\/posts\/44273\/revisions"}],"wp:featuredmedia":[{"embeddable":true,"href":"https:\/\/redsemlac.com\/semmexico\/wp-json\/wp\/v2\/media\/9095"}],"wp:attachment":[{"href":"https:\/\/redsemlac.com\/semmexico\/wp-json\/wp\/v2\/media?parent=44273"}],"wp:term":[{"taxonomy":"category","embeddable":true,"href":"https:\/\/redsemlac.com\/semmexico\/wp-json\/wp\/v2\/categories?post=44273"},{"taxonomy":"post_tag","embeddable":true,"href":"https:\/\/redsemlac.com\/semmexico\/wp-json\/wp\/v2\/tags?post=44273"}],"curies":[{"name":"wp","href":"https:\/\/api.w.org\/{rel}","templated":true}]}}