{"id":44237,"date":"2022-01-16T13:21:36","date_gmt":"2022-01-16T19:21:36","guid":{"rendered":"https:\/\/redsemlac.com\/semmexico\/?p=44237"},"modified":"2023-07-21T18:56:53","modified_gmt":"2023-07-21T23:56:53","slug":"crecen-400-las-denuncias-por-violacion-de-derechos-humanos-contra-mexico-ante-la-cidh","status":"publish","type":"post","link":"https:\/\/redsemlac.com\/semmexico\/crecen-400-las-denuncias-por-violacion-de-derechos-humanos-contra-mexico-ante-la-cidh\/","title":{"rendered":"Crecen 400% las denuncias por violaci\u00f3n de derechos humanos contra M\u00e9xico ante la CIDH"},"content":{"rendered":"\n<p class=\"has-text-align-center has-black-color has-text-color has-small-font-size wp-block-paragraph\">La Comisi\u00f3n urge un plan para el retiro gradual del Ej\u00e9rcito de tareas de seguridad p\u00fablica\u00a0\/\u00a0Ernesto Mu\u00f1oz | El Sol de M\u00e9xico<\/p>\n\n\n\n<p class=\"wp-block-paragraph\">S\u00f3lo entre\u00a02019 y 2021,\u00a0mil 661 denuncias\u00a0tres veces m\u00e1s que en los primeros tres a\u00f1os del gobierno de Pe\u00f1a Nieto.<\/p>\n\n\n\n<p class=\"wp-block-paragraph\">La mayor\u00eda son porque el Estado incurri\u00f3 en omisi\u00f3n, las consinti\u00f3 o actu\u00f3 en la violaci\u00f3n a las garant\u00edas<\/p>\n\n\n\n<p class=\"wp-block-paragraph\">Roxana Gonz\u00e1lez<\/p>\n\n\n\n<p class=\"wp-block-paragraph\">SemM\u00e9xico\/ El Sol de M\u00e9xico, 16 de enero, 2022.- Las denuncias ante la\u00a0Comisi\u00f3n Interamericana de Derechos Humanos (CIDH)\u00a0contra el Estado mexicano por violaciones a derechos humanos aumentaron m\u00e1s de\u00a0400 por ciento\u00a0durante el gobierno del presidente Andr\u00e9s Manuel L\u00f3pez Obrador, en comparaci\u00f3n con las presentadas en los primeros tres a\u00f1os de su antecesor, el priista Enrique Pe\u00f1a Nieto.<\/p>\n\n\n\n<p class=\"wp-block-paragraph\">De acuerdo con las estad\u00edsticas de la<strong>&nbsp;CIDH<\/strong>, \u00f3rgano aut\u00f3nomo de la&nbsp;<strong>OEA<\/strong>&nbsp;encargado de la promoci\u00f3n y protecci\u00f3n de las garant\u00edas fundamentales en el continente americano, entre&nbsp;<strong>2019 y 2021,<\/strong>&nbsp;un total de&nbsp;<strong>mil 661 denuncias<\/strong>&nbsp;fueron presentadas por mexicanos, frente a las<strong>&nbsp;364&nbsp;<\/strong>que se registraron en los primeros tres a\u00f1os del gobierno de Pe\u00f1a Nieto.<\/p>\n\n\n\n<p class=\"wp-block-paragraph\"><a href=\"https:\/\/www.elsoldecuernavaca.com.mx\/policiaca\/cidh-clama-justicia-por-activista-desaparecido-7621013.html\"><strong>CIDH clama justicia por activista desaparecido<\/strong><\/a><\/p>\n\n\n\n<p class=\"wp-block-paragraph\">La mayor\u00eda de las&nbsp;<strong>denuncias<\/strong>&nbsp;corresponden a la presunta responsabilidad del Estado en casos de&nbsp;<strong>violaci\u00f3n a derechos humanos&nbsp;<\/strong>por omisi\u00f3n, es decir, que se cometieron como resultado a la inacci\u00f3n del Estado o sus agentes, seguido por las que acusan al&nbsp;<strong>Estado mexicano<\/strong>&nbsp;de haber consentido la violaci\u00f3n de garant\u00edas individuales y por \u00faltimo en las que presuntamente el&nbsp;<strong>Estado&nbsp;<\/strong>actu\u00f3 directamente.<\/p>\n\n\n\n<p class=\"wp-block-paragraph\">S\u00f3lo en el a\u00f1o 2019, un total de&nbsp;<strong>932 denuncias&nbsp;<\/strong>fueron presentadas, apenas 156 menos a las que se registraron durante todo el sexenio de Pe\u00f1a Nieto, cuando se presentaron&nbsp;<strong>mil 88 en total.<\/strong><\/p>\n\n\n\n<p class=\"wp-block-paragraph\">El a<strong>celerado incremento de solicitudes&nbsp;<\/strong>de intervenci\u00f3n de la CIDH por parte de nacionales de M\u00e9xico &nbsp;coloca a M\u00e9xico entre las naciones que integran la&nbsp;<strong>OEA<\/strong>&nbsp;con m\u00e1s&nbsp;<strong>demandas<\/strong>&nbsp;y con mayores medidas cautelares en los \u00faltimos tres a\u00f1os.<\/p>\n\n\n\n<p class=\"wp-block-paragraph\">Incluso naciones se\u00f1aladas por la comunidad internacional po<strong>r violaciones sistem\u00e1ticas<\/strong>&nbsp;a los&nbsp;<strong>derechos humanos<\/strong>, como Nicaragua, Venezuela y El Salvador, registraron durante 2020 menos demandas ante la&nbsp;<strong>CIDH<\/strong>&nbsp;que M\u00e9xico, de acuerdo con las cifras del organismo regional. Las tres naciones registraron un total de&nbsp;<strong>93 denuncias<\/strong>&nbsp;en 2020, frente a las&nbsp;<strong>540<\/strong>&nbsp;presentadas por ciudadanos mexicanos.<\/p>\n\n\n\n<figure class=\"wp-block-image size-full\"><a href=\"https:\/\/redsemlac.com\/semmexico\/wp-content\/uploads\/2022\/01\/16-01-22-denuncias-02.jpg\"><img loading=\"lazy\" decoding=\"async\" width=\"720\" height=\"449\" src=\"https:\/\/redsemlac.com\/semmexico\/wp-content\/uploads\/2022\/01\/16-01-22-denuncias-02.jpg\" alt=\"\" class=\"wp-image-44238\"\/><\/a><figcaption>Foto: Alejandro Aguilar | El Sol de M\u00e9xico<\/figcaption><\/figure>\n\n\n\n<p class=\"wp-block-paragraph\">Adriana Muro, directora general de la organizaci\u00f3n ELEMENTA DDHH, considera que cada vez mexicanos recurren a organismos internacionales como la<strong>&nbsp;CIDH&nbsp;<\/strong>es porque los&nbsp;<strong>recursos judiciales<\/strong>&nbsp;en nuestro pa\u00eds no est\u00e1n siendo efectivos.<\/p>\n\n\n\n<p class=\"wp-block-paragraph\">\u201cLos mexicanos est\u00e1n viendo ahora en el&nbsp;<strong>Sistema Interamericano<\/strong>&nbsp;una opci\u00f3n de justicia y reparaci\u00f3n integral del da\u00f1o, que no encuentran en el pa\u00eds y de ah\u00ed que las&nbsp;<strong>solicitudes&nbsp;<\/strong>de intervenci\u00f3n vayan en aumento\u201d, dijo a El Sol de M\u00e9xico.<\/p>\n\n\n\n<p class=\"wp-block-paragraph\">Destac\u00f3 que algunas decisiones del&nbsp;<strong>gobierno mexicano<\/strong>, como el nombramiento de Rosario Ibarra al frente de la&nbsp;<strong>Comisi\u00f3n Nacional de Derechos Humanos (CNDH)<\/strong>&nbsp;ha \u201cabonado\u201d a la desconfianza de los mexicanos en el sistema de justicia por lo que prefieren recurrir a&nbsp;<strong>organismos internacionales<\/strong>&nbsp;como la CIDH.<\/p>\n\n\n\n<p class=\"wp-block-paragraph\">\u201cLas personas est\u00e1n buscando justicia y la reparaci\u00f3n del da\u00f1o y en M\u00e9xico tenemos un sistema de atenci\u00f3n a v\u00edctimas bastante deficiente y complejo que genera desconfianza y obliga a las personas a recurrir a instancias internacionales\u201d, dijo.<\/p>\n\n\n\n<p class=\"wp-block-paragraph\">Adem\u00e1s de destacar un contexto marcado por altos&nbsp;<strong>niveles de violencia<\/strong>&nbsp;y de&nbsp;<strong>pol\u00edticas de seguridad&nbsp;<\/strong>que, a lo largo de los a\u00f1os, resultaron ineficaces, la&nbsp;<strong>CIDH<\/strong>&nbsp;manifest\u00f3 en su \u00faltimo Informe sobre M\u00e9xico (2020) particular preocupaci\u00f3n sobre el incremento de las denuncias por desapariciones, ejecuciones extrajudiciales y tortura, as\u00ed como por la situaci\u00f3n de inseguridad de<strong>&nbsp;las mujeres, la ni\u00f1ez, personas migrantes, defensoras de derechos humanos y periodistas.<\/strong><\/p>\n\n\n\n<p class=\"wp-block-paragraph\">Tambi\u00e9n solicit\u00f3 desarrollar un plan concreto para el retiro gradual de las Fuerzas Armadas de tareas de seguridad p\u00fablica y para la recuperaci\u00f3n de \u00e9stas por parte de las polic\u00edas civiles. As\u00ed como reorientar el abordaje del tema de drogas de un enfoque de militarizaci\u00f3n y \u201ccombate frontal\u201d usando la fuerza p\u00fablica, a uno con perspectiva integral, de derechos humanos y salud p\u00fablica.<\/p>\n","protected":false},"excerpt":{"rendered":"<p>Las denuncias ante la\u00a0CIDH\u00a0contra el Estado mexicano por violaciones a derechos humanos aumentaron m\u00e1s de\u00a0400%\u00a0durante el gobierno del presidente Andr\u00e9s Manuel L\u00f3pez Obrador.<\/p>\n","protected":false},"author":3,"featured_media":44243,"comment_status":"open","ping_status":"open","sticky":false,"template":"","format":"standard","meta":{"_monsterinsights_skip_tracking":false,"footnotes":""},"categories":[693,51],"tags":[],"class_list":["post-44237","post","type-post","status-publish","format-standard","has-post-thumbnail","category-693","category-ejecutivo"],"_links":{"self":[{"href":"https:\/\/redsemlac.com\/semmexico\/wp-json\/wp\/v2\/posts\/44237","targetHints":{"allow":["GET"]}}],"collection":[{"href":"https:\/\/redsemlac.com\/semmexico\/wp-json\/wp\/v2\/posts"}],"about":[{"href":"https:\/\/redsemlac.com\/semmexico\/wp-json\/wp\/v2\/types\/post"}],"author":[{"embeddable":true,"href":"https:\/\/redsemlac.com\/semmexico\/wp-json\/wp\/v2\/users\/3"}],"replies":[{"embeddable":true,"href":"https:\/\/redsemlac.com\/semmexico\/wp-json\/wp\/v2\/comments?post=44237"}],"version-history":[{"count":0,"href":"https:\/\/redsemlac.com\/semmexico\/wp-json\/wp\/v2\/posts\/44237\/revisions"}],"wp:featuredmedia":[{"embeddable":true,"href":"https:\/\/redsemlac.com\/semmexico\/wp-json\/wp\/v2\/media\/44243"}],"wp:attachment":[{"href":"https:\/\/redsemlac.com\/semmexico\/wp-json\/wp\/v2\/media?parent=44237"}],"wp:term":[{"taxonomy":"category","embeddable":true,"href":"https:\/\/redsemlac.com\/semmexico\/wp-json\/wp\/v2\/categories?post=44237"},{"taxonomy":"post_tag","embeddable":true,"href":"https:\/\/redsemlac.com\/semmexico\/wp-json\/wp\/v2\/tags?post=44237"}],"curies":[{"name":"wp","href":"https:\/\/api.w.org\/{rel}","templated":true}]}}