{"id":4418,"date":"2018-08-21T00:58:05","date_gmt":"2018-08-21T00:58:05","guid":{"rendered":"https:\/\/redsemlac.com\/semmexico\/?p=4418"},"modified":"2023-07-21T14:32:44","modified_gmt":"2023-07-21T19:32:44","slug":"agresion-sexual-a-evo-morales","status":"publish","type":"post","link":"https:\/\/redsemlac.com\/semmexico\/agresion-sexual-a-evo-morales\/","title":{"rendered":"Agresi\u00f3n sexual a Evo Morales"},"content":{"rendered":"\n<p class=\"wp-block-paragraph\">Cualquier acto as\u00ed debe ser rotundamente rechazado y sancionado.<\/p>\n\n\n\n<h5 class=\"wp-block-heading\"> El machismo ataca cuando puede, aprovecha las ocasiones, como si se les saliera de las tripas.<\/h5>\n\n\n\n<p class=\"wp-block-paragraph\"><a href=\"https:\/\/semmexico.com\/gallery-post.php?id=5626#\">Drina Ergueta<\/a><\/p>\n\n\n\n<p class=\"wp-block-paragraph\">SemM\u00e9xico. Bolivia. 21 de agosto de 2018.- Durante la multitudinaria celebraci\u00f3n del r\u00e9cord presidencial de Evo Morales, realizada en el Chapare, en un momento de descuido, cuando \u00e9l se apart\u00f3 de su guardia personal y confiado en la seguridad de ese entorno que lo encumbr\u00f3, Morales fue sorprendido por un grupo de gays que le rodearon y manosearon en sus partes \u00edntimas, en un franco atentado a la hombr\u00eda y a la bragueta presidencial.<\/p>\n\n\n\n<p class=\"wp-block-paragraph\">Es mentira, por supuesto (hasta cierto punto).&nbsp; Es un p\u00e1rrafo dirigido a aquellos a quienes una agresi\u00f3n sexual a mujeres les causa risa y les divierte, o les es indiferente, para que se imaginen estar en esa situaci\u00f3n ante un grupo que les intimida y que encima se mofa ante la impotencia, rabia y verg\u00fcenza de la v\u00edctima. Aclaro que el colectivo gay no suele atacar a hombres (como muchos se imaginan), al contrario, al igual que las mujeres son objeto de ataques constantes.<\/p>\n\n\n\n<p class=\"wp-block-paragraph\">Pero volvamos al Presidente y a esa escena\u2026&nbsp; por ella hay, seguramente, gente que sonr\u00ede, que se r\u00ede, que dice ojal\u00e1 le ocurriera. Ante eso pensemos en que le pasa a Carlos Mesa, a Samuel Doria Medina, a nuestro hijo, a uno mismo. Ya no es gracioso.<\/p>\n\n\n\n<p class=\"wp-block-paragraph\">Es algo indignante, muy feo, terrible, para quien lo pasa y tambi\u00e9n deber\u00eda serlo para la sociedad. Cualquier acto as\u00ed debe ser rotundamente rechazado y sancionado. Con decir \u201cse investigar\u00e1\u201d para salir del paso luego de reclamos, y olvidar el tema, no es suficiente.<\/p>\n\n\n\n<p class=\"wp-block-paragraph\">Estoy hablando de lo ocurrido en la inauguraci\u00f3n de \u201cLa casa del Pueblo\u201d, el nuevo palacio presidencial boliviano el pasado 9 de agosto, durante la cual varias mujeres periodistas sufrieron agresiones f\u00edsicas y una de \u00edndole sexual cuando realizaban la cobertura en medio de una masiva y descontrolada concurrencia.<\/p>\n\n\n\n<p class=\"wp-block-paragraph\">Las periodistas Nancy Vacaflor de la Agencia de Noticias Fides y Mar\u00eda Carballo de P\u00e1gina Siete fueron agredidas f\u00edsica y verbalmente; mientras que la periodista Yolanda Salazar, de la agencia de noticias EFE de Espa\u00f1a, sufri\u00f3 una agresi\u00f3n de tipo sexual de parte de hombres con poncho que se re\u00edan del hecho.<\/p>\n\n\n\n<p class=\"wp-block-paragraph\">Adem\u00e1s fue agredida verbal y f\u00edsicamente la activista feminista Mar\u00eda Galindo, a la que el gremio de periodistas no la considera periodista aunque tiene programas radiales de alta audiencia, donde hace entrevistas, y siendo que estaba en el lugar haciendo cobertura. Este punto seguramente a ella no le importa, pero llama la atenci\u00f3n que haya periodistas que consideren del gremio a otras personas que no lo son, pero que est\u00e1n en los medios, como a Carlos Valverde, y no a Galindo.<\/p>\n\n\n\n<p class=\"wp-block-paragraph\">En todo caso, Galindo se suma a las mujeres agredidas durante la inauguraci\u00f3n de la llamada \u201cCasa del Pueblo\u201d. Fueron representantes del pueblo a trav\u00e9s de organizaciones quienes asistieron a la inauguraci\u00f3n, tantos que se les sali\u00f3 de las manos a responsables de la organizaci\u00f3n, ocuparon todos los espacios posibles, impidiendo y agrediendo a periodistas nacionales y extranjeros que consideraban sospechosos de ser de la oposici\u00f3n.<\/p>\n\n\n\n<p class=\"wp-block-paragraph\">La respuesta inicial de las agresiones fue de incredulidad o, m\u00e1s bien, de puesta en duda, inclusive de mofa sobre el hecho. Las organizaciones de periodistas emitieron pronunciamientos de rechazo y dado que la agredida con car\u00e1cter sexual es una periodista internacional&nbsp; y eso tiene mayor peso, la respuesta, al parecer forzada ya que tard\u00f3 cuatro d\u00edas en salir de la boca de la ministra de Comunicaci\u00f3n, G\u00edsela L\u00f3pez, fue se\u00f1alar que se investigar\u00e1 el hecho.<\/p>\n\n\n\n<p class=\"wp-block-paragraph\">El machismo ataca cuando puede, aprovecha las ocasiones, como si se les saliera de las tripas y si hay posibilidad de impunidad no desperdicia la oportunidad. No importa si lleva ponchos o traje.<\/p>\n\n\n\n<p class=\"wp-block-paragraph\">Evo Morales debiera tomar ese ataque a las periodistas como un ataque a s\u00ed mismo. Esos empujones, insultos, apretones, metidas de mano son ataques tambi\u00e9n a su persona, a su instituci\u00f3n, al lugar donde ocurri\u00f3. Se trata de la inauguraci\u00f3n de \u201csu\u201d obra, de un edificio que pretende ser emblem\u00e1tico y un acto as\u00ed, asqueroso, lo ensucia, lo denigra, lo viola.<\/p>\n\n\n\n<p class=\"wp-block-paragraph\">Lo grave es que representantes de organizaciones sociales lo hicieron. Esa representaci\u00f3n no puede ser del pueblo. Las reacciones debieron ser inmediatas y correctas, haber sanciones ejemplares. \u00bfD\u00f3nde est\u00e1n? \u00bfPara cu\u00e1ndo?<\/p>\n","protected":false},"excerpt":{"rendered":"<p>Cualquier acto as\u00ed debe ser rotundamente rechazado y sancionado. El machismo ataca cuando puede, aprovecha las ocasiones, como si se les saliera de las tripas. Drina Ergueta SemM\u00e9xico. Bolivia. 21 de agosto de 2018.- Durante la multitudinaria celebraci\u00f3n del r\u00e9cord presidencial de Evo Morales, realizada en el Chapare, en un momento de descuido, cuando \u00e9l [&hellip;]<\/p>\n","protected":false},"author":3,"featured_media":4382,"comment_status":"open","ping_status":"open","sticky":false,"template":"","format":"standard","meta":{"_monsterinsights_skip_tracking":false,"footnotes":""},"categories":[689,77,1],"tags":[],"class_list":["post-4418","post","type-post","status-publish","format-standard","has-post-thumbnail","category-689","category-drina-ergueta","category-uncategorized"],"_links":{"self":[{"href":"https:\/\/redsemlac.com\/semmexico\/wp-json\/wp\/v2\/posts\/4418","targetHints":{"allow":["GET"]}}],"collection":[{"href":"https:\/\/redsemlac.com\/semmexico\/wp-json\/wp\/v2\/posts"}],"about":[{"href":"https:\/\/redsemlac.com\/semmexico\/wp-json\/wp\/v2\/types\/post"}],"author":[{"embeddable":true,"href":"https:\/\/redsemlac.com\/semmexico\/wp-json\/wp\/v2\/users\/3"}],"replies":[{"embeddable":true,"href":"https:\/\/redsemlac.com\/semmexico\/wp-json\/wp\/v2\/comments?post=4418"}],"version-history":[{"count":0,"href":"https:\/\/redsemlac.com\/semmexico\/wp-json\/wp\/v2\/posts\/4418\/revisions"}],"wp:featuredmedia":[{"embeddable":true,"href":"https:\/\/redsemlac.com\/semmexico\/wp-json\/wp\/v2\/media\/4382"}],"wp:attachment":[{"href":"https:\/\/redsemlac.com\/semmexico\/wp-json\/wp\/v2\/media?parent=4418"}],"wp:term":[{"taxonomy":"category","embeddable":true,"href":"https:\/\/redsemlac.com\/semmexico\/wp-json\/wp\/v2\/categories?post=4418"},{"taxonomy":"post_tag","embeddable":true,"href":"https:\/\/redsemlac.com\/semmexico\/wp-json\/wp\/v2\/tags?post=4418"}],"curies":[{"name":"wp","href":"https:\/\/api.w.org\/{rel}","templated":true}]}}