{"id":44099,"date":"2022-01-11T17:28:01","date_gmt":"2022-01-11T23:28:01","guid":{"rendered":"https:\/\/redsemlac.com\/semmexico\/?p=44099"},"modified":"2023-07-21T18:56:20","modified_gmt":"2023-07-21T23:56:20","slug":"macromachismos-como-ibas-vestida","status":"publish","type":"post","link":"https:\/\/redsemlac.com\/semmexico\/macromachismos-como-ibas-vestida\/","title":{"rendered":"Macromachismos| \u00bfC\u00f3mo ibas vestida?"},"content":{"rendered":"\n<p class=\"wp-block-paragraph\"><strong>Lorena Piedad<\/strong><\/p>\n\n\n\n<p class=\"wp-block-paragraph\">SemM\u00e9xico, Pachuca, Hgo., 11 de enero, 2022.- En este escenario en el que despertamos cada d\u00eda existe un problema que por a\u00f1os ha sido minimizado y del que no me voy a cansar de denunciar llamado acoso sexual callejero porque he tenido experiencias terribles y no hice nada por miedo, pero m\u00e1s importante porque a lo mejor \u201cestaba exagerando\u201d. \u00bfCu\u00e1ntas veces les han dicho eso cuando han intentado hablar de ello?<\/p>\n\n\n\n<p class=\"wp-block-paragraph\">\u201cNo es para tanto\u201d, \u201clo bueno que no te violaron\u201d, \u201ces que igual c\u00f3mo ibas vestida\u201d y aqu\u00ed recuerdo cuando en una charla, alguien me cont\u00f3 sobre una mujer en los juzgados que iba con \u201cun escote que a simple vista se notaba que buscaba sexo\u201d. \u00bfQu\u00e9? S\u00ed, as\u00ed lo dijo sin considerar la gravedad de su comentario porque ese pensamiento contin\u00faa vigente en muchas mentes machistas, que usamos vestidos cortos porque sexo, que usamos tacones porque sexo, que nos maquillamos porque sexo. Ah, pero si no nos arreglamos entonces somos machorras, fondongas y as\u00ed \u201cnunca vamos a encontrar a alguien\u201d. Otra vez. \u00bfQu\u00e9?<\/p>\n\n\n\n<p class=\"wp-block-paragraph\">Aqu\u00ed va el ejemplo uno de \u201cnuestras exageraciones\u201d. Lean con atenci\u00f3n:<\/p>\n\n\n\n<p class=\"wp-block-paragraph\">\u00abPor favor, tengan mucho cuidado. Este tipo (foto de un hombre manejando un taxi) acaba de molestar a mi hija con palabras obscenas y, adem\u00e1s, de seguirla unas calles hasta la lavander\u00eda donde ella sac\u00f3 su tel\u00e9fono para tomarle foto y \u00a1obviamente \u00e9l subi\u00f3 la ventanilla! Mucho cuidado chicas, al abordar cualquier taxi. No generalizo, pero si tengan cuidado&#8230; Esto fue en el fraccionamiento Saucillo el s\u00e1bado 8 de enero, como a las 8 am\u00bb. (sic)<\/p>\n\n\n\n<p class=\"wp-block-paragraph\">\u00bfLeyeron bien? A las 8 de la ma\u00f1ana. Es una denuncia ciudadana que encontr\u00e9 en redes sociales y que sucedi\u00f3 en esta ciudad de fuertes vientos. \u00bfSabes lo que se siente que a las 8 de la ma\u00f1ana cuando vas rumbo a tu trabajo te suceda esto? Yo s\u00ed lo supe el d\u00eda que un tipo me lastim\u00f3 por lo fuerte que me toc\u00f3 y no imaginan cuanta impotencia, cuanto asco.<\/p>\n\n\n\n<p class=\"wp-block-paragraph\">Ahora, para quienes piensan que la angustia del acoso en las calles es solo para mujeres j\u00f3venes, aqu\u00ed otro ejemplo:<\/p>\n\n\n\n<p class=\"wp-block-paragraph\">\u201cCerca de las 6:30 de la tarde del 4 de enero, Julieta&nbsp;<strong>caminaba<\/strong>&nbsp;por la&nbsp;<strong>avenida<\/strong><strong> <\/strong><strong>Francisco I. Madero<\/strong>&nbsp;de&nbsp;<strong>Pachuca<\/strong>&nbsp;cuando un&nbsp;<strong>desconocido<\/strong>&nbsp;la agarr\u00f3 de la mu\u00f1eca, la apret\u00f3 y le indic\u00f3 que siguiera caminando, despu\u00e9s de unos metros ella logr\u00f3 soltarse y escapar. Pidi\u00f3&nbsp;<strong>alertar<\/strong>&nbsp;a otras&nbsp;<strong>mujeres<\/strong>&nbsp;que caminan en los alrededores del centro de la ciudad. Esta no es la primera denuncia de ataques perpetrados por hombres en los alrededores del centro de&nbsp;<strong>Pachuca<\/strong>. Dijo que en ning\u00fan momento le intent\u00f3&nbsp;<strong>quitar<\/strong><strong> <\/strong><strong>su<\/strong><strong> <\/strong><strong>dinero<\/strong>,&nbsp;<strong>celular<\/strong>&nbsp;u otra pertenencia, aun cuando llevaba su bolsa cruzada en el pecho.&nbsp;Tras el suceso, Julieta no inici\u00f3 una&nbsp;<strong>denuncia<\/strong><strong> <\/strong><strong>judicial<\/strong>&nbsp;debido a que no conf\u00eda en las autoridades, detall\u00f3 que hace algunos a\u00f1os fue v\u00edctima de un asalto, en el que incluso la hirieron con una navaja, la polic\u00eda levant\u00f3 el reporte del caso, pero no hubo detenidos\u201d. (sic)<\/p>\n\n\n\n<p class=\"wp-block-paragraph\"><a href=\"https:\/\/hidalgo.lasillarota.com\/estados\/callese-y-camine-se-registra-otra-agresion-a-una-mujer-ahora-en-madero\/600176\">https:\/\/hidalgo.lasillarota.com\/estados\/callese-y-camine-se-registra-otra-agresion-a-una-mujer-ahora-en-madero\/600176<\/a><\/p>\n\n\n\n<div class=\"wp-block-image\"><figure class=\"alignleft size-full is-resized\"><a href=\"https:\/\/redsemlac.com\/semmexico\/wp-content\/uploads\/2022\/01\/micromachismos.jpg\"><img loading=\"lazy\" decoding=\"async\" src=\"https:\/\/redsemlac.com\/semmexico\/wp-content\/uploads\/2022\/01\/micromachismos.jpg\" alt=\"\" class=\"wp-image-44100\" width=\"314\" height=\"236\"\/><\/a><\/figure><\/div>\n\n\n\n<p class=\"wp-block-paragraph\">Desde 2020, de acuerdo con informaci\u00f3n publicada en El Pa\u00eds (<a href=\"https:\/\/elpais.com\/sociedad\/2020\/01\/17\/actualidad\/1579286902_550015.html\">https:\/\/elpais.com\/sociedad\/2020\/01\/17\/actualidad\/1579286902_550015.html<\/a>) M\u00e9xico incluy\u00f3 el acoso callejero en su encuesta sobre inseguridad. Y en la misma nota detalla que \u201cseg\u00fan un&nbsp;<a href=\"https:\/\/www.unwomen.org\/-\/media\/headquarters\/attachments\/sections\/library\/publications\/2017\/safe-cities-and-safe-public-spaces-global-results-report-es.pdf?la=es&amp;vs=47\" target=\"_blank\" rel=\"noreferrer noopener\">informe de&nbsp;ONU<\/a><a href=\"https:\/\/www.unwomen.org\/-\/media\/headquarters\/attachments\/sections\/library\/publications\/2017\/safe-cities-and-safe-public-spaces-global-results-report-es.pdf?la=es&amp;vs=47\" target=\"_blank\" rel=\"noreferrer noopener\">&nbsp;Mujeres<\/a>&nbsp;el acoso sexual y otras formas de violencia contra las mujeres y las ni\u00f1as en los espacios p\u00fablicos existen en todos los pa\u00edses, tanto en las zonas rurales como en las ciudades, e incluso en los espacios virtuales, afectando a su desarrollo social y econ\u00f3mico.<\/p>\n\n\n\n<p class=\"wp-block-paragraph\">Tan solo en menos de una semana le\u00ed esas denuncias sobre lo acontecido en Pachuca, capital del estado, famosa ya no por Bella Airosa sino por sus monumentales puentes y sus innegables baches, dos acosos a las 8 de la ma\u00f1ana y a las 6:30 de la tarde. \u00bfEllas se lo buscaron por su forma de vestir? \u00bfExageran? No, es real e invisible al mismo tiempo.&nbsp;<\/p>\n\n\n\n<p class=\"wp-block-paragraph\">El acoso sexual callejero es el pan nuestro de cada d\u00eda en cualquier calle de este pa\u00eds, es salir con miedo, es no vestir a nuestro gusto por temor a lo que nos dir\u00e1n o har\u00e1n mientras vamos camino a nuestras casas, a la escuela, a un empleo.<\/p>\n\n\n\n<p class=\"wp-block-paragraph\">El Observatorio contra el Acoso menciona algunas pr\u00e1cticas que es urgente dejar de normalizar en las calles:<\/p>\n\n\n\n<ul class=\"wp-block-list\"><li>Miradas lascivas<\/li><li>\u201cPiropos\u201d<\/li><li>Silbidos, besos, bocinazos, jadeos y otros ruidos<\/li><li>Gestos obscenos<\/li><li>Comentarios sexuales, directos o indirectos al cuerpo<\/li><li>Fotograf\u00edas y grabaciones del cuerpo, no consentidas y con connotaci\u00f3n sexual<\/li><li>Tocamientos<\/li><li>Persecuci\u00f3n y arrinconamiento<\/li><li>Masturbaci\u00f3n y exhibicionismo<\/li><\/ul>\n\n\n\n<p class=\"wp-block-paragraph\">Deseo que ninguna mujer tuviera que sentir la impotencia, la rabia, la verg\u00fcenza ni la culpa que sent\u00ed cada una de las veces que lo he vivido. No exager\u00e9, ni pretend\u00eda provocar a nadie con mi forma de vestir. Lo que me sucedi\u00f3, lo que leyeron en las denuncias de este texto y lo que viven 97 por ciento de las mujeres en M\u00e9xico tiene un nombre: acoso sexual callejero.<\/p>\n\n\n\n<p class=\"wp-block-paragraph\">Basta de normalizarlo.<\/p>\n","protected":false},"excerpt":{"rendered":"<p>En este escenario en el que despertamos cada d\u00eda existe un problema que por a\u00f1os ha sido minimizado y del que no me voy a cansar de denunciar llamado acoso sexual callejero<\/p>\n","protected":false},"author":3,"featured_media":41373,"comment_status":"open","ping_status":"open","sticky":false,"template":"","format":"standard","meta":{"_monsterinsights_skip_tracking":false,"footnotes":""},"categories":[693,625,624,35],"tags":[459],"class_list":["post-44099","post","type-post","status-publish","format-standard","has-post-thumbnail","category-693","category-lorena-piedad","category-macromachismos","category-opinion","tag-opinion"],"_links":{"self":[{"href":"https:\/\/redsemlac.com\/semmexico\/wp-json\/wp\/v2\/posts\/44099","targetHints":{"allow":["GET"]}}],"collection":[{"href":"https:\/\/redsemlac.com\/semmexico\/wp-json\/wp\/v2\/posts"}],"about":[{"href":"https:\/\/redsemlac.com\/semmexico\/wp-json\/wp\/v2\/types\/post"}],"author":[{"embeddable":true,"href":"https:\/\/redsemlac.com\/semmexico\/wp-json\/wp\/v2\/users\/3"}],"replies":[{"embeddable":true,"href":"https:\/\/redsemlac.com\/semmexico\/wp-json\/wp\/v2\/comments?post=44099"}],"version-history":[{"count":0,"href":"https:\/\/redsemlac.com\/semmexico\/wp-json\/wp\/v2\/posts\/44099\/revisions"}],"wp:featuredmedia":[{"embeddable":true,"href":"https:\/\/redsemlac.com\/semmexico\/wp-json\/wp\/v2\/media\/41373"}],"wp:attachment":[{"href":"https:\/\/redsemlac.com\/semmexico\/wp-json\/wp\/v2\/media?parent=44099"}],"wp:term":[{"taxonomy":"category","embeddable":true,"href":"https:\/\/redsemlac.com\/semmexico\/wp-json\/wp\/v2\/categories?post=44099"},{"taxonomy":"post_tag","embeddable":true,"href":"https:\/\/redsemlac.com\/semmexico\/wp-json\/wp\/v2\/tags?post=44099"}],"curies":[{"name":"wp","href":"https:\/\/api.w.org\/{rel}","templated":true}]}}