{"id":44020,"date":"2022-01-10T10:30:09","date_gmt":"2022-01-10T16:30:09","guid":{"rendered":"https:\/\/redsemlac.com\/semmexico\/?p=44020"},"modified":"2023-07-21T18:56:23","modified_gmt":"2023-07-21T23:56:23","slug":"tras-la-puerta-del-poder-monreal-amlo-el-unico-debate-publico-real-abierto-en-mexico","status":"publish","type":"post","link":"https:\/\/redsemlac.com\/semmexico\/tras-la-puerta-del-poder-monreal-amlo-el-unico-debate-publico-real-abierto-en-mexico\/","title":{"rendered":"Tras la puerta del poder| Monreal-AMLO: el \u00fanico debate p\u00fablico real abierto en M\u00e9xico"},"content":{"rendered":"\n<p class=\"wp-block-paragraph\"><strong>Roberto Vizca\u00edno Aguilar<\/strong><\/p>\n\n\n\n<p class=\"wp-block-paragraph\">SemM\u00e9xico, Cd. de M\u00e9xico, 10 de enero de 2022.- La sumisi\u00f3n, inacci\u00f3n y silencio de los aspirantes presidenciales dentro del Gabinete (Claudia Sheinbaum,&nbsp;Marcelo Ebrard&nbsp;y&nbsp;Ad\u00e1n Augusto L\u00f3pez), sumados a la casi inexistente oposici\u00f3n en M\u00e9xico, han colocado a&nbsp;Ricardo Monreal&nbsp;como el \u00fanico contendiente articulado intelectual y pol\u00edticamente viable para disputarle el Poder al presidente&nbsp;Andr\u00e9s Manuel L\u00f3pez Obrador&nbsp;en 2024.<\/p>\n\n\n\n<p class=\"wp-block-paragraph\">Conforme transcurren las semanas y meses de la sucesi\u00f3n abierta por el propio mandatario en su ma\u00f1anera del lunes 5 de julio pasado -apenas un mes despu\u00e9s de las elecciones intermedias de renovaci\u00f3n de la C\u00e1mara de Diputados, de cientos de diputaciones locales y miles de alcald\u00edas as\u00ed como de 15 gubernaturas,&nbsp;la ausencia&nbsp;de pronunciamientos cr\u00edticos o de planteamientos y propuestas electorales de los tres colaboradores de&nbsp;AMLO,&nbsp;potencian los constantes contrapuntos y se\u00f1alamientos de Ricardo Monreal respecto de pronunciamientos y acciones de L\u00f3pez Obrador.<\/p>\n\n\n\n<p class=\"wp-block-paragraph\">Frente las afirmaciones de&nbsp;AMLO&nbsp;de que las encuestas son la mejor herramienta de selecci\u00f3n de candidatos de Morena,&nbsp;Monreal&nbsp;advierte de fracturas y fugar de inconformes. Considera que las consecuencias de elegir candidatos v\u00eda encuestas desgatadas, inexistentes, llevar\u00e1 al fracaso del proyecto de&nbsp;AMLO y de la 4T. Por ello&nbsp;exige instaurar m\u00e9todos de selecci\u00f3n democr\u00e1ticos como la consulta ciudadana, para el lanzamiento de candidatos a cargos de elecci\u00f3n, as\u00ed como de dirigentes del propio partido en el poder.<\/p>\n\n\n\n<p class=\"wp-block-paragraph\">El escenario y la cadena de la confrontaci\u00f3n es cada vez m\u00e1s amplio y profundo entre uno y otro.<\/p>\n\n\n\n<p class=\"wp-block-paragraph\">Frente al golpeteo de personajes y sectores durante las ma\u00f1aneras, el zacatecano cobija, defiende, abre las puertas y foros del Senado a esos afectados; ante la promoci\u00f3n de al menos&nbsp;Claudia Sheinbaum&nbsp;durante las giras de AMLO, Monreal reacciona con un abierto y amplio recorrido por los estados con declaraciones y conferencias en cada uno de ellos.<\/p>\n\n\n\n<p class=\"wp-block-paragraph\">Ante la enorme penetraci\u00f3n e influencia que ejerce&nbsp;L\u00f3pez Obrador v\u00edas sus ma\u00f1aneras,&nbsp;Monreal&nbsp;acude un d\u00eda s\u00ed y otro tambi\u00e9n, a la publicaci\u00f3n de art\u00edculos de opini\u00f3n suyos o a entrevistas en pr\u00e1cticamente todos los medios nacionales y no pocos muy influyentes del extranjero.<\/p>\n\n\n\n<p class=\"wp-block-paragraph\"><strong>La contienda es ya abrumadora<\/strong><\/p>\n\n\n\n<p class=\"wp-block-paragraph\">En ella gana ampliamente el zacatecano en temas y posicionamientos. En t\u00e1ctica y estrategia, en profundidad.<\/p>\n\n\n\n<p class=\"wp-block-paragraph\">Quiz\u00e1&nbsp;Monreal&nbsp;todav\u00eda ni logre llegar a sectores amplios, populares, pero su discurso y planteamientos ya penetraron en clases medias y sectores acad\u00e9micos, estudiantiles, de universitarios, de investigadores y cient\u00edficos, del sector financiero, de la IP, empresarios, pol\u00edticos, y muchos otros.<\/p>\n\n\n\n<p class=\"wp-block-paragraph\">Como dir\u00edan en mi barrio;&nbsp;ah\u00ed la lleva. &nbsp;<\/p>\n\n\n\n<p class=\"wp-block-paragraph\">Ayer, en una entrevista con mi tocayo&nbsp;Roberto Zamarripa&nbsp;de&nbsp;Reforma&nbsp;(un medio odiado y constantemente atacado por&nbsp;AMLO),&nbsp;Monreal&nbsp;consider\u00f3 que dentro de la&nbsp;sucesi\u00f3n adelantada existe ya una guerra temprana en la que, lamentablemente, la falta de reglas claras y compromisos pol\u00edticos internos se perfila ya el desastre.<\/p>\n\n\n\n<p class=\"wp-block-paragraph\">\u201c\u2026 no se requiere ser tan sabio para prever que esto puede terminar mal\u201d, agreg\u00f3.<\/p>\n\n\n\n<p class=\"wp-block-paragraph\">Por lo pronto ve que \u201clos\u00a0radicales internos puede acabar con el Pa\u00eds\u201d\u2019<\/p>\n\n\n\n<p class=\"wp-block-paragraph\">En sus ambiciones, afirma\u2026 \u201clos que creen que siendo m\u00e1s radicales pueden obtener el cargo o la posici\u00f3n pol\u00edtica que anhelan, all\u00e1 ellos. Se equivocan, porque no va a quedar pa\u00eds para nadie. El aniquilamiento solo deja destrucci\u00f3n\u201d.<\/p>\n\n\n\n<p class=\"wp-block-paragraph\">Y una vez m\u00e1s descalifica a su ya evidente examigo y exaliado&nbsp;L\u00f3pez Obrador, al indica que&nbsp;fue un error adelantar la sucesi\u00f3n.<\/p>\n\n\n\n<p class=\"wp-block-paragraph\">\u201cPugna y purga, a nadie le conviene\u201d, subraya.<\/p>\n\n\n\n<p class=\"wp-block-paragraph\">Aclara:<\/p>\n\n\n\n<p class=\"wp-block-paragraph\">\u201cNo reclamo patrocinio ni que se incrusten en el gobierno personajes que simpaticen conmigo; lo \u00fanico que quiero es que se democratice la decisi\u00f3n del partido en el momento de tomarla (pero) estas cargadas previas y aceleradas van a generar un problema serio\u201d.<\/p>\n\n\n\n<p class=\"wp-block-paragraph\">Considera que Morena y&nbsp;AMLO&nbsp;podr\u00edan estar hoy frente a un escenario similar al del PRI y del presidente&nbsp;Miguel de la Madrid&nbsp;de 1986 que llev\u00f3 a la ruptura del partido en el poder con el surgimiento de la&nbsp;Corriente Democr\u00e1tica.<\/p>\n\n\n\n<p class=\"wp-block-paragraph\">\u201cEstamos a tiempo de evitar que la caracter\u00edstica principal de la etapa moderna de Morena sea la pugna y la purga y no el di\u00e1logo y la conciliaci\u00f3n\u201d, subray\u00f3.<\/p>\n\n\n\n<p class=\"wp-block-paragraph\">En fin, el an\u00e1lisis de la realidad actual bajo la \u00f3ptica y experiencia del \u00fanico precandidato presidencial actuante y abierto que adem\u00e1s opera desde la c\u00fapula del Senado, un poder \u201caut\u00f3nomo\u201d de&nbsp;AMLO.<\/p>\n\n\n\n<p class=\"wp-block-paragraph\"><a href=\"mailto:rvizcainoa@gmail.com\" target=\"_blank\" rel=\"noreferrer noopener\">rvizcainoa@gmail.com<\/a>&nbsp;\/ Twitter: @_Vizcaino \/ Facebook \/&nbsp;<a href=\"https:\/\/www.facebook.com\/rvizcainoa\" target=\"_blank\" rel=\"noreferrer noopener\">https:\/\/www.facebook.com\/rvizcainoa<\/a>&nbsp;<\/p>\n","protected":false},"excerpt":{"rendered":"<p>La sumisi\u00f3n, inacci\u00f3n y silencio de los aspirantes presidenciales dentro del Gabinete (Claudia Sheinbaum,\u00a0Marcelo Ebrard\u00a0y\u00a0Ad\u00e1n Augusto L\u00f3pez), sumados a la casi inexistente oposici\u00f3n en M\u00e9xico<\/p>\n","protected":false},"author":3,"featured_media":39589,"comment_status":"open","ping_status":"open","sticky":false,"template":"","format":"standard","meta":{"_monsterinsights_skip_tracking":false,"footnotes":""},"categories":[693,35,623,622],"tags":[459],"class_list":["post-44020","post","type-post","status-publish","format-standard","has-post-thumbnail","category-693","category-opinion","category-roberto-vizcaino","category-tras-la-puerta-del-poder","tag-opinion"],"_links":{"self":[{"href":"https:\/\/redsemlac.com\/semmexico\/wp-json\/wp\/v2\/posts\/44020","targetHints":{"allow":["GET"]}}],"collection":[{"href":"https:\/\/redsemlac.com\/semmexico\/wp-json\/wp\/v2\/posts"}],"about":[{"href":"https:\/\/redsemlac.com\/semmexico\/wp-json\/wp\/v2\/types\/post"}],"author":[{"embeddable":true,"href":"https:\/\/redsemlac.com\/semmexico\/wp-json\/wp\/v2\/users\/3"}],"replies":[{"embeddable":true,"href":"https:\/\/redsemlac.com\/semmexico\/wp-json\/wp\/v2\/comments?post=44020"}],"version-history":[{"count":0,"href":"https:\/\/redsemlac.com\/semmexico\/wp-json\/wp\/v2\/posts\/44020\/revisions"}],"wp:featuredmedia":[{"embeddable":true,"href":"https:\/\/redsemlac.com\/semmexico\/wp-json\/wp\/v2\/media\/39589"}],"wp:attachment":[{"href":"https:\/\/redsemlac.com\/semmexico\/wp-json\/wp\/v2\/media?parent=44020"}],"wp:term":[{"taxonomy":"category","embeddable":true,"href":"https:\/\/redsemlac.com\/semmexico\/wp-json\/wp\/v2\/categories?post=44020"},{"taxonomy":"post_tag","embeddable":true,"href":"https:\/\/redsemlac.com\/semmexico\/wp-json\/wp\/v2\/tags?post=44020"}],"curies":[{"name":"wp","href":"https:\/\/api.w.org\/{rel}","templated":true}]}}