{"id":44008,"date":"2022-01-09T15:34:18","date_gmt":"2022-01-09T21:34:18","guid":{"rendered":"https:\/\/redsemlac.com\/semmexico\/?p=44008"},"modified":"2023-07-21T18:56:23","modified_gmt":"2023-07-21T23:56:23","slug":"desaparecen-las-unidades-de-atencion-a-la-violencia-de-genero-en-los-estados","status":"publish","type":"post","link":"https:\/\/redsemlac.com\/semmexico\/desaparecen-las-unidades-de-atencion-a-la-violencia-de-genero-en-los-estados\/","title":{"rendered":"Desaparecen las unidades de atenci\u00f3n a la violencia de g\u00e9nero en los estados"},"content":{"rendered":"\n<p class=\"wp-block-paragraph\">La titular de la Conavim, Fabiola Alan\u00eds, asegur\u00f3 que la Comisi\u00f3n se har\u00e1 cargo en el 2022 de la conducci\u00f3n de los refugios que llevaba el Indesol<\/p>\n\n\n\n<p class=\"wp-block-paragraph\">\u00bfQu\u00e9 perdimos las mujeres con la desaparici\u00f3n del Indesol?<\/p>\n\n\n\n<p class=\"wp-block-paragraph\">Diana Ju\u00e1rez<\/p>\n\n\n\n<p class=\"wp-block-paragraph\">SemM\u00e9xico\/La Cadera de Eva, Cd. de M\u00e9xico, 9 de enero, 2022.- Iniciamos el 2022&nbsp;con la desaparici\u00f3n del&nbsp;Instituto Nacional de Desarrollo Social (Indesol), a cargo del Apoyo a las Instancias de Mujeres en las Entidades Federativas (PAIMEF), dedicado a financiar las unidades estatales para atender a las mujeres v\u00edctimas de violencia en los estados y el financiamiento a&nbsp;refugios.<\/p>\n\n\n\n<p class=\"wp-block-paragraph\">Ahora, la Comisi\u00f3n Nacional para Prevenir y Erradicar la&nbsp;Violencia contra las Mujeres&nbsp;(Conavim) se har\u00e1 cargo del PAIMEF. Sin embargo, las cosas no han quedad claras. Lo recursos saldr\u00e1n de la Secretar\u00eda de Gobernaci\u00f3n, se\u00f1ala en su columna Sara Lovera.<\/p>\n\n\n\n<p class=\"wp-block-paragraph\">Pero, \u00aben el presupuesto 2022 no tiene recursos asignados, y ya hubo la intentona de la senadora Mal\u00fa Micher Camarena para trasladar esa responsabilidad a los gobiernos estatales\u00bb, escribi\u00f3 en su columna Sara Lovera, directora de SemM\u00e9xico.<\/p>\n\n\n\n<p class=\"wp-block-paragraph\">La desaparici\u00f3n del&nbsp;Indesol&nbsp;significa un retroceso. En este sentido Leticia Bonif\u00e1z,&nbsp;abogada mexicana, experta en derechos humanos dijo para El Pa\u00eds que el 2020 fue un arranque, no hubo avances para el 2021. \u00abLa pandemia y todas las condiciones despu\u00e9s no detuvieron\u00bb. \u00abLos derechos que consideramos ganados, conquistados, que ya incluso los celebramos, siempre vuelve a estar en riesgo\u00bb, se\u00f1al\u00f3.<\/p>\n\n\n\n<p class=\"wp-block-paragraph\">Aunque la titular de la&nbsp;Conavim, Fabiola Alan\u00eds, asegur\u00f3 que la Comisi\u00f3n se har\u00e1 cargo en el 2022 de la conducci\u00f3n de los&nbsp;refugios&nbsp;y esto traer\u00eda m\u00e1s recursos para la instituci\u00f3n, pero el presupuesto 2022 dice lo contrario.&nbsp;<\/p>\n\n\n\n<p class=\"wp-block-paragraph\">Sin embargo, de acuerdo con el Presupuesto aprobado por la C\u00e1mara de diputados para 2022, la&nbsp;Conavim&nbsp;tuvo recorte para este 2022, pues dispondr\u00e1 de 310 millones de pesos, mientras que en 2021 tuvo 311 millones de pesos.&nbsp;<\/p>\n\n\n\n<p class=\"wp-block-paragraph\">\u00bfQU\u00c9 PERDEMOS LAS MUJERES CON LA DESAPARICI\u00d3N DEL&nbsp;INDESOL?<\/p>\n\n\n\n<p class=\"wp-block-paragraph\">1. Presupuesto para las mujeres:&nbsp;Un informe de la Secretar\u00eda de Bienestar, el&nbsp;Indesol&nbsp;usaba el 93 por ciento de su presupuesto para el PAIMEF, se entregaba a las entidades, en 2019 atendi\u00f3 a 215 mil 691 mujeres.<\/p>\n\n\n\n<p class=\"wp-block-paragraph\">2. Recursos para los estados:&nbsp;Los estados recibieron entre 6 y 8 millones de pesos. Oaxaca recibi\u00f3 m\u00e1s de 11 millones, Hidalgo y Veracruz m\u00e1s de 10 y&nbsp;los estados de Chiapas, Chihuahua, Durango, Nuevo Le\u00f3n y Sinaloa, m\u00e1s de 9 millones de pesos, report\u00f3 Animal Pol\u00edtico.<\/p>\n\n\n\n<p class=\"wp-block-paragraph\">3. Desaparecen las unidades de atenci\u00f3n a la violencia de g\u00e9nero en los estados,&nbsp;con servicio jur\u00eddico, psicol\u00f3gico, trabajo social y albergues, de acuerdo con Elsa Conde, feminista e integrante de Mujer, Ideas, Desarrollo e Investigaci\u00f3n (MIDI).<\/p>\n\n\n\n<p class=\"wp-block-paragraph\">4. Recursos para los&nbsp;refugios:&nbsp;Indesol&nbsp;otorgaba financiamientos a&nbsp;refugios&nbsp;para atender a mujeres v\u00edctimas de la violencia&nbsp;<\/p>\n\n\n\n<p class=\"wp-block-paragraph\">La desaparici\u00f3n del&nbsp;Indesol&nbsp;se suma a las desapariciones del Programa de Coinversi\u00f3n Social, el apoyo a las infancias, Prom\u00e9xico, el Fondo Nacional del Emprendedor, el Programa Anual de Est\u00edmulos a las Manifestaciones Culturales y del Patrimonio, Atenci\u00f3n a Personas con Discapacidad, Abasto Social de Leche (de Liconsa), Abasto Rural (de Diconsa), el Fondo Nacional del Fomento a las Artesan\u00edas, Inclusi\u00f3n Social, y Seguro M\u00e9xico Siglo XXI<\/p>\n","protected":false},"excerpt":{"rendered":"<p>Iniciamos el 2022\u00a0con la desaparici\u00f3n del Indesol, dedicado a financiar las unidades estatales para atender a las mujeres v\u00edctimas de violencia en los estados y el financiamiento a\u00a0refugios.<\/p>\n","protected":false},"author":3,"featured_media":44009,"comment_status":"open","ping_status":"open","sticky":false,"template":"","format":"standard","meta":{"_monsterinsights_skip_tracking":false,"footnotes":""},"categories":[693,110,35],"tags":[],"class_list":["post-44008","post","type-post","status-publish","format-standard","has-post-thumbnail","category-693","category-la-opinion-columnas","category-opinion"],"_links":{"self":[{"href":"https:\/\/redsemlac.com\/semmexico\/wp-json\/wp\/v2\/posts\/44008","targetHints":{"allow":["GET"]}}],"collection":[{"href":"https:\/\/redsemlac.com\/semmexico\/wp-json\/wp\/v2\/posts"}],"about":[{"href":"https:\/\/redsemlac.com\/semmexico\/wp-json\/wp\/v2\/types\/post"}],"author":[{"embeddable":true,"href":"https:\/\/redsemlac.com\/semmexico\/wp-json\/wp\/v2\/users\/3"}],"replies":[{"embeddable":true,"href":"https:\/\/redsemlac.com\/semmexico\/wp-json\/wp\/v2\/comments?post=44008"}],"version-history":[{"count":0,"href":"https:\/\/redsemlac.com\/semmexico\/wp-json\/wp\/v2\/posts\/44008\/revisions"}],"wp:featuredmedia":[{"embeddable":true,"href":"https:\/\/redsemlac.com\/semmexico\/wp-json\/wp\/v2\/media\/44009"}],"wp:attachment":[{"href":"https:\/\/redsemlac.com\/semmexico\/wp-json\/wp\/v2\/media?parent=44008"}],"wp:term":[{"taxonomy":"category","embeddable":true,"href":"https:\/\/redsemlac.com\/semmexico\/wp-json\/wp\/v2\/categories?post=44008"},{"taxonomy":"post_tag","embeddable":true,"href":"https:\/\/redsemlac.com\/semmexico\/wp-json\/wp\/v2\/tags?post=44008"}],"curies":[{"name":"wp","href":"https:\/\/api.w.org\/{rel}","templated":true}]}}