{"id":43987,"date":"2022-01-08T18:21:58","date_gmt":"2022-01-09T00:21:58","guid":{"rendered":"https:\/\/redsemlac.com\/semmexico\/?p=43987"},"modified":"2023-07-21T18:56:24","modified_gmt":"2023-07-21T23:56:24","slug":"vida-y-lectura-ikram-antaki-akel","status":"publish","type":"post","link":"https:\/\/redsemlac.com\/semmexico\/vida-y-lectura-ikram-antaki-akel\/","title":{"rendered":"Vida y Lectura| IKRAM ANTAKI AKEL"},"content":{"rendered":"\n<p class=\"wp-block-paragraph\">Marcela Eternod Ar\u00e1mburu<\/p>\n\n\n\n<p class=\"wp-block-paragraph\">SemM\u00e9xico, Aguascalientes, 8 de enero, 2022.- En estos d\u00edas de asueto, y ante la cada vez m\u00e1s incierta realidad nacional, record\u00e9 una de las frases que una escritora siria-mexicana, a quien le\u00ed hace ya algunos a\u00f1os, dec\u00eda: \u201c\u2026 en la vida terminamos siendo los libros que leemos y los amigos [y amigas] de los que nos rodeamos\u201d. Como estoy convencida que el verdadero valor de una persona se puede medir por el n\u00famero de afectos que logra hacer en su vida, y creo \u2014adem\u00e1s\u2014 que los libros son una de nuestras m\u00e1s pl\u00e1cidas, interesantes y amables compa\u00f1\u00edas, rele\u00ed con gusto y cierta extra\u00f1eza un par de libros de Ikram Antaki, cuya biograf\u00eda incompleta da cuenta de una personalidad reservada e ir\u00f3nica, una erudici\u00f3n destacada y una gran facilidad para conversar sobre sus pasiones: la historia, la literatura, la filosof\u00eda y la importancia de la raz\u00f3n, gran invento de los griegos y fundamental como m\u00e9todo did\u00e1ctico.<\/p>\n\n\n\n<p class=\"wp-block-paragraph\">Antaki estudi\u00f3 con monjas francesas en Damasco y su formaci\u00f3n profesional la realiz\u00f3 en la Universidad de Par\u00eds. Terminados sus estudios de doctorado, volvi\u00f3 a Damasco; sin embargo, se neg\u00f3 a vivir en un pa\u00eds social y pol\u00edticamente convulsionado, pr\u00e1cticamente en guerra permanente, y decidi\u00f3 irse lo m\u00e1s lejos que le fuera posible.<\/p>\n\n\n\n<p class=\"wp-block-paragraph\">En una de las entrevistas que le hicieron, Antaki cont\u00f3 que tom\u00f3 un comp\u00e1s y lo abri\u00f3 a todo lo que daba para encontrar el lugar m\u00e1s alejado de Damasco, girando hacia la derecha encontr\u00f3 Jap\u00f3n, girando hacia la izquierda, la punta del comp\u00e1s se\u00f1al\u00f3 el Golfo de M\u00e9xico, y fue as\u00ed que decidi\u00f3 emigrar a M\u00e9xico.<\/p>\n\n\n\n<p class=\"wp-block-paragraph\">Como el d\u00eda de hoy me niego a aceptar que somos el olvido que seremos, quiero sacar moment\u00e1neamente del olvido a esa ex\u00f3tica y poco ortodoxa maestra que haciendo gala de un profundo conocimiento rend\u00eda tributo al conocimiento, a la historia del pensamiento, a la l\u00f3gica, a la literatura y a la poes\u00eda. Siendo muchas veces pol\u00edticamente incorrecta, no tem\u00eda el debate y pod\u00eda apabullar a tirios y a troyanos con ejercicios de l\u00f3gica brutales.<\/p>\n\n\n\n<p class=\"wp-block-paragraph\">De entre sus textos, que mantienen su vigencia, los reunidos en la serie El banquete de Plat\u00f3n que abarca historia, ciencia, religi\u00f3n, filosof\u00eda, arte, espiritualidad, temas sociales y problemas \u00e9ticos, entre otros, solo puedo comentar que se leen con gusto ya que abren puertas y ventanas a la curiosidad y contribuyen a reducir nuestra ignorancia. Su innegable amor a los conceptos, su pulcritud argumentativa y su capacidad dial\u00e9ctica la hac\u00edan destacar en un mundo de varones mis\u00f3ginos que no conceb\u00edan que una mujer pudiera darles las tres y las buenas.<\/p>\n\n\n\n<p class=\"wp-block-paragraph\">Una vez acorralado el adversario y ante sus enconos, sol\u00eda decir que ya sab\u00eda que hab\u00eda nacido maldita, no porque lo dijera el adversario, sino por haber nacido mujer, y haber nacido en un pa\u00eds musulm\u00e1n donde las mujeres no ten\u00edan ning\u00fan valor. Nunca logr\u00e9 dilucidar si se trataba de un toque de humor antakiano.<\/p>\n\n\n\n<p class=\"wp-block-paragraph\">De lo mucho que escribi\u00f3 Ikram Antaki El esp\u00edritu de C\u00f3rdoba es para m\u00ed una novela entra\u00f1able. Se trata de un di\u00e1logo epistolar imaginado por la autora entre dos personajes hist\u00f3ricos: Averroes (\u00e1rabe) y Maim\u00f3nides (jud\u00edo), cuya finalidad es mostrar que es posible dialogar, discutir, debatir e intercambiar hechos y datos si tenemos la templanza espiritual para hacerlo, enfatizando que es un esp\u00edritu de comprensi\u00f3n y tolerancia lo que debe animar el intercambio de puntos de vista e interpretaciones, no aferr\u00e1ndose a supuestas verdades, ni parapet\u00e1ndose en certezas absolutas (las cuales son falsedades por definici\u00f3n) con el \u00fanico objetivo de comprender dos culturas con concepciones, por decir lo menos, diferentes.<\/p>\n\n\n\n<p class=\"wp-block-paragraph\">Sus puntos de contacto, su influencia mutua y sus contradicciones, nos permiten acercarnos a un encuentro ficticio pero posible, gracias a la voluntad de dialogar. En El esp\u00edritu de C\u00f3rdoba, Ikram Antaki logra interesarnos en varios dilemas fundamentales tomando como base la filosof\u00eda de la religi\u00f3n, la \u00e9tica y la historia, pero d\u00e1ndole un sello de cuestionamientos contempor\u00e1neos esenciales.<\/p>\n\n\n\n<p class=\"wp-block-paragraph\">Menci\u00f3n aparte merece el tema del resentimiento hist\u00f3rico que permea a las concepciones de unos y otros, y que se levanta como muro infranqueable que solo puede derrumbarse reconociendo las diferencias, dejando de lado las recriminaciones, procurando la inclusi\u00f3n, el respeto y la comprensi\u00f3n.<\/p>\n\n\n\n<p class=\"wp-block-paragraph\">Y quiz\u00e1, dados los tiempos que estamos viviendo, a alguien le sea de utilidad leer El manual del ciudadano contempor\u00e1neo donde plantea la construcci\u00f3n de una civilizaci\u00f3n racional, respetuosa, tolerante, de derechos; una Rep\u00fablica con muchas voces, un Estado democr\u00e1tico y una ciudadan\u00eda vigorosa que abomina la violencia y el autoritarismo.<\/p>\n\n\n\n<p class=\"wp-block-paragraph\">A m\u00e1s de una d\u00e9cada de su muerte, es obligado decir que Ikram Antaki Akel brillo con intensidad por sus conocimientos, su sensibilidad y su honestidad intelectual. Logr\u00f3 que un p\u00fablico reacio a explorar temas complejos la escuchara con \u00e9xito y disfrutara sus articulados programas de radio. Aunque una parte importante de la intelectualidad mexicana siempre la trat\u00f3 con \u201cpinzas\u201d, y si no la eludi\u00f3 del todo, procuro mantenerse alejada de ella, como afirma el \u00fanico hijo que tuvo (Maruan Soto Antaki). Sus detractores aprendieron a eludirla para mantener la idea de que era desacertada y conflictiva; sus cr\u00edticos la minimizaron y cuando pudieron la ridiculizaron; sus opositores simplemente cerraron filas y la mayor\u00eda de sus admiradores se sumergieron en la calidez del olvido.<\/p>\n\n\n\n<p class=\"wp-block-paragraph\">Leer a Antaki es darse la oportunidad de poder pensar en algo m\u00e1s que la cotidianidad cambiante que, a veces, abruma; es poder reflexionar, es darse un regalo de reyes que lo \u00fanico que nos cuesta es tiempo para disfrutar de ese enorme placer que es leer, sin prisa, con pausas y con entusiasmo.<\/p>\n","protected":false},"excerpt":{"rendered":"<p>En estos d\u00edas de asueto, y ante la cada vez m\u00e1s incierta realidad nacional, record\u00e9 una de las frases que una escritora siria-mexicana, a quien le\u00ed hace ya algunos a\u00f1os, dec\u00eda: \u201c\u2026 en la vida terminamos siendo los libros que leemos y los amigos [y amigas] de los que nos rodeamos\u201d.<\/p>\n","protected":false},"author":3,"featured_media":38638,"comment_status":"open","ping_status":"open","sticky":false,"template":"","format":"standard","meta":{"_monsterinsights_skip_tracking":false,"footnotes":""},"categories":[693,515,35,514],"tags":[],"class_list":["post-43987","post","type-post","status-publish","format-standard","has-post-thumbnail","category-693","category-marcela-eternod-aramburu","category-opinion","category-vida-y-lectura"],"_links":{"self":[{"href":"https:\/\/redsemlac.com\/semmexico\/wp-json\/wp\/v2\/posts\/43987","targetHints":{"allow":["GET"]}}],"collection":[{"href":"https:\/\/redsemlac.com\/semmexico\/wp-json\/wp\/v2\/posts"}],"about":[{"href":"https:\/\/redsemlac.com\/semmexico\/wp-json\/wp\/v2\/types\/post"}],"author":[{"embeddable":true,"href":"https:\/\/redsemlac.com\/semmexico\/wp-json\/wp\/v2\/users\/3"}],"replies":[{"embeddable":true,"href":"https:\/\/redsemlac.com\/semmexico\/wp-json\/wp\/v2\/comments?post=43987"}],"version-history":[{"count":0,"href":"https:\/\/redsemlac.com\/semmexico\/wp-json\/wp\/v2\/posts\/43987\/revisions"}],"wp:featuredmedia":[{"embeddable":true,"href":"https:\/\/redsemlac.com\/semmexico\/wp-json\/wp\/v2\/media\/38638"}],"wp:attachment":[{"href":"https:\/\/redsemlac.com\/semmexico\/wp-json\/wp\/v2\/media?parent=43987"}],"wp:term":[{"taxonomy":"category","embeddable":true,"href":"https:\/\/redsemlac.com\/semmexico\/wp-json\/wp\/v2\/categories?post=43987"},{"taxonomy":"post_tag","embeddable":true,"href":"https:\/\/redsemlac.com\/semmexico\/wp-json\/wp\/v2\/tags?post=43987"}],"curies":[{"name":"wp","href":"https:\/\/api.w.org\/{rel}","templated":true}]}}