{"id":43985,"date":"2022-01-08T18:09:57","date_gmt":"2022-01-09T00:09:57","guid":{"rendered":"https:\/\/redsemlac.com\/semmexico\/?p=43985"},"modified":"2023-07-21T18:56:24","modified_gmt":"2023-07-21T23:56:24","slug":"hallazgos-nuevos-divertimentos","status":"publish","type":"post","link":"https:\/\/redsemlac.com\/semmexico\/hallazgos-nuevos-divertimentos\/","title":{"rendered":"Hallazgos| Nuevos divertimentos"},"content":{"rendered":"\n<p class=\"wp-block-paragraph\">Por Roc\u00edo Fiallega<\/p>\n\n\n\n<p class=\"wp-block-paragraph\">La locura de dios<\/p>\n\n\n\n<p class=\"wp-block-paragraph\">SemM\u00e9xico, Cd. de M\u00e9xico, 8 de enero, 2022.- Todo empez\u00f3 con leer en voz alta las Lecturas, sent\u00eda la fuerza de las miradas (porque nadie escuchaba), todo ese poder le transmit\u00eda el agua de la vida. Luego emprend\u00eda una cruzada por los pasillos, para reunir la limosna. Hasta que lleg\u00f3 el d\u00eda de transportar el cuerpo y la sangre de Cristo (y la gente lo cre\u00eda), \u00e9l los llevar\u00eda a la salvaci\u00f3n. Despu\u00e9s se quedaba hasta tarde, fe-esperanza-caridad -se repet\u00eda-, mientras que las vocecitas ignorantes le preguntaban cosas que s\u00f3lo \u00e9l sab\u00eda (los pasos del atrio al altar, del altar al presbiterio).<\/p>\n\n\n\n<p class=\"wp-block-paragraph\">Vino el encierro cuando las miradas se convirtieron en ventosas por todo su cuerpo y las voces le consultaban insistentemente para ponerlo a prueba.&nbsp;&nbsp;&nbsp;<\/p>\n\n\n\n<p class=\"wp-block-paragraph\">En su misticismo lo present\u00eda, as\u00ed es que eligi\u00f3 la reclusi\u00f3n; en el psiqui\u00e1trico, ninguno como \u00e9l para el rito de la eucarist\u00eda: la pastilla y el c\u00e1liz, hasta el d\u00eda del juicio final.<\/p>\n\n\n\n<p class=\"wp-block-paragraph\">Hojas<\/p>\n\n\n\n<p class=\"wp-block-paragraph\">\u201cDesn\u00fadate\u201d, me dijo el oto\u00f1o.<\/p>\n\n\n\n<p class=\"wp-block-paragraph\">Mis hijas se marchan en alegre danza, la vibraci\u00f3n de su risa me acorrala. Las peque\u00f1as siempre enojadas porque las otras les hac\u00edan sombra; mientras que las grandes vivieron en eterno reproche por estar expuestas al sol y al viento.<\/p>\n\n\n\n<p class=\"wp-block-paragraph\">Humedecidas de victoria, prendidas a mi rama estaban, su propio canto por volar hacia el viento las ha consumido. Ya no son m\u00edas, se han ido hacia la tierra, pues de ella provienen; \u00e1rboles: rueguen por ellas, pues ser\u00e1n su alimento y permanencia.<\/p>\n\n\n\n<p class=\"wp-block-paragraph\">Ansiedad. Abandono. Fr\u00edo. Vulnerabilidad. \u00bfPor qu\u00e9 no fui una loba? Por lo menos podr\u00eda correr y as\u00ed deshacerme de esta furia confundida con desolaci\u00f3n; nuestra madre debe dejarnos ir siempre. Alg\u00fan d\u00eda me secar\u00e9 de tanta vida.<\/p>\n\n\n\n<p class=\"wp-block-paragraph\">Princesas<\/p>\n\n\n\n<p class=\"wp-block-paragraph\">\u00c9rase una vez una Cenicienta ma\u00f1ana con paisaje de Copo de nieve, necesitaba ser Bella y Durmiente; para convertirse en Sirenita prefiri\u00f3 ser una ma\u00f1ana-noche, evitando atardecer en los brazos de cualquiera.<\/p>\n","protected":false},"excerpt":{"rendered":"<p>Todo empez\u00f3 con leer en voz alta las Lecturas, sent\u00eda la fuerza de las miradas (porque nadie escuchaba), todo ese poder le transmit\u00eda el agua de la vida. <\/p>\n","protected":false},"author":3,"featured_media":39324,"comment_status":"open","ping_status":"open","sticky":false,"template":"","format":"standard","meta":{"_monsterinsights_skip_tracking":false,"footnotes":""},"categories":[693,620,35,621],"tags":[],"class_list":["post-43985","post","type-post","status-publish","format-standard","has-post-thumbnail","category-693","category-hallazgos","category-opinion","category-rocio-fiallega"],"_links":{"self":[{"href":"https:\/\/redsemlac.com\/semmexico\/wp-json\/wp\/v2\/posts\/43985","targetHints":{"allow":["GET"]}}],"collection":[{"href":"https:\/\/redsemlac.com\/semmexico\/wp-json\/wp\/v2\/posts"}],"about":[{"href":"https:\/\/redsemlac.com\/semmexico\/wp-json\/wp\/v2\/types\/post"}],"author":[{"embeddable":true,"href":"https:\/\/redsemlac.com\/semmexico\/wp-json\/wp\/v2\/users\/3"}],"replies":[{"embeddable":true,"href":"https:\/\/redsemlac.com\/semmexico\/wp-json\/wp\/v2\/comments?post=43985"}],"version-history":[{"count":0,"href":"https:\/\/redsemlac.com\/semmexico\/wp-json\/wp\/v2\/posts\/43985\/revisions"}],"wp:featuredmedia":[{"embeddable":true,"href":"https:\/\/redsemlac.com\/semmexico\/wp-json\/wp\/v2\/media\/39324"}],"wp:attachment":[{"href":"https:\/\/redsemlac.com\/semmexico\/wp-json\/wp\/v2\/media?parent=43985"}],"wp:term":[{"taxonomy":"category","embeddable":true,"href":"https:\/\/redsemlac.com\/semmexico\/wp-json\/wp\/v2\/categories?post=43985"},{"taxonomy":"post_tag","embeddable":true,"href":"https:\/\/redsemlac.com\/semmexico\/wp-json\/wp\/v2\/tags?post=43985"}],"curies":[{"name":"wp","href":"https:\/\/api.w.org\/{rel}","templated":true}]}}