{"id":43976,"date":"2022-01-08T14:22:41","date_gmt":"2022-01-08T20:22:41","guid":{"rendered":"https:\/\/redsemlac.com\/semmexico\/?p=43976"},"modified":"2023-07-21T18:56:24","modified_gmt":"2023-07-21T23:56:24","slug":"recorta-gobierno-de-veracruz-recursos-para-alerta-de-violencia-de-genero-contra-las-mujeres","status":"publish","type":"post","link":"https:\/\/redsemlac.com\/semmexico\/recorta-gobierno-de-veracruz-recursos-para-alerta-de-violencia-de-genero-contra-las-mujeres\/","title":{"rendered":"Recorta gobierno de Veracruz recursos para Alerta de Violencia de G\u00e9nero contra las Mujeres"},"content":{"rendered":"\n<p class=\"wp-block-paragraph\">Casi 300 mil pesos menos que en 2021, mientras once veces m\u00e1s dinero para publicidad<\/p>\n\n\n\n<p class=\"wp-block-paragraph\">Veracruz en los primeros lugares en violencia y feminicidio, inseguridad y miedo&nbsp;<\/p>\n\n\n\n<p class=\"wp-block-paragraph\">Ana Alicia Osorio&nbsp;<\/p>\n\n\n\n<p class=\"wp-block-paragraph\">SemM\u00e9xico, Veracruz, Ver., 8 de enero, 2022.- A pesar de los altos \u00edndices de violencia&nbsp;contra mujeres que se presentan en el estado de Veracruz, el gobierno destinar\u00e1 menos dinero este a\u00f1o para atender la Alerta de Violencia de G\u00e9nero que lo usado en 2021.&nbsp;<\/p>\n\n\n\n<p class=\"wp-block-paragraph\">De acuerdo con el Presupuesto de Egresos, presentado por el Gobierno de Cuitl\u00e1huac Garc\u00eda Jim\u00e9nez y aprobado por la C\u00e1mara de Diputados, para este 2022 las dos Alertas tendr\u00e1n 290 mil 972 pesos menos que en 2021.&nbsp;<\/p>\n\n\n\n<p class=\"wp-block-paragraph\">La Secretar\u00eda de Finanzas y Planeaci\u00f3n, la Secretar\u00eda de Gobierno y la Comisi\u00f3n Ejecutiva para la Atenci\u00f3n Integral a V\u00edctimas del Delito fueron las que tuvieron los recortes. La Contralor\u00eda General y el DIF incrementaron.<\/p>\n\n\n\n<figure class=\"wp-block-image size-full\"><a href=\"https:\/\/redsemlac.com\/semmexico\/wp-content\/uploads\/2022\/01\/gob-veracruz.jpg\"><img loading=\"lazy\" decoding=\"async\" width=\"873\" height=\"543\" src=\"https:\/\/redsemlac.com\/semmexico\/wp-content\/uploads\/2022\/01\/gob-veracruz.jpg\" alt=\"\" class=\"wp-image-43977\"\/><\/a><\/figure>\n\n\n\n<p class=\"wp-block-paragraph\">Mientras tanto \u00e1reas como Seguridad P\u00fablica, Salud o Educaci\u00f3n se mantuvieron con exactamente la misma cantidad de dinero que el a\u00f1o pasado lo que seg\u00fan teor\u00edas econ\u00f3micas es un retroceso, ya que la inflaci\u00f3n y alza de precios provoca que se puedan adquirir menos productos y servicios. Por ejemplo, una estimaci\u00f3n realizada con una calculadora de Fundar, se\u00f1ala que, aunque la Secretar\u00eda de Seguridad P\u00fablica tiene los mismos&nbsp;4 millones 26 mil 720 pesos que el a\u00f1o pasado de presupuesto para la AVG, en t\u00e9rminos reales (debido a la inflaci\u00f3n) tuvo un recorte de 149 mil 404.56 pesos o 3.57 por ciento. Lo mismo sucede con el resto de las dependencias que presuntamente mantienen el mismo presupuesto que el a\u00f1o 2021.&nbsp;<\/p>\n\n\n\n<p class=\"wp-block-paragraph\">Esto a pesar de que el Estado de Veracruz mantiene decretadas dos Alertas de Violencia de G\u00e9nero que es un mecanismo de emergencia para atender la violencia contra las mujeres. En el primer caso, es una alerta por la cantidad de feminicidios que se presentan y el segundo por no respetar los derechos sexuales y reproductivos.&nbsp;<\/p>\n\n\n\n<p class=\"wp-block-paragraph\">En el caso del presupuesto total del Instituto Veracruzano de las Mujeres sucede una situaci\u00f3n similar, ya que mantiene el mismo presupuesto que el a\u00f1o pasado, con 23 millones de pesos (lo que en t\u00e9rminos reales debido a la inflaci\u00f3n significa una disminuci\u00f3n del 3.57 por ciento).<\/p>\n\n\n\n<p class=\"wp-block-paragraph\">La \u00fanica dependencia relacionada con la atenci\u00f3n de violencia contra las mujeres que tuvo un incremento en su presupuesto fue el Centro de Justicia para Mujeres del Estado de Veracruz que pas\u00f3 de los 9 a 10 millones de pesos.<\/p>\n\n\n\n<p class=\"wp-block-paragraph\">Para darse una idea de las diferencias en los gastos que se tienen proyectados, en el caso de los servicios de comunicaci\u00f3n social y publicidad se destinar\u00e1n 272 millones 429 mil pesos en 2022, lo que es 11.8 veces el presupuesto del IVM y 27.2 veces el del Centro de Justicia para las Mujeres.<\/p>\n","protected":false},"excerpt":{"rendered":"<p>A pesar de los altos \u00edndices de violencia\u00a0contra mujeres que se presentan en el estado de Veracruz, el gobierno destinar\u00e1 menos dinero este a\u00f1o para atender la Alerta de Violencia de G\u00e9nero que lo usado en 2021.<\/p>\n","protected":false},"author":3,"featured_media":43978,"comment_status":"open","ping_status":"open","sticky":false,"template":"","format":"standard","meta":{"_monsterinsights_skip_tracking":false,"footnotes":""},"categories":[693,51],"tags":[],"class_list":["post-43976","post","type-post","status-publish","format-standard","has-post-thumbnail","category-693","category-ejecutivo"],"_links":{"self":[{"href":"https:\/\/redsemlac.com\/semmexico\/wp-json\/wp\/v2\/posts\/43976","targetHints":{"allow":["GET"]}}],"collection":[{"href":"https:\/\/redsemlac.com\/semmexico\/wp-json\/wp\/v2\/posts"}],"about":[{"href":"https:\/\/redsemlac.com\/semmexico\/wp-json\/wp\/v2\/types\/post"}],"author":[{"embeddable":true,"href":"https:\/\/redsemlac.com\/semmexico\/wp-json\/wp\/v2\/users\/3"}],"replies":[{"embeddable":true,"href":"https:\/\/redsemlac.com\/semmexico\/wp-json\/wp\/v2\/comments?post=43976"}],"version-history":[{"count":0,"href":"https:\/\/redsemlac.com\/semmexico\/wp-json\/wp\/v2\/posts\/43976\/revisions"}],"wp:featuredmedia":[{"embeddable":true,"href":"https:\/\/redsemlac.com\/semmexico\/wp-json\/wp\/v2\/media\/43978"}],"wp:attachment":[{"href":"https:\/\/redsemlac.com\/semmexico\/wp-json\/wp\/v2\/media?parent=43976"}],"wp:term":[{"taxonomy":"category","embeddable":true,"href":"https:\/\/redsemlac.com\/semmexico\/wp-json\/wp\/v2\/categories?post=43976"},{"taxonomy":"post_tag","embeddable":true,"href":"https:\/\/redsemlac.com\/semmexico\/wp-json\/wp\/v2\/tags?post=43976"}],"curies":[{"name":"wp","href":"https:\/\/api.w.org\/{rel}","templated":true}]}}