{"id":4392,"date":"2019-01-08T00:32:34","date_gmt":"2019-01-08T00:32:34","guid":{"rendered":"https:\/\/redsemlac.com\/semmexico\/?p=4392"},"modified":"2023-07-21T14:43:45","modified_gmt":"2023-07-21T19:43:45","slug":"basta-de-que-a-cualquiera-le-pueda-pasar","status":"publish","type":"post","link":"https:\/\/redsemlac.com\/semmexico\/basta-de-que-a-cualquiera-le-pueda-pasar\/","title":{"rendered":"Basta de que a cualquiera le pueda pasar"},"content":{"rendered":"\n<p class=\"wp-block-paragraph\">Nadie se lo espera y entonces cuando pasa no se sabe qu\u00e9 hacer<\/p>\n\n\n\n<h5 class=\"wp-block-heading\"> Una chica boliviana a la que sus amigos drogaron hasta la inconsciencia y violaron hasta que ella tuvo convulsiones.<\/h5>\n\n\n\n<p class=\"wp-block-paragraph\"><a href=\"https:\/\/semmexico.com\/gallery-post.php?id=6781#\">Drina Ergueta<\/a><\/p>\n\n\n\n<p class=\"wp-block-paragraph\">SemM\u00e9xico. La Paz, Bolivia. 8 de enero de 2019. Nadie espera que le vaya a pasar, pero el machismo pasa y arrasa en el momento menos pensado. Hoy eso lo sabe la chica boliviana, que despert\u00f3 en el hospital pensando que hab\u00eda tenido un accidente y le explicaron que fue violada en grupo por sus amigos, y lo sabe su madre, que pide ayuda en los medios de comunicaci\u00f3n ante un aparato de justicia que siempre deja dudas y, al parecer, se inclina por quien tiene mayores recursos e influencia, y ante una sociedad que sanciona a la v\u00edctima.<\/p>\n\n\n\n<p class=\"wp-block-paragraph\">Un feminicidio, una violaci\u00f3n o un acto de violencia machista parece lejano, de otra gente. Generalmente se dice que \u201ces asunto de personas ignorantes y\/o de bajos recursos\u201d, que chicos de buena familia son incapaces de cometer actos terribles contra una persona, contra una compa\u00f1era de curso. Pero pasa, pasa en cualquier nivel social porque as\u00ed es el machismo, transversal.<\/p>\n\n\n\n<p class=\"wp-block-paragraph\">Nadie se lo espera y entonces cuando pasa no se sabe qu\u00e9 hacer. M\u00e1s cuando lo que se piensa que deber\u00eda ocurrir en los \u00e1mbitos policiales y judiciales no ocurre, cuando todo es al rev\u00e9s, cuando nada se mueve si no hay dinero que se entrega por debajo de la mesa, si alguien de peso no hace una llamada.<\/p>\n\n\n\n<p class=\"wp-block-paragraph\">La v\u00edctima est\u00e1 all\u00ed, pero parece que todo el sistema se mueve en defensa de quien ofrece m\u00e1s, de quien tiene m\u00e1s poder o de quien, por alguna raz\u00f3n, da m\u00e1s miedo. Adem\u00e1s, en un caso como este, el var\u00f3n tiene a su favor a toda una sociedad y sus instituciones marcadas por la fuerza del patriarcado. &nbsp;<\/p>\n\n\n\n<p class=\"wp-block-paragraph\">Las series de televisi\u00f3n han ense\u00f1ado que se deben preservar las pruebas para que lleguen las personas expertas y las analicen objetiva y cient\u00edficamente. En la vida real, la v\u00edctima no sabe que debe contratar a gente experta en peritaje forense para vigilar que el peritaje forense se haga correctamente, sin influencias de la otra parte que, seguramente, a su vez, podr\u00eda contratar a sus respectivos peritos. Una suerte de desconfianza mutua de un proceso que debiera ser transparente al ser llevado a cabo por instituciones estatales, incorruptibles.<\/p>\n\n\n\n<p class=\"wp-block-paragraph\">Entonces ocurre que el veh\u00edculo donde se deb\u00eda recabar pruebas fue lavado, que en el cuerpo de la v\u00edctima no hay rastros de los agresores y se pone en duda la violaci\u00f3n, pese a que ella presenta da\u00f1os f\u00edsicos. Optan por llamar al novio de ella, \u00bfpara qu\u00e9 lo llaman?<\/p>\n\n\n\n<p class=\"wp-block-paragraph\">Paralelamente, y desde el primer momento, se pone en duda la \u201chonorabilidad\u201d de la v\u00edctima, con una serie de afirmaciones reproducidas en los medios sin el menor cuidado (por mucho que haya una fuente, alguien que lo dice, los medios no deber\u00edan prestarse a una intencionalidad de da\u00f1o p\u00fablico) que buscan justificar lo ocurrido, reducir la magnitud del da\u00f1o y culpabilizar de ello a la v\u00edctima.<\/p>\n\n\n\n<p class=\"wp-block-paragraph\">Por otra parte, se va victimizando a los agresores con publicaciones en las que se dice que temen ser a su vez violados en la c\u00e1rcel, por lo que se pide su liberaci\u00f3n.<\/p>\n\n\n\n<p class=\"wp-block-paragraph\">Todo se va armando para desmontar lo que de inicio era algo claro: una chica a la que sus amigos drogaron hasta la inconsciencia y violaron hasta que ella tuvo convulsiones, lo que la tuvo en terapia intensiva durante varios d\u00edas.<\/p>\n\n\n\n<p class=\"wp-block-paragraph\">La madre, que asegura no tiene m\u00e1s recursos o muchos menos frente a la econom\u00eda e influencia de los acusados, acudi\u00f3 a los medios de comunicaci\u00f3n y all\u00ed pidi\u00f3 Evo Morales que intervenga. Un pedido seguramente desesperado al Presidente como la persona que est\u00e1 en el lugar m\u00e1s alto, \u00bfm\u00e1s arriba, a qui\u00e9n? \u00bfa Dios?<\/p>\n\n\n\n<p class=\"wp-block-paragraph\">Cambiar un sistema judicial puesto en duda, que para mucha gente es certeza de espacio de corrupci\u00f3n generalizada, es efectivamente responsabilidad de un gobierno, as\u00ed como lo es de una sociedad que lo permite, as\u00ed como permite y mira para otro lado, como si fuera lluvia que cae, los cientos de casos de feminicidio sin resolver, los de violaciones y agresiones.<\/p>\n\n\n\n<p class=\"wp-block-paragraph\">Este caso es uno m\u00e1s, de muchos de violencia de machista, por eso es hora de que toda la sociedad se involucre porque a cualquiera, el momento menos pensado, le puede pasar y no se puede permitir.<\/p>\n","protected":false},"excerpt":{"rendered":"<p>Nadie se lo espera y entonces cuando pasa no se sabe qu\u00e9 hacer Una chica boliviana a la que sus amigos drogaron hasta la inconsciencia y violaron hasta que ella tuvo convulsiones. Drina Ergueta SemM\u00e9xico. La Paz, Bolivia. 8 de enero de 2019. Nadie espera que le vaya a pasar, pero el machismo pasa y [&hellip;]<\/p>\n","protected":false},"author":3,"featured_media":4382,"comment_status":"open","ping_status":"open","sticky":false,"template":"","format":"standard","meta":{"_monsterinsights_skip_tracking":false,"footnotes":""},"categories":[690,77,102],"tags":[],"class_list":["post-4392","post","type-post","status-publish","format-standard","has-post-thumbnail","category-690","category-drina-ergueta","category-textura-violeta"],"_links":{"self":[{"href":"https:\/\/redsemlac.com\/semmexico\/wp-json\/wp\/v2\/posts\/4392","targetHints":{"allow":["GET"]}}],"collection":[{"href":"https:\/\/redsemlac.com\/semmexico\/wp-json\/wp\/v2\/posts"}],"about":[{"href":"https:\/\/redsemlac.com\/semmexico\/wp-json\/wp\/v2\/types\/post"}],"author":[{"embeddable":true,"href":"https:\/\/redsemlac.com\/semmexico\/wp-json\/wp\/v2\/users\/3"}],"replies":[{"embeddable":true,"href":"https:\/\/redsemlac.com\/semmexico\/wp-json\/wp\/v2\/comments?post=4392"}],"version-history":[{"count":0,"href":"https:\/\/redsemlac.com\/semmexico\/wp-json\/wp\/v2\/posts\/4392\/revisions"}],"wp:featuredmedia":[{"embeddable":true,"href":"https:\/\/redsemlac.com\/semmexico\/wp-json\/wp\/v2\/media\/4382"}],"wp:attachment":[{"href":"https:\/\/redsemlac.com\/semmexico\/wp-json\/wp\/v2\/media?parent=4392"}],"wp:term":[{"taxonomy":"category","embeddable":true,"href":"https:\/\/redsemlac.com\/semmexico\/wp-json\/wp\/v2\/categories?post=4392"},{"taxonomy":"post_tag","embeddable":true,"href":"https:\/\/redsemlac.com\/semmexico\/wp-json\/wp\/v2\/tags?post=4392"}],"curies":[{"name":"wp","href":"https:\/\/api.w.org\/{rel}","templated":true}]}}