{"id":4389,"date":"2019-02-05T00:30:43","date_gmt":"2019-02-05T00:30:43","guid":{"rendered":"https:\/\/redsemlac.com\/semmexico\/?p=4389"},"modified":"2023-07-21T14:46:10","modified_gmt":"2023-07-21T19:46:10","slug":"salud-universal-una-cuestion-de-estado","status":"publish","type":"post","link":"https:\/\/redsemlac.com\/semmexico\/salud-universal-una-cuestion-de-estado\/","title":{"rendered":"Salud universal, una cuesti\u00f3n de Estado"},"content":{"rendered":"\n<p class=\"wp-block-paragraph\">Los cuidados de las personas enfermas recaen en las mujeres.<\/p>\n\n\n\n<h5 class=\"wp-block-heading\"> Son las mujeres las que en \u00faltima instancia soportan toda la deficiencia de un sistema de salud Boliviano.<\/h5>\n\n\n\n<p class=\"wp-block-paragraph\"><a href=\"https:\/\/semmexico.com\/gallery-post.php?id=7097#\">Drina Ergueta<\/a><\/p>\n\n\n\n<p class=\"wp-block-paragraph\">SemM\u00e9xico. La Paz-Bolivia. 05 de febrero de 2019. En Bolivia, para la gran mayor\u00eda el hecho de pensar en tener programadas citas m\u00e9dicas con anticipaci\u00f3n para un simple control es hasta gracioso, como si fuera algo tonto ir a una consulta si no se est\u00e1 con ning\u00fan malestar. Es la medicina preventiva que no existe y a la que deber\u00eda apuntar un servicio universal de salud.<\/p>\n\n\n\n<p class=\"wp-block-paragraph\">El deficiente sistema de salud boliviano lleva siendo estudiado desde hace a\u00f1os desde la antropolog\u00eda, y seguramente desde otras disciplinas, y, por ejemplo, en los a\u00f1os 90 se centraban en lugares y aspectos concretos, como la percepci\u00f3n de los servicios de parte de la poblaci\u00f3n (Gattinara, B. C., Ibacache, J., Puente, C. T., Giaconi, J., &amp; Caprara, A. 1995) visibilizando el conflicto de clase y etnia en la atenci\u00f3n sanitaria, donde la poblaci\u00f3n de bajos recursos y con caracter\u00edsticas raciales ind\u00edgenas ten\u00eda un acceso muy limitado, por el precio y el trato displicente, sumada a una desconfianza hist\u00f3rica ante la medicina occidental.<\/p>\n\n\n\n<p class=\"wp-block-paragraph\">A principios de siglo, los estudios se enfocan en pol\u00edticas de salud (Ram\u00edrez Hita, S. 2009; Flores Martos, J. A. 2004; Michaux, J. 2004) que, en la l\u00ednea del momento, plantean principalmente el concepto de interculturalidad como respuesta a la problem\u00e1tica.<\/p>\n\n\n\n<p class=\"wp-block-paragraph\">En los 13 a\u00f1os de gobierno de Evo Morales en materia de salud y sin ser suficiente ampli\u00f3 la cobertura en salud materno infantil y para \u00e1reas rurales, se trabaj\u00f3 en infraestructura y equipamiento de hospitales, todo en el marco de un sistema sanitario estatal muy complejo con casos de corrupci\u00f3n a diferentes niveles, mal uso de bienes del estado, b\u00fasqueda de beneficio propio a costa de la salud de la poblaci\u00f3n, seg\u00fan se ha conocido por publicaciones en medios.<\/p>\n\n\n\n<p class=\"wp-block-paragraph\">\u00bfC\u00f3mo se vive esta situaci\u00f3n en la ciudadan\u00eda, en las familias? Salvo que sea de origen extranjero y del primer mundo, en Bolivia no se va a una atenci\u00f3n m\u00e9dica a menos que se necesite, no hay prevenci\u00f3n y s\u00f3lo se busca cura, cura que en muchos casos se busca a \u00faltima hora, cuando duele, cuando sangra, cuando ya no se aguanta.<\/p>\n\n\n\n<p class=\"wp-block-paragraph\">Por otra parte, los cuidados de las personas enfermas recaen en las mujeres, en esas madres, abuelas, t\u00edas y hermanas que son, adem\u00e1s, las \u00faltimas en ir al hospital porque antes hay que planchar, y son ellas las que en \u00faltima instancia soportan toda la deficiencia de un sistema de salud que requiere a gritos un cambio.<\/p>\n\n\n\n<p class=\"wp-block-paragraph\">Cuando se va al sector p\u00fablico es a entregar el cuerpo y que sea lo que Dios quiera, porque no hay dinero para el privado, y si es al privado se acude con la desconfianza por delante, buscando un m\u00e9dico recomendado. As\u00ed, con datos de Ledo, C. y Soria, R. (2017), la seguridad social cubre a menos del 30% de la poblaci\u00f3n; la privada s\u00f3lo llega al 10%; el 30% acude a la medicina tradicional y \u00e9sta m\u00e1s un 30% de poblaci\u00f3n desatendida va a dependencias del Estado en caso extremo.<\/p>\n\n\n\n<p class=\"wp-block-paragraph\">Bolivia es uno de los pa\u00edses de Latinoam\u00e9rica con el peor sistema de salud y el actual gobierno dice que tiene en marcha un proyecto de un Sistema Universal de Salud. Que toda la poblaci\u00f3n, toda, tenga derecho y posible acceso a la salud es una idea maravillosa, algo que deb\u00eda hacerse desde un principio, desde hace varios gobiernos, es un tema pendiente con un pueblo que se ha curado con cataplasmas y ha muerto antes de tiempo.<\/p>\n\n\n\n<p class=\"wp-block-paragraph\">Una parte del sector m\u00e9dico rechaza la propuesta, el principal argumento es que c\u00f3mo se va a atender a toda la poblaci\u00f3n si hoy no se alcanza, si no hay medios. El gobierno dice que este a\u00f1o habr\u00e1 una inversi\u00f3n de hasta 440 millones de d\u00f3lares para este proyecto, incluidos los aportes de los municipios, y que es tema central del Ministerio de Salud.<\/p>\n\n\n\n<p class=\"wp-block-paragraph\">Las desconfianzas son v\u00e1lidas, pero las necesidades mayores. Resolver este tema debe ser prioridad de este gobierno y del que venga, debe estar en la agenda de todas las candidaturas. Un Servicio Universal de Salud debiera ser un compromiso general y pol\u00edtica de Estado, no atenta contra la medicina privada y favorece a un 60% de poblaci\u00f3n que hoy no tiene acceso a la salud.<\/p>\n","protected":false},"excerpt":{"rendered":"<p>Los cuidados de las personas enfermas recaen en las mujeres. Son las mujeres las que en \u00faltima instancia soportan toda la deficiencia de un sistema de salud Boliviano. Drina Ergueta SemM\u00e9xico. La Paz-Bolivia. 05 de febrero de 2019. En Bolivia, para la gran mayor\u00eda el hecho de pensar en tener programadas citas m\u00e9dicas con anticipaci\u00f3n [&hellip;]<\/p>\n","protected":false},"author":3,"featured_media":4382,"comment_status":"open","ping_status":"open","sticky":false,"template":"","format":"standard","meta":{"_monsterinsights_skip_tracking":false,"footnotes":""},"categories":[690,77,1],"tags":[],"class_list":["post-4389","post","type-post","status-publish","format-standard","has-post-thumbnail","category-690","category-drina-ergueta","category-uncategorized"],"_links":{"self":[{"href":"https:\/\/redsemlac.com\/semmexico\/wp-json\/wp\/v2\/posts\/4389","targetHints":{"allow":["GET"]}}],"collection":[{"href":"https:\/\/redsemlac.com\/semmexico\/wp-json\/wp\/v2\/posts"}],"about":[{"href":"https:\/\/redsemlac.com\/semmexico\/wp-json\/wp\/v2\/types\/post"}],"author":[{"embeddable":true,"href":"https:\/\/redsemlac.com\/semmexico\/wp-json\/wp\/v2\/users\/3"}],"replies":[{"embeddable":true,"href":"https:\/\/redsemlac.com\/semmexico\/wp-json\/wp\/v2\/comments?post=4389"}],"version-history":[{"count":0,"href":"https:\/\/redsemlac.com\/semmexico\/wp-json\/wp\/v2\/posts\/4389\/revisions"}],"wp:featuredmedia":[{"embeddable":true,"href":"https:\/\/redsemlac.com\/semmexico\/wp-json\/wp\/v2\/media\/4382"}],"wp:attachment":[{"href":"https:\/\/redsemlac.com\/semmexico\/wp-json\/wp\/v2\/media?parent=4389"}],"wp:term":[{"taxonomy":"category","embeddable":true,"href":"https:\/\/redsemlac.com\/semmexico\/wp-json\/wp\/v2\/categories?post=4389"},{"taxonomy":"post_tag","embeddable":true,"href":"https:\/\/redsemlac.com\/semmexico\/wp-json\/wp\/v2\/tags?post=4389"}],"curies":[{"name":"wp","href":"https:\/\/api.w.org\/{rel}","templated":true}]}}