{"id":43887,"date":"2022-01-05T12:33:22","date_gmt":"2022-01-05T18:33:22","guid":{"rendered":"https:\/\/redsemlac.com\/semmexico\/?p=43887"},"modified":"2023-07-21T18:56:26","modified_gmt":"2023-07-21T23:56:26","slug":"indignacion-general-porque-prohiben-a-mujeres-votar-en-ocotequila-guerrero-y-reacciona-la-gobernadora","status":"publish","type":"post","link":"https:\/\/redsemlac.com\/semmexico\/indignacion-general-porque-prohiben-a-mujeres-votar-en-ocotequila-guerrero-y-reacciona-la-gobernadora\/","title":{"rendered":"Indignaci\u00f3n general porque proh\u00edben a mujeres votar en Ocotequila, Guerrero, y reacciona la gobernadora"},"content":{"rendered":"\n<ul class=\"wp-block-list\"><li><strong>Se trata de una violaci\u00f3n a la Constituci\u00f3n que debe atender el Instituto Nacional Electoral, dicen las agraviadas<\/strong><\/li><li><strong>El argumento de usos y costumbres, es absurdo: diputada Local investiga los hechos para restituir derechos pol\u00edticos a las mujeres<\/strong><\/li><\/ul>\n\n\n\n<p class=\"wp-block-paragraph\"><strong>Sara Lovera e Isabel Ortega<\/strong><\/p>\n\n\n\n<p class=\"wp-block-paragraph\">SemM\u00e9xico\/Ceprovysa, Chilpancingo, Guerrero, 5 de enero, 2022.- El lunes pasado Autoridades de la comunidad de Ocotequila, Municipio de Copanatoyac, Guerrero, impidieron a 9 mujeres emitir su voto para elegir al representante del comisariado, bajo el argumento de que es una tradici\u00f3n por usos y costumbres y ellas no tienen derecho.<\/p>\n\n\n\n<p class=\"wp-block-paragraph\">Esto sucede en pleno siglo XXI, en la monta\u00f1a de Guerrero. Violenta los derechos pol\u00edticos, sostiene la abogada Patricia Olamendi; es obligaci\u00f3n de las autoridades locales electorales impedir esta evidente violaci\u00f3n de los derechos de las mujeres, en la Constituci\u00f3n desde 1953.<\/p>\n\n\n\n<p class=\"wp-block-paragraph\">El grupo \u201cNosotras tenemos Otros Datos \u201c, consider\u00f3 que este hecho es una clara violencia pol\u00edtica contra las mujeres y exigi\u00f3 que se cumpla con la ley y se tomen medidas para evitar estas acciones.<\/p>\n\n\n\n<p class=\"wp-block-paragraph\">A estos hechos reaccion\u00f3 la Gobernadora, Evelyn Salgado Pineda, con una declaraci\u00f3n: \u201c\u201cLa Constituci\u00f3n est\u00e1 por encima de cualquier sistema de usos y costumbres\u201d y desde ayer 4 de enero la diputada local, presidenta de la comisi\u00f3n de Igualdad, Gabriela Bernal Res\u00e9ndiz, comenz\u00f3 una investigaci\u00f3n y dijo a los medios que dar\u00e1 seguimiento al caso, que es violatorio a los derechos pol\u00edticos de las mujeres.<\/p>\n\n\n\n<h2 class=\"wp-block-heading\"><strong>Hechos<\/strong><\/h2>\n\n\n\n<p class=\"wp-block-paragraph\">Este domingo, en este pueblo ubicado en la regi\u00f3n de la Monta\u00f1a, un grupo de nueve mujeres se present\u00f3 en la comisar\u00eda para votar por una de las dos planillas, sin embargo, les informaron que no podr\u00edan ejercer su voto.<\/p>\n\n\n\n<p class=\"wp-block-paragraph\">\u00abNos dijeron que solamente los hombres pueden ejercer su voto\u00bb, se\u00f1ala en un video Antonia Ram\u00edrez, habitante de esta comunidad. Actualmente es consejera de la Junta Local del Instituto Nacional Electoral (INE) en Guerrero.<\/p>\n\n\n\n<p class=\"wp-block-paragraph\">\u00abNos rechazan porque somos mujeres; yo creo que los hombres nos deber\u00edan de respetar porque ellos vienen de una mujer, no de alg\u00fan animal\u00bb, expres\u00f3 una de las afectadas que lleg\u00f3 a la comisar\u00eda para votar.<\/p>\n\n\n\n<p class=\"wp-block-paragraph\">\u00abUna mujer de alguna manera u otra, tiene que exigir sus derechos\u00bb, dijo.<\/p>\n\n\n\n<p class=\"wp-block-paragraph\">Antonia Ram\u00edrez se\u00f1ala que en la convocatoria emitida por el Ayuntamiento para el ejercicio democr\u00e1tico no se especifica la prohibici\u00f3n para las mujeres.<\/p>\n\n\n\n<p class=\"wp-block-paragraph\">\u00abPor eso nosotros vinimos a ejercer nuestro voto, pero aqu\u00ed nos dicen que, porque no se program\u00f3 antes una reuni\u00f3n con el comisario y que no se conoc\u00eda lo de la convocatoria\u00bb, afirm\u00f3.<\/p>\n\n\n\n<p class=\"wp-block-paragraph\">En un documento que firman las inconformes, se\u00f1alan que los dirigentes de los partidos PRI y Morena les dijeron que no pod\u00edan votar por la simple raz\u00f3n de ser mujeres.<\/p>\n\n\n\n<p class=\"wp-block-paragraph\">Este escrito fue anexado en los asuntos de incidencias registradas durante la votaci\u00f3n para la elecci\u00f3n de comisario en esta comunidad.<\/p>\n\n\n\n<p class=\"wp-block-paragraph\">Antonia Ram\u00edrez se\u00f1al\u00f3 que en su comunidad nunca han dejado que las mujeres participen en la elecci\u00f3n a comisario.<\/p>\n\n\n\n<p class=\"wp-block-paragraph\">Por eso dijo que cuando se presentaron a las instalaciones de la comisar\u00eda, los hombres las ve\u00edan con curiosidad.<\/p>\n\n\n\n<p class=\"wp-block-paragraph\">Indic\u00f3 que cuando se les dijo que no pod\u00edan votar, ellas respondieron que el sufragio es un derecho que tienen los hombres y las mujeres como lo marca la Constituci\u00f3n.<\/p>\n\n\n\n<p class=\"wp-block-paragraph\">La Constituci\u00f3n est\u00e1 por encima de usos y costumbres: gobernadora Evelyn Salgado Pineda<\/p>\n\n\n\n<p class=\"wp-block-paragraph\">En reacci\u00f3n a los hechos, la gobernadora Evelyn Salgado Pineda dijo ayer que \u201cLa Constituci\u00f3n est\u00e1 por encima de cualquier sistema de usos y costumbres\u201d al referirse a la negativa de permitir a mujeres emitir su voto en una comunidad de la Monta\u00f1a de Guerrero.<\/p>\n\n\n\n<p class=\"wp-block-paragraph\">La jefa del gobierno de Guerrero se enter\u00f3 de los hechos del domingo, porque lo hicieron p\u00fablico las afectad, mujeres que fueron a emitir su voto, y que sufrieron este agravio a sus derechos pol\u00edticos.<\/p>\n\n\n\n<p class=\"wp-block-paragraph\">Ante \u00e9sta circunstancia Evelyn Salgado Pineda dijo \u201cvoy a buscar un v\u00ednculo con las autoridades electorales para que las mujeres tengan a salvo sus derechos\u201d.<\/p>\n\n\n\n<p class=\"wp-block-paragraph\">Se\u00f1al\u00f3 categ\u00f3rica \u201cestamos en el 2022, \u00a1No puede ser que a estas alturas no se permita a las mujeres votar!\u201d.<\/p>\n\n\n\n<p class=\"wp-block-paragraph\">Evelyn Salgado Pineda ratific\u00f3 su encomienda personal \u201cal ser la primer (sic) Gobernadora de Guerrero tengo un compromiso muy grande con las mujeres\u201d.<\/p>\n\n\n\n<h2 class=\"wp-block-heading\"><strong>Presidenta de la Comisi\u00f3n de Igualdad, Gaby Bernal, atiende caso de Copanatoyac<\/strong><\/h2>\n\n\n\n<div class=\"wp-block-image is-style-default\"><figure class=\"alignright size-full is-resized\"><a href=\"https:\/\/redsemlac.com\/semmexico\/wp-content\/uploads\/2022\/01\/nota-guerrero.jpg\"><img loading=\"lazy\" decoding=\"async\" src=\"https:\/\/redsemlac.com\/semmexico\/wp-content\/uploads\/2022\/01\/nota-guerrero.jpg\" alt=\"\" class=\"wp-image-43888\" width=\"225\" height=\"401\"\/><\/a><figcaption> Diputada local, Gabriela Bernal Res\u00e9ndiz <\/figcaption><\/figure><\/div>\n\n\n\n<p class=\"wp-block-paragraph\"><strong>Luego de lamentar los hechos ocurridos el domingo Copanatoyac l<\/strong>a diputada local, Gabriela Bernal Res\u00e9ndiz, inform\u00f3 que ya est\u00e1 dando seguimiento al caso de la negaci\u00f3n que sufrieron mujeres de la comunidad de Ocotequila, perteneciente al municipio de Copanatoyac, donde el pasado fin de semana los hombres no dejaron que votar\u00e1n por el comisario.<\/p>\n\n\n\n<p class=\"wp-block-paragraph\">Despu\u00e9s de que se diera a conocer la violaci\u00f3n de los derechos constitucionales de los que fueron v\u00edctimas las mujeres de dicha comunidad, la diputada local, lament\u00f3 lo ocurrido y se comunic\u00f3 inmediatamente con el presidente municipal Eleuterio Reyes Calleja, con qui\u00e9n se mantiene al tanto de la situaci\u00f3n y adelant\u00f3 que est\u00e9 pr\u00f3ximo fin de semana estar\u00e1 en Copanatoyac ocup\u00e1ndose directamente.<\/p>\n\n\n\n<p class=\"wp-block-paragraph\">Gaby Bernal, se\u00f1al\u00f3 que \u201cvotar y ser votadas es un derecho que tenemos todas las mexicanas y nada, ni nadie puede estar por encima de la ley.\u201d<\/p>\n\n\n\n<p class=\"wp-block-paragraph\">Por ello, la presidenta de la Comisi\u00f3n de Igualdad en la 63 Legislatura del Congreso del Estado de Guerrero, manifest\u00f3 que lo que se busca es que \u201clas autoridades de comunidades, como son los comisarios, se capaciten con perspectiva de g\u00e9nero para erradicar la violencia de g\u00e9nero y permitan participar a las mujeres en la vida pol\u00edtica y social del municipio y puedan votar libremente en igualdad que los hombres\u201d.<\/p>\n\n\n\n<p class=\"wp-block-paragraph\">Finalmente, la legisladora Bernal Res\u00e9ndiz, dio conocer anoche que desde temprana hora ha estado en contacto \u201cpara defender el derecho de las copanatoyaquenses\u201d a quienes, por usos y costumbres, este fin de semana les impidieron participar en la elecci\u00f3n a comisario de Ocotequila.<\/p>\n","protected":false},"excerpt":{"rendered":"<p>Se trata de una violaci\u00f3n a la Constituci\u00f3n que debe atender el Instituto Nacional Electoral, dicen las agraviadas<\/p>\n","protected":false},"author":3,"featured_media":43889,"comment_status":"open","ping_status":"open","sticky":false,"template":"","format":"standard","meta":{"_monsterinsights_skip_tracking":false,"footnotes":""},"categories":[693,54],"tags":[144,149],"class_list":["post-43887","post","type-post","status-publish","format-standard","has-post-thumbnail","category-693","category-mujeres","tag-guerrero","tag-mujeres"],"_links":{"self":[{"href":"https:\/\/redsemlac.com\/semmexico\/wp-json\/wp\/v2\/posts\/43887","targetHints":{"allow":["GET"]}}],"collection":[{"href":"https:\/\/redsemlac.com\/semmexico\/wp-json\/wp\/v2\/posts"}],"about":[{"href":"https:\/\/redsemlac.com\/semmexico\/wp-json\/wp\/v2\/types\/post"}],"author":[{"embeddable":true,"href":"https:\/\/redsemlac.com\/semmexico\/wp-json\/wp\/v2\/users\/3"}],"replies":[{"embeddable":true,"href":"https:\/\/redsemlac.com\/semmexico\/wp-json\/wp\/v2\/comments?post=43887"}],"version-history":[{"count":0,"href":"https:\/\/redsemlac.com\/semmexico\/wp-json\/wp\/v2\/posts\/43887\/revisions"}],"wp:featuredmedia":[{"embeddable":true,"href":"https:\/\/redsemlac.com\/semmexico\/wp-json\/wp\/v2\/media\/43889"}],"wp:attachment":[{"href":"https:\/\/redsemlac.com\/semmexico\/wp-json\/wp\/v2\/media?parent=43887"}],"wp:term":[{"taxonomy":"category","embeddable":true,"href":"https:\/\/redsemlac.com\/semmexico\/wp-json\/wp\/v2\/categories?post=43887"},{"taxonomy":"post_tag","embeddable":true,"href":"https:\/\/redsemlac.com\/semmexico\/wp-json\/wp\/v2\/tags?post=43887"}],"curies":[{"name":"wp","href":"https:\/\/api.w.org\/{rel}","templated":true}]}}