{"id":4385,"date":"2019-02-19T22:49:19","date_gmt":"2019-02-19T22:49:19","guid":{"rendered":"https:\/\/redsemlac.com\/semmexico\/?p=4385"},"modified":"2023-07-21T14:47:08","modified_gmt":"2023-07-21T19:47:08","slug":"la-ostentacion-lamborghini","status":"publish","type":"post","link":"https:\/\/redsemlac.com\/semmexico\/la-ostentacion-lamborghini\/","title":{"rendered":"La ostentaci\u00f3n Lamborghini"},"content":{"rendered":"\n<p class=\"wp-block-paragraph\">\u00bfQu\u00e9 lleva a alguien a buscar un veh\u00edculo que logre llamar tanto la atenci\u00f3n?<\/p>\n\n\n\n<h5 class=\"wp-block-heading\"> El \u00e9xito social, relacionado al \u00e9xito econ\u00f3mico, es una obligaci\u00f3n masculina.<\/h5>\n\n\n\n<p class=\"wp-block-paragraph\"><a href=\"https:\/\/semmexico.com\/gallery-post.php?id=7272#\">Drina Ergueta<\/a><\/p>\n\n\n\n<p class=\"wp-block-paragraph\">SemM\u00e9xico. La Paz-Bolivia. 19 de febrero de 2019. Si quien se compr\u00f3 un coche Lamborghini (as\u00ed sea de segunda mano) buscaba dar que hablar, lo ha logrado; sin embargo, \u00bfQu\u00e9 lleva a alguien a buscar un veh\u00edculo que logre llamar tanto la atenci\u00f3n?<\/p>\n\n\n\n<p class=\"wp-block-paragraph\">Bolivia es uno de los pa\u00edses con alto un \u00edndice de pobreza, pese a que en los \u00faltimos a\u00f1os se ha reducido, y tiene una poblaci\u00f3n peque\u00f1a, de s\u00f3lo 10 millones de habitantes, con una tambi\u00e9n limitada burgues\u00eda ostentosa que circula con cierto tipo de veh\u00edculos. Hace pocas semanas ingres\u00f3 por Aduana un coche Lamborghini, valorado en 260 mil d\u00f3lares, y este hecho fue usado como parte del inicio de la campa\u00f1a pol\u00edtica de este a\u00f1o electoral. Se especul\u00f3 por las redes sociales que el propietario era de un dirigente productor de coca af\u00edn al actual gobierno y tambi\u00e9n de un pol\u00edtico empresario contrario a Evo Morales.<\/p>\n\n\n\n<p class=\"wp-block-paragraph\">Finalmente se supo quien import\u00f3 el veh\u00edculo es un empresario y hoy se busca saber su relaci\u00f3n con el gobierno, cosa que no ser\u00eda extra\u00f1a en un pa\u00eds donde el Estado es el principal contratador de obras y servicios. En fin, un tema que desde su uso pol\u00edtico parece absurdo; sin embargo, sirve para analizar otros aspectos.<\/p>\n\n\n\n<p class=\"wp-block-paragraph\">La ostentaci\u00f3n de bienes no es algo natural, es un comportamiento aprendido, social. La antropolog\u00eda muestra que existieron (tal vez a\u00fan existan) sociedades en las que la acumulaci\u00f3n y su exhibici\u00f3n son contrarias a su cultura e identidad, como los gondos muria en la India que se toparon de manera conflictiva con el consumismo capitalista; y sociedades en que se consideraba que \u201clo bueno\u201d es limitado y por ello nadie pod\u00eda tener m\u00e1s que el resto, como con los tzintzuntze\u00f1os en M\u00e9xico. Sociedades en las que su estabilidad social requer\u00eda sancionar socialmente las asimetr\u00edas.<\/p>\n\n\n\n<p class=\"wp-block-paragraph\">Los europeos llevaron a Latinoam\u00e9rica su aprecio al ostento, aunque en la Am\u00e9rica originaria tambi\u00e9n hubo pueblos en los que el prestigio lo daban ciertos bienes, as\u00ed como otros m\u00e1s igualitarios en los que las diferencias eran consideradas parte del origen del mal.<\/p>\n\n\n\n<p class=\"wp-block-paragraph\">Actualmente, la sociedad capitalista impulsa la ostentaci\u00f3n, especialmente en quien aspira a ser visto en una posici\u00f3n social relevante y esto, adem\u00e1s, se cruza con el patriarcado ya que a los hombres y no as\u00ed a las mujeres se les asigna un rol, un mandato que cumplir, y que tiene que ver con ser exitoso.<\/p>\n\n\n\n<p class=\"wp-block-paragraph\">El \u00e9xito social, relacionado al \u00e9xito econ\u00f3mico, es una obligaci\u00f3n masculina y este \u00e9xito se refleja en elementos materiales que le distinguen de quien no los posee. As\u00ed, esa masculinidad exitosa se refleja en un reloj, en equipos tecnol\u00f3gicos, una casa, un yate, en un coche&#8230; Adem\u00e1s, debe evidenciarse en \u201csu\u201d mujer: un hombre de \u00e9xito debe tener a su lado a una mujer hermosa, con los par\u00e1metros sociales y raciales establecidos socialmente como ideales.<\/p>\n\n\n\n<p class=\"wp-block-paragraph\">Se dice que el coche es para los hombres una extensi\u00f3n de lo que desea sea su pene y hay una explicaci\u00f3n para ello. En nuestra sociedad machista con un tipo de masculinidad sobrevalorada, \u00e9sta finalmente se centra en el falo y es por ello que, tambi\u00e9n, en \u00e9l se valora el tama\u00f1o, la potencia y su aguante, entre otras cualidades que se asocian a un veh\u00edculo.<\/p>\n\n\n\n<p class=\"wp-block-paragraph\">Antes que el uso pol\u00edtico de una compra ostentosa, resulta m\u00e1s importante e interesante pensar o cuestionar las razones de una adquisici\u00f3n as\u00ed. Detr\u00e1s hay mucho m\u00e1s y ata\u00f1e a la sociedad, a su consumismo que ha vencido a alg\u00fan posible pasado m\u00e1s austero, a lo irracional y especialmente ofensivo de esa exhibici\u00f3n en un pa\u00eds pobre como Bolivia.<\/p>\n\n\n\n<p class=\"wp-block-paragraph\">Y lo que no se dice, no se ve porque est\u00e1 normalizado, que en una sociedad capitalista consumista est\u00e1 tambi\u00e9n entrelazado el machismo, donde las mujeres son consideradas como un producto, una adquisici\u00f3n, un objeto, porque junto a un coche tambi\u00e9n hay quien sue\u00f1a o busca tener o ser una mujer Lamborghini. Habr\u00eda que recuperar o adoptar esas pr\u00e1cticas de pueblos que sancionaban socialmente la ostentaci\u00f3n y la desigualdad.<\/p>\n","protected":false},"excerpt":{"rendered":"<p>\u00bfQu\u00e9 lleva a alguien a buscar un veh\u00edculo que logre llamar tanto la atenci\u00f3n? El \u00e9xito social, relacionado al \u00e9xito econ\u00f3mico, es una obligaci\u00f3n masculina. Drina Ergueta SemM\u00e9xico. La Paz-Bolivia. 19 de febrero de 2019. Si quien se compr\u00f3 un coche Lamborghini (as\u00ed sea de segunda mano) buscaba dar que hablar, lo ha logrado; sin [&hellip;]<\/p>\n","protected":false},"author":3,"featured_media":4382,"comment_status":"open","ping_status":"open","sticky":false,"template":"","format":"standard","meta":{"_monsterinsights_skip_tracking":false,"footnotes":""},"categories":[690,77,102],"tags":[],"class_list":["post-4385","post","type-post","status-publish","format-standard","has-post-thumbnail","category-690","category-drina-ergueta","category-textura-violeta"],"_links":{"self":[{"href":"https:\/\/redsemlac.com\/semmexico\/wp-json\/wp\/v2\/posts\/4385","targetHints":{"allow":["GET"]}}],"collection":[{"href":"https:\/\/redsemlac.com\/semmexico\/wp-json\/wp\/v2\/posts"}],"about":[{"href":"https:\/\/redsemlac.com\/semmexico\/wp-json\/wp\/v2\/types\/post"}],"author":[{"embeddable":true,"href":"https:\/\/redsemlac.com\/semmexico\/wp-json\/wp\/v2\/users\/3"}],"replies":[{"embeddable":true,"href":"https:\/\/redsemlac.com\/semmexico\/wp-json\/wp\/v2\/comments?post=4385"}],"version-history":[{"count":0,"href":"https:\/\/redsemlac.com\/semmexico\/wp-json\/wp\/v2\/posts\/4385\/revisions"}],"wp:featuredmedia":[{"embeddable":true,"href":"https:\/\/redsemlac.com\/semmexico\/wp-json\/wp\/v2\/media\/4382"}],"wp:attachment":[{"href":"https:\/\/redsemlac.com\/semmexico\/wp-json\/wp\/v2\/media?parent=4385"}],"wp:term":[{"taxonomy":"category","embeddable":true,"href":"https:\/\/redsemlac.com\/semmexico\/wp-json\/wp\/v2\/categories?post=4385"},{"taxonomy":"post_tag","embeddable":true,"href":"https:\/\/redsemlac.com\/semmexico\/wp-json\/wp\/v2\/tags?post=4385"}],"curies":[{"name":"wp","href":"https:\/\/api.w.org\/{rel}","templated":true}]}}