{"id":43840,"date":"2022-01-04T13:47:38","date_gmt":"2022-01-04T19:47:38","guid":{"rendered":"https:\/\/redsemlac.com\/semmexico\/?p=43840"},"modified":"2023-07-21T18:56:27","modified_gmt":"2023-07-21T23:56:27","slug":"macromachismos-la-hija-oscura","status":"publish","type":"post","link":"https:\/\/redsemlac.com\/semmexico\/macromachismos-la-hija-oscura\/","title":{"rendered":"MACROMACHISMOS| La hija oscura"},"content":{"rendered":"\n<p class=\"wp-block-paragraph\">Lorena Piedad<br>SemM\u00e9xico, Pachuca, Hidalgo, 4 de enero, 2022.- Ya comenz\u00f3 2022 y Sara Lovera me ha convencido de continuar con esta columna en donde tratamos de poner sobre la mesa cu\u00e1les son las pr\u00e1cticas machistas que el tiempo ha permitido que sean normalizadas, que sean parte de la vida cotidiana y que algunos piensen que exageramos cuando las exhibimos. Algunas veces tengo la sensaci\u00f3n de que es una p\u00e9rdida de tiempo escribir si nadie (o pocas personas) leen los Macromachismos, as\u00ed que a ti que me lees: Gracias.<br>Mi gratitud tambi\u00e9n para Guadalupe, mi feminista favorita y la mujer que me ense\u00f1\u00f3 a cuestionar mi lugar en el mundo desde que me trajo a \u00e9l, que me lee y escucha a donde quiera que vaya. A Mariel por decirme que no dejara de escribir la columna porque estos textos la han ayudado a mirar todo desde otra perspectiva. \u00a1Gracias!<br>En esta primera columna del a\u00f1o escribimos sobre la maternidad desde el concepto construido por la sociedad como un sin\u00f3nimo de abnegaci\u00f3n, de resistencia f\u00edsica, mental y espiritual, de amor incondicional hacia otros seres humanos, un sin\u00f3nimo de desplazar tus sue\u00f1os para dar lugar al cumplimiento de los deseos de los hijos, de las hijas en cualquier etapa de sus vidas. Dejar de ser mujer para convertirse en madre\u2026<br>\u201cNo, yo amo a mis hijos\u201d, \u201cyo no me arrepiento de tenerlos\u201d, \u201ca m\u00ed no me ha importado dejar mis sue\u00f1os por estar con ellos\u201d, \u201cson lo mejor de mi vida\u201d. Tranquilas. Les creo y nadie juzga sus motivos ni su amor de madres, pero \u00bfcu\u00e1ntas veces se han sentido fastidiadas, agotadas, desgastadas en esta tarea de la maternidad? \u00bfCon cu\u00e1nta confianza pueden desahogarse con alguien sobre ello sin temor a ser se\u00f1aladas como malas madres?<br>Y no, no tengo hijos, no tengo hijas y quiz\u00e1 no tendr\u00eda derecho a escribir sobre el tema, pero tengo amigas, primas, hermana, madre, abuela en las que muchas veces he encontrado en su mirada cansancio y eso no significa que no exista amor, solo me pregunto, \u00bfpor qu\u00e9 es tan dif\u00edcil en esta sociedad que una madre exprese su tedio ante la maternidad?<br>Aqu\u00ed es donde quiero contarles sobre la pel\u00edcula La hija oscura (The lost daughter) que se estren\u00f3 en Netflix el \u00faltimo d\u00eda del 2021 y que ha generado olas de controversia por su forma de narrar la maternidad.<br>Es una pel\u00edcula inc\u00f3moda porque es una historia que nos describe esta compleja tarea desde la perspectiva de una mujer y no desde la simple (y estereotipada) mirada de madre amorosa que exige esta sociedad.<br>Se trata de una adaptaci\u00f3n de la novela &#8216;La figlia oscura&#8217; (La hija oscura) de la escritora italiana Elena Ferrante, que merecer\u00eda un texto aparte porque su identidad es un misterio que nadie ha descifrado, ya que su nombre es solo un seud\u00f3nimo de una escritora de la que no existe informaci\u00f3n, pero que ha tenido \u00e9xitos literarios en Italia que ya fueron traducidos a diversos idiomas.<br>Entonces Maggie Gyllenhaal (a quien vimos como Giselle Levy en La sonrisa de Mona Lisa o como Lisa Spinelli en La maestra de k\u00ednder) retoma la historia de Ferrante para convertirla en su debut como directora y crear un filme que cuestiona la forma social de ver a las madres y cuestiona al p\u00fablico que frente a la pantalla observa c\u00f3mo una mujer joven se aleja de sus hijas sin voltear atr\u00e1s pese a las s\u00faplicas. \u00bfQu\u00e9 pensamos de esto? \u00bfQu\u00e9 es una p\u00e9sima madre? \u00bfQu\u00e9 con los a\u00f1os pag\u00f3 con culpa? Quiz\u00e1 eso es lo que quiero destacar de esta pel\u00edcula, la forma en la que nos incomoda.<br>No quiero ser ahondar en detalles por si no la han visto ojal\u00e1 se tomen un tiempo frente a la pantalla para analizar la interpretaci\u00f3n de Olivia Colman como Leda, una acad\u00e9mica de 48 a\u00f1os que es una eminencia en literatura que en su juventud tuvo necesidad profesional y personal de buscar algo m\u00e1s para su vida pese al amor que siente por sus hijas que es profundo y verdadero.<br>La juventud de Leda (interpretada por Jessie Buckley) nos describe un panorama con el que muchas madres (si no es que todas) pueden identificarse: el desgaste diario de la crianza. La grieta surge cuando nos muestra que el amor propio es mayor al que le tiene a sus hijas. \u00bfQu\u00e9? \u00bfC\u00f3mo que una madre se ama m\u00e1s que a sus hijos? \u00bfEs posible sin que nazca la culpa con el paso de los a\u00f1os?<br>Quienes tengan hijos, hijas resp\u00f3ndanse esas preguntas.<br>Leda es un personaje que nos lleva por los bordes m\u00e1s oscuros de la maternidad. Vean La hija oscura, disponible en Netflix.<br>Deseo de 2022. Le\u00ed en redes sociales lo siguiente y comparto con ustedes: que logremos entender que estamos en constante cambio y crecimiento, es normal cuestionarnos hoy lo que antes cre\u00edamos (y defend\u00edamos) como nuestra \u00fanica verdad. Que este a\u00f1o podamos abandonar viejas ideas machistas y revolucionemos nuestras mentes sin temor a ser juzgadas.<\/p>\n\n\n","protected":false},"excerpt":{"rendered":"<p>Lorena PiedadSemM\u00e9xico, Pachuca, Hidalgo, 4 de enero, 2022.- Ya comenz\u00f3 2022 y Sara Lovera me ha convencido de continuar con esta columna en donde tratamos de poner sobre la mesa cu\u00e1les son las pr\u00e1cticas machistas que el tiempo ha permitido que sean normalizadas, que sean parte de la vida cotidiana y que algunos piensen que [&hellip;]<\/p>\n","protected":false},"author":3,"featured_media":41373,"comment_status":"open","ping_status":"open","sticky":false,"template":"","format":"standard","meta":{"_monsterinsights_skip_tracking":false,"footnotes":""},"categories":[693,625,624,35],"tags":[],"class_list":["post-43840","post","type-post","status-publish","format-standard","has-post-thumbnail","category-693","category-lorena-piedad","category-macromachismos","category-opinion"],"_links":{"self":[{"href":"https:\/\/redsemlac.com\/semmexico\/wp-json\/wp\/v2\/posts\/43840","targetHints":{"allow":["GET"]}}],"collection":[{"href":"https:\/\/redsemlac.com\/semmexico\/wp-json\/wp\/v2\/posts"}],"about":[{"href":"https:\/\/redsemlac.com\/semmexico\/wp-json\/wp\/v2\/types\/post"}],"author":[{"embeddable":true,"href":"https:\/\/redsemlac.com\/semmexico\/wp-json\/wp\/v2\/users\/3"}],"replies":[{"embeddable":true,"href":"https:\/\/redsemlac.com\/semmexico\/wp-json\/wp\/v2\/comments?post=43840"}],"version-history":[{"count":0,"href":"https:\/\/redsemlac.com\/semmexico\/wp-json\/wp\/v2\/posts\/43840\/revisions"}],"wp:featuredmedia":[{"embeddable":true,"href":"https:\/\/redsemlac.com\/semmexico\/wp-json\/wp\/v2\/media\/41373"}],"wp:attachment":[{"href":"https:\/\/redsemlac.com\/semmexico\/wp-json\/wp\/v2\/media?parent=43840"}],"wp:term":[{"taxonomy":"category","embeddable":true,"href":"https:\/\/redsemlac.com\/semmexico\/wp-json\/wp\/v2\/categories?post=43840"},{"taxonomy":"post_tag","embeddable":true,"href":"https:\/\/redsemlac.com\/semmexico\/wp-json\/wp\/v2\/tags?post=43840"}],"curies":[{"name":"wp","href":"https:\/\/api.w.org\/{rel}","templated":true}]}}