{"id":43837,"date":"2022-01-03T19:11:07","date_gmt":"2022-01-04T01:11:07","guid":{"rendered":"https:\/\/redsemlac.com\/semmexico\/?p=43837"},"modified":"2023-07-21T18:56:27","modified_gmt":"2023-07-21T23:56:27","slug":"reprueban-desaparicion-del-indesol-y-su-transformacion-en-una-direccion-general","status":"publish","type":"post","link":"https:\/\/redsemlac.com\/semmexico\/reprueban-desaparicion-del-indesol-y-su-transformacion-en-una-direccion-general\/","title":{"rendered":"Reprueban desaparici\u00f3n del Indesol y su transformaci\u00f3n en una direcci\u00f3n general"},"content":{"rendered":"\n<ul class=\"wp-block-list\"><li><strong>Decreto del presidente L\u00f3pez Obrador publicado el \u00faltimo d\u00eda del a\u00f1o<\/strong><\/li><li><strong>Decisi\u00f3n autoritaria, p\u00e9rdida de autonom\u00eda y desmantelamiento de instituciones: entre las opiniones para SemM\u00e9xico<\/strong><\/li><\/ul>\n\n\n\n<p class=\"wp-block-paragraph\">Guadalupe L\u00f3pez Garc\u00eda<\/p>\n\n\n\n<p class=\"wp-block-paragraph\">SemM\u00e9xico, Ciudad de M\u00e9xico, 3 de enero de 2022.- Activistas feministas y especialistas en materia de derechos humanos de las mujeres reprobaron la desaparici\u00f3n del Instituto Nacional de Desarrollo Social (Indesol) y su transformaci\u00f3n en una direcci\u00f3n general, con el decreto del presidente Andr\u00e9s Manuel L\u00f3pez Obrador por el que se reforman, adicionan y derogan diversas disposiciones del Reglamento Interior de la Secretar\u00eda de Bienestar, publicado en el Diario Oficial de la Federaci\u00f3n (DOF) este 31 de diciembre de 2021.<\/p>\n\n\n\n<p class=\"wp-block-paragraph\">La desaparici\u00f3n del Indesol se da en el marco de la pol\u00edtica del gobierno federal de no reconocer el trabajo de las organizaciones de la sociedad civil (OSC). Su generalizaci\u00f3n de que hay corrupci\u00f3n en todos lados: las universidades, los grupos de cient\u00edficas y cient\u00edficos, las organizaciones sociales, los organismos aut\u00f3nomos, es el pretexto para desmantelar a los grupos que le generan ruido a L\u00f3pez Obrador, se\u00f1al\u00f3 Lourdes Garc\u00eda Acevedo, integrante de la coordinaci\u00f3n del Frente Feminista Nacional (FFN).<\/p>\n\n\n\n<p class=\"wp-block-paragraph\">Para la maestra en Sociolog\u00eda y especialista en Estudios de la Mujer, esa decisi\u00f3n es un rasgo claro de autoritarismo, pensamiento y actuaci\u00f3n antidemocr\u00e1tica. No hay escucha ni negociaci\u00f3n posible, recalc\u00f3 para SemM\u00e9xico.<\/p>\n\n\n\n<p class=\"wp-block-paragraph\">Nahela Becerril, directora de Espiral, AC, apunt\u00f3 que esta medida tiene dos aristas muy graves: una, la subordinaci\u00f3n de instituciones con autonom\u00eda de trabajo, so pretexto de \u201cahorrar recursos\u201d; otra, es un golpe directo a las organizaciones civiles que realizan trabajo directo con poblaciones del campo y la cuidad, acompa\u00f1amiento a mujeres, defensoras\/es del medio ambiente, entre muchos otros temas y acciones que el gobierno no realiza, y que desaparecer\u00e1n por falta de recursos.<\/p>\n\n\n\n<p class=\"wp-block-paragraph\">Agreg\u00f3 que este desmantelamiento de las instituciones fortalece las pol\u00edticas de dependencia de grupos de poblaci\u00f3n a los apoyos en \u00abefectivo\u00bb y tambi\u00e9n el clientelismo extremo.<\/p>\n\n\n\n<p class=\"wp-block-paragraph\">Martha Teresa Gonz\u00e1lez Renter\u00eda, coordinadora del Centro de Atenci\u00f3n a la Mujer Trabajadora de Chihuahua, AC, indic\u00f3 que el Indesol era el gran aliado de las organizaciones, en coinversi\u00f3n. \u201cA trav\u00e9s de las convocatorias, incid\u00edamos en diversos temas, frente a una realidad desamparada, y que, por m\u00e1s intentos, el gobierno no ha podido ni puede ni podr\u00e1 transformar\u201d.<\/p>\n\n\n\n<p class=\"wp-block-paragraph\">Sara Rom\u00e1n, integrante del FFN, coment\u00f3 que esa medida es la cr\u00f3nica de una muerte anunciada; es decir, el Indesol fallece, cuando en lugar de restructurarse para el otorgamiento de apoyos a coinversi\u00f3n, para que realmente llegaran a las OSC, resulta que se le proh\u00edbe otorgar recursos. Para eso fue creado.<\/p>\n\n\n\n<p class=\"wp-block-paragraph\">Cynthia Casarrubias, de Familias, Mujeres y Derechos Humamos, IAP, organizaci\u00f3n de Quer\u00e9taro, se\u00f1al\u00f3 que la desaparici\u00f3n, o madruguete, del Indesol desprecia la construcci\u00f3n de un estado democr\u00e1tico, progresista y con perspectiva de g\u00e9nero.<\/p>\n\n\n\n<p class=\"wp-block-paragraph\">En 1992, durante la gesti\u00f3n del presidente Carlos Salinas de Gortari, se cre\u00f3 el Instituto Nacional de Solidaridad, utilizando la palabra insigne de su gobierno: solidaridad. Despu\u00e9s, su nombre cambi\u00f3 a Instituto Nacional de Desarrollo Social, como organismos desconcentrado de la Secretar\u00eda de Desarrollo Social, dependencia convertida en este sexenio en Secretar\u00eda de Bienestar; esta \u00faltima, palabra simb\u00f3lica del gobierno de L\u00f3pez Obrador.<\/p>\n\n\n\n<p class=\"wp-block-paragraph\">A 29 a\u00f1os, el organismo desconcentrado desaparece y se crea la Direcci\u00f3n General para el Bienestar y la Cohesi\u00f3n Social. Aunque conserva varias de las atribuciones del desaparecido Indesol, la terminolog\u00eda cambi\u00f3. Por ejemplo, el concepto \u201cperspectiva de g\u00e9nero\u201d se elimin\u00f3 y se incluy\u00f3 el de \u201cperspectiva de cultura de la paz y cohesi\u00f3n social\u201d.<\/p>\n\n\n\n<p class=\"wp-block-paragraph\">De acuerdo con su p\u00e1gina web, que a\u00fan est\u00e1 abierta, el Indesol ten\u00eda como visi\u00f3n \u201cSer la instancia que promueva y fomente el desarrollo de los actores sociales, la participaci\u00f3n ciudadana y la organizaci\u00f3n de la sociedad civil y su vinculaci\u00f3n con las dependencias gubernamentales, con el fin de lograr un M\u00e9xico en paz e incluyente, en el marco de la gobernabilidad democr\u00e1tica, desde una perspectiva de desarrollo integral, pleno respeto a los derechos humanos e igualdad de g\u00e9nero\u201d.<\/p>\n\n\n\n<p class=\"wp-block-paragraph\">Su misi\u00f3n era la de \u201cFomentar la participaci\u00f3n ciudadana y la organizaci\u00f3n social y comunitaria a trav\u00e9s de la capacitaci\u00f3n, el intercambio de experiencias y la articulaci\u00f3n a nivel regional y tem\u00e1tico entre los diversos actores sociales con el apoyo de recursos f\u00edsicos, materiales, financieros y humanos para generar sinergias que propicien mayores v\u00ednculos y lazos sociales a fin de avanzar en proyectos que incidan en el desarrollo social y productivo a trav\u00e9s de la interacci\u00f3n entre la sociedad civil organizada y las instancias gubernamentales para consolidar la cohesi\u00f3n social\u201d.<\/p>\n\n\n\n<p class=\"wp-block-paragraph\">En el art\u00edculo 28 bis del Reglamento de la Secretar\u00eda de Bienestar indica que la nueva direcci\u00f3n tiene como atribuci\u00f3n, entre otras, \u201cPromover, impulsar y coordinar acciones de capacitaci\u00f3n, formaci\u00f3n, asesor\u00eda, investigaci\u00f3n e&nbsp;informaci\u00f3n, dirigidas a la vinculaci\u00f3n y fortalecimiento de las capacidades institucionales de los&nbsp;gobiernos de las entidades federativas, municipios o demarcaciones territoriales de la Ciudad de&nbsp;M\u00e9xico, as\u00ed como de las organizaciones de la sociedad civil vinculadas a tareas de desarrollo social&nbsp;y disminuci\u00f3n de la pobreza\u201d.<\/p>\n\n\n\n<p class=\"wp-block-paragraph\">Asimismo, \u201cFomentar la participaci\u00f3n de grupos sociales vinculados a los programas y tareas de desarrollo social y de bienestar com\u00fan, as\u00ed como apoyar y consolidar su capacidad de gesti\u00f3n y respuesta, a trav\u00e9s del dise\u00f1o de acciones y estrategias de coordinaci\u00f3n entre los tres \u00f3rdenes de gobierno, especialmente en las regiones, zonas, municipios y comunidades del pa\u00eds con mayores rezagos y menor crecimiento, que requieran atenci\u00f3n inmediata o prioritaria\u201d.<\/p>\n\n\n\n<p class=\"wp-block-paragraph\">De igual forma: \u201cApoyar la intervenci\u00f3n de las organizaciones de la sociedad civil en las tareas de desarrollo social y bienestar com\u00fan, mediante la aplicaci\u00f3n de fondos institucionales y la promoci\u00f3n y realizaci\u00f3n de acciones de gesti\u00f3n, capacitaci\u00f3n y asesor\u00eda para el desarrollo de sus proyectos, as\u00ed como fomentar su participaci\u00f3n en el dise\u00f1o, ejecuci\u00f3n y evaluaci\u00f3n de la pol\u00edtica social, y su fortalecimiento organizativo e institucional\u201d.<\/p>\n\n\n\n<p class=\"wp-block-paragraph\">La direcci\u00f3n tendr\u00e1 la misma atribuci\u00f3n como la ten\u00eda como Indesol, de \u201cFungir como Secretar\u00eda T\u00e9cnica de la Comisi\u00f3n de Fomento a las Actividades de las Organizaciones de la Sociedad Civil\u201d.<\/p>\n\n\n\n<p class=\"wp-block-paragraph\">En redes sociales, la exdiputada federal Martha Tagle, se\u00f1alo en su cuenta de Tuiter que la desaparici\u00f3n del Indesol es la \u00faltima estocada a las organizaciones sociales. Ha sido, dijo, la instituci\u00f3n que por casi tres d\u00e9cadas estaba encargada de fortalecer y fomentar las acciones de la sociedad civil, as\u00ed como coordinar la relaci\u00f3n del Gobierno de M\u00e9xico con estas.<\/p>\n\n\n\n<p class=\"wp-block-paragraph\">A su vez, la Red Nacional de Refugios, AC, en su cuenta de Facebook, consider\u00f3 que el decreto por el que desaparece el Indesol es un grave retroceso en los derechos humanos y la democracia. Los sustentos dados para su permanencia no importaron, ignorando nuevamente poner en el centro los derechos, agreg\u00f3.<\/p>\n\n\n\n<p class=\"wp-block-paragraph\">SEM\/glg\/<\/p>\n","protected":false},"excerpt":{"rendered":"<p>Decreto del presidente L\u00f3pez Obrador publicado el \u00faltimo d\u00eda del a\u00f1o<\/p>\n","protected":false},"author":3,"featured_media":43838,"comment_status":"open","ping_status":"open","sticky":false,"template":"","format":"standard","meta":{"_monsterinsights_skip_tracking":false,"footnotes":""},"categories":[693,54],"tags":[149],"class_list":["post-43837","post","type-post","status-publish","format-standard","has-post-thumbnail","category-693","category-mujeres","tag-mujeres"],"_links":{"self":[{"href":"https:\/\/redsemlac.com\/semmexico\/wp-json\/wp\/v2\/posts\/43837","targetHints":{"allow":["GET"]}}],"collection":[{"href":"https:\/\/redsemlac.com\/semmexico\/wp-json\/wp\/v2\/posts"}],"about":[{"href":"https:\/\/redsemlac.com\/semmexico\/wp-json\/wp\/v2\/types\/post"}],"author":[{"embeddable":true,"href":"https:\/\/redsemlac.com\/semmexico\/wp-json\/wp\/v2\/users\/3"}],"replies":[{"embeddable":true,"href":"https:\/\/redsemlac.com\/semmexico\/wp-json\/wp\/v2\/comments?post=43837"}],"version-history":[{"count":0,"href":"https:\/\/redsemlac.com\/semmexico\/wp-json\/wp\/v2\/posts\/43837\/revisions"}],"wp:featuredmedia":[{"embeddable":true,"href":"https:\/\/redsemlac.com\/semmexico\/wp-json\/wp\/v2\/media\/43838"}],"wp:attachment":[{"href":"https:\/\/redsemlac.com\/semmexico\/wp-json\/wp\/v2\/media?parent=43837"}],"wp:term":[{"taxonomy":"category","embeddable":true,"href":"https:\/\/redsemlac.com\/semmexico\/wp-json\/wp\/v2\/categories?post=43837"},{"taxonomy":"post_tag","embeddable":true,"href":"https:\/\/redsemlac.com\/semmexico\/wp-json\/wp\/v2\/tags?post=43837"}],"curies":[{"name":"wp","href":"https:\/\/api.w.org\/{rel}","templated":true}]}}