{"id":43825,"date":"2022-01-03T18:02:27","date_gmt":"2022-01-04T00:02:27","guid":{"rendered":"https:\/\/redsemlac.com\/semmexico\/?p=43825"},"modified":"2023-07-21T18:56:28","modified_gmt":"2023-07-21T23:56:28","slug":"sin-presupuesto-gobierno-federal-publica-programa-integral-para-erradicar-violencia-contra-las-mujeres","status":"publish","type":"post","link":"https:\/\/redsemlac.com\/semmexico\/sin-presupuesto-gobierno-federal-publica-programa-integral-para-erradicar-violencia-contra-las-mujeres\/","title":{"rendered":"Sin presupuesto, gobierno federal publica programa integral para erradicar violencia contra las mujeres"},"content":{"rendered":"\n<ul class=\"wp-block-list\"><li>Aprobado en septiembre de 2019, fue detenido en Hacienda<\/li><li>A tres a\u00f1os de acciones aisladas, ser\u00e1 el \u201cmapa de ruta\u201d de la administraci\u00f3n de L\u00f3pez Obrador<\/li><\/ul>\n\n\n\n<p class=\"wp-block-paragraph\">Guadalupe L\u00f3pez Garc\u00eda<\/p>\n\n\n\n<p class=\"wp-block-paragraph\">SemM\u00e9xico, Ciudad de M\u00e9xico, 3 de enero de 2022.- El Decreto del presidente Andr\u00e9s Manuel L\u00f3pez Obrador por el que se aprueba el Programa Integral para Prevenir, Atender, Sancionar y Erradicar la Violencia contra las Mujeres (PIPASEVM) 2021-2024 fue publicado en el Diario Oficial de la Federaci\u00f3n (DOF) el 30 de diciembre de 2021, con el cual entra en vigencia, a m\u00e1s de tres a\u00f1os de haber iniciado la actual administraci\u00f3n p\u00fablica federal.<\/p>\n\n\n\n<p class=\"wp-block-paragraph\">De acuerdo con un comunicado de la Conavim, el Programa tiene el objetivo de fortalecer las acciones encabezadas por la Secretar\u00eda de Gobernaci\u00f3n, por medio de la Subsecretar\u00eda de Derechos Humanos, Poblaci\u00f3n y Migraci\u00f3n y la Conavim. Est\u00e1 integrado por cuatro objetivos prioritarios, 14 estrategias prioritarias y 112 acciones puntuales.<\/p>\n\n\n\n<p class=\"wp-block-paragraph\">El primer objetivo es disminuir las violencias contra las mujeres, mediante la implementaci\u00f3n de medidas preventivas de los factores de riesgo; el segundo: promover servicios de atenci\u00f3n integral especializada, con enfoque interseccional e intercultural para mujeres v\u00edctimas de violencia; el tercero: fomentar la procuraci\u00f3n e impartici\u00f3n de justicia con perspectiva de g\u00e9nero para asegurar la sanci\u00f3n, reparaci\u00f3n del da\u00f1o y la no repetici\u00f3n, con las instancias competentes a nivel nacional, y el cuarto: impulsar acciones de coordinaci\u00f3n que permitan institucionalizar en el Estado mexicano la erradicaci\u00f3n de la violencia contra las mujeres.<\/p>\n\n\n\n<p class=\"wp-block-paragraph\">En el Decreto se indica que es un programa especial derivado del Plan Nacional de Desarrollo 2019-2024, pero se trata del componente central \u2014junto con el Sistema Nacional (coordinaci\u00f3n institucional)\u2014 de la pol\u00edtica nacional integral desde la perspectiva de g\u00e9nero para prevenir, atender, sancionar y erradicar la violencia contra las mujeres, establecida en la Ley General de Acceso de las Mujeres a una Vida Libre de Violencia (LGAMVLV), que deben aplicar los gobiernos, federal, estatales y municipales, una vez que entren en funciones.<\/p>\n\n\n\n<p class=\"wp-block-paragraph\">Pese a que en el art\u00edculo 39 de la ley establece que el \u201cEjecutivo Federal propondr\u00e1 en el Proyecto de Presupuesto de Egresos de la Federaci\u00f3n asignar una partida presupuestaria para garantizar el cumplimiento de los objetivos del Sistema y del Programa\u201d, al igual que sucedi\u00f3 con el Programa Nacional para la Igualdad entre Mujeres y Hombres (Proigualdad) 2020 2024, los recursos para las acciones ser\u00e1n asumidos por las dependencias responsables y operativas.<\/p>\n\n\n\n<p class=\"wp-block-paragraph\">El PIPASEVM, publicado en el DOF, indica que ser\u00e1 \u201cel mapa de ruta para que el Estado mexicano cumpla con su obligaci\u00f3n de&nbsp;erradicarlas, haga realidad el principio del PND&nbsp;\u2018ofrecer a los ciudadanos las condiciones adecuadas para que&nbsp;puedan vivir con dignidad y seguridad\u2019&nbsp;y as\u00ed contribuir a la construcci\u00f3n de una sociedad en donde las&nbsp;relaciones igualitarias sean una realidad, porque las mujeres merecen y tienen derecho a vivir una vida libre&nbsp;de violencia y tienen derecho a ser felices\u201d.<\/p>\n\n\n\n<p class=\"wp-block-paragraph\">No obstante, este documento gu\u00eda se emiti\u00f3 a 37 meses despu\u00e9s de haber iniciado la gesti\u00f3n de L\u00f3pez Obrador, un retraso mayor que el de las administraciones anteriores (el gobierno de Enrique Pe\u00f1a Nieto lo public\u00f3 a 16 meses de que asumi\u00f3 la presidencia de la rep\u00fablica). La misma situaci\u00f3n ocurri\u00f3 con el Proigualdad 2020-2024, el cual tambi\u00e9n se defini\u00f3 como el \u201cmapa de ruta\u201d para la pol\u00edtica de igualdad, pero se public\u00f3 en el DOF hasta el 22 de diciembre de 2020, con dos a\u00f1os de retraso en el cumplimiento de la Ley General para la Igualdad entre Mujeres y Hombres (LGIMH).<\/p>\n\n\n\n<p class=\"wp-block-paragraph\">En un comunicado del 18 de septiembre de 2019, la Conavim hab\u00eda informado que el PIPASEVM 2019-2024 fue aprobado en lo general por el Sistema Nacional de Prevenci\u00f3n, Atenci\u00f3n, Sanci\u00f3n y Erradicaci\u00f3n de la Violencia contra las Mujeres, durante su XVIII sesi\u00f3n extraordinaria. La titular de la Conavim y vicepresidenta del Sistema (cargo inexistente en el reglamento del Sistema \u2014anteriores y vigente\u2014) en ese entonces, Candelaria Ochoa \u00c1valos, indic\u00f3 que, para la elaboraci\u00f3n del Programa, se hab\u00edan efectuado entre el 16 de agosto y el 9 de septiembre de ese a\u00f1o cuatro foros regionales de consulta en Oaxaca, Colima, Sinaloa y Naucalpan (Estado de M\u00e9xico).<\/p>\n\n\n\n<p class=\"wp-block-paragraph\">La anterior secretaria de Gobernaci\u00f3n, Olga S\u00e1nchez Cordero, hab\u00eda expuesto que en el PIPASEVM \u201cplanteamos una coordinaci\u00f3n focalizada y centralizada entre las instituciones, en estrecha colaboraci\u00f3n con la sociedad civil y con organismos internacionales. Reconocemos su importancia y su contribuci\u00f3n para dar respuestas que tengan impacto en la vida de las mujeres\u201d.<\/p>\n\n\n\n<p class=\"wp-block-paragraph\">Sin embargo, en sus primeros tres a\u00f1os, la administraci\u00f3n del gobierno federal ha efectuado diversas acciones paralelas a lo que marca la Ley en la materia, sin indicadores precisos ni metas a mediano ni a largo plazo, las cuales no fueron mencionadas en el PIPASEVM publicado, como el Plan Emergente para Garantizar la integridad, la Seguridad y la vida de las Mujeres y las ni\u00f1as en M\u00e9xico, anunciado en marzo de 2019; la Estrategia Nacional de Protecci\u00f3n Integral para las Mujeres, las Ni\u00f1as y las Adolescentes que viven Violencia, mencionada meses despu\u00e9s, o las acciones aplicadas por dependencias federales y gobiernos estatales como la Estrategia Puerta Violeta.<\/p>\n\n\n\n<p class=\"wp-block-paragraph\">En cuanto al Sistema Nacional, si bien la Conavim ha reportado sus sesiones ordinarias y extraordinarias, durante la gesti\u00f3n de S\u00e1nchez Cordero se cre\u00f3 otra coordinaci\u00f3n institucional no prevista en la LGAMVLV: el Grupo Interinstitucional de Estrategia contra las Violencias (GIEV), el cual fue cambiado varias veces de nombre, sesionaba y daba informes mensualmente y era presidido por la misma titular de la Secretar\u00eda de Gobernaci\u00f3n. Despu\u00e9s de que S\u00e1nchez Cordero se incorpor\u00f3 al Senado, se desconoce si sigue funcionando.<\/p>\n\n\n\n<p class=\"wp-block-paragraph\">En diversas actividades virtuales en las que participaba la titular actual de la Conavim, Fabiola Alan\u00eds S\u00e1mano, esta reportera le preguntaba por qu\u00e9 el PIPASEVM no se hab\u00eda publicado. En diciembre de 2020 contest\u00f3 que estaban haciendo \u201cmuchas cosas\u201d para que eso sucediera. Que la publicaci\u00f3n del Proigualdad estaba a un paso y que el PIPASEVM estaba a tres. Otra respuesta fue que estaba detenido en la Secretar\u00eda de Hacienda y Cr\u00e9dito P\u00fablico.<\/p>\n\n\n\n<p class=\"wp-block-paragraph\">El PIPASEVM publicado no explica c\u00f3mo se atender\u00e1 el retraso de su vigencia ni c\u00f3mo se vincular\u00e1n las acciones que ya se efectuaban para dar seguimiento puntual. Tampoco hay menci\u00f3n de la Alerta de Violencia de G\u00e9nero contra las Mujeres, declaradas en diversos municipios del pa\u00eds, ni del Modelo Integral de Prevenci\u00f3n Primaria de Violencias contra las Mujeres, publicado por el Instituto Nacional de las Mujeres (Inmujeres) en noviembre de 2021.<\/p>\n\n\n\n<p class=\"wp-block-paragraph\">Las estrategias prioritarias del Programa para el objetivo 1 son a) promover acciones de prevenci\u00f3n con el fin de modificar en la sociedad conductas estereotipadas que fomentan y toleran la violencia contra las mujeres y ni\u00f1as, b) impulsar acciones en los procesos educativos para contribuir a erradicar los actos de violencia, c) impulsar acciones en los centros de trabajo que contribuyan a erradicar la violencia contra las mujeres, d) establecer acciones de prevenci\u00f3n de la violencia en el \u00e1mbito comunitario para generar espacios p\u00fablicos seguros para las mujeres, e) impulsar acciones focalizadas a mujeres en situaci\u00f3n de riesgo para prevenir la violencia en su contra.<\/p>\n\n\n\n<p class=\"wp-block-paragraph\">Para el objetivo 2: a) reforzar la oferta de servicios de atenci\u00f3n a mujeres y ni\u00f1as y, en su caso, a sus hijos e hijas, para disminuir el impacto de la violencia en sus proyectos de vida, b) desarrollar un enfoque interseccional e intercultural en todos los servicios y niveles de atenci\u00f3n para erradicar las pr\u00e1cticas discriminatorias hac\u00eda mujeres que viven violencia, c) fortalecer los servicios de los Centros de Justicia para Mujeres a trav\u00e9s de la atenci\u00f3n integral, especializada y multidisciplinaria.<\/p>\n\n\n\n<p class=\"wp-block-paragraph\">Del objetivo 3: a) fortalecer los mecanismos de coordinaci\u00f3n entre el sistema de procuraci\u00f3n, administraci\u00f3n de justicia y defensor\u00eda p\u00fablica en la atenci\u00f3n a las violencias, b) coadyuvar a garantizar la vigencia de los derechos humanos de las ni\u00f1as y mujeres v\u00edctimas de violencia de g\u00e9nero en los procedimientos de las investigaciones ministeriales y acceso a apoyos de fondos estatales de reparaci\u00f3n del da\u00f1o, c) establecer acciones de coordinaci\u00f3n con el poder judicial para garantizar el acceso a la justicia a las de las mujeres.<\/p>\n\n\n\n<p class=\"wp-block-paragraph\">Del objetivo 4: a) promover reformas del marco normativo que garanticen los derechos de las mujeres y ni\u00f1as, b) generar informaci\u00f3n estad\u00edstica que permita dise\u00f1ar pol\u00edticas para la erradicaci\u00f3n de las violencias contra las ni\u00f1as y mujeres, c) fortalecer la coordinaci\u00f3n a trav\u00e9s de mecanismos intersectoriales para lograr una interlocuci\u00f3n eficaz.<\/p>\n\n\n\n<p class=\"wp-block-paragraph\">SEM\/glg\/<\/p>\n","protected":false},"excerpt":{"rendered":"<p>Aprobado en septiembre de 2019, fue detenido en Hacienda<br \/>\nA tres a\u00f1os de acciones aisladas, ser\u00e1 el \u201cmapa de ruta\u201d de la administraci\u00f3n de L\u00f3pez Obrador<\/p>\n","protected":false},"author":3,"featured_media":42241,"comment_status":"open","ping_status":"open","sticky":false,"template":"","format":"standard","meta":{"_monsterinsights_skip_tracking":false,"footnotes":""},"categories":[693,51],"tags":[],"class_list":["post-43825","post","type-post","status-publish","format-standard","has-post-thumbnail","category-693","category-ejecutivo"],"_links":{"self":[{"href":"https:\/\/redsemlac.com\/semmexico\/wp-json\/wp\/v2\/posts\/43825","targetHints":{"allow":["GET"]}}],"collection":[{"href":"https:\/\/redsemlac.com\/semmexico\/wp-json\/wp\/v2\/posts"}],"about":[{"href":"https:\/\/redsemlac.com\/semmexico\/wp-json\/wp\/v2\/types\/post"}],"author":[{"embeddable":true,"href":"https:\/\/redsemlac.com\/semmexico\/wp-json\/wp\/v2\/users\/3"}],"replies":[{"embeddable":true,"href":"https:\/\/redsemlac.com\/semmexico\/wp-json\/wp\/v2\/comments?post=43825"}],"version-history":[{"count":0,"href":"https:\/\/redsemlac.com\/semmexico\/wp-json\/wp\/v2\/posts\/43825\/revisions"}],"wp:featuredmedia":[{"embeddable":true,"href":"https:\/\/redsemlac.com\/semmexico\/wp-json\/wp\/v2\/media\/42241"}],"wp:attachment":[{"href":"https:\/\/redsemlac.com\/semmexico\/wp-json\/wp\/v2\/media?parent=43825"}],"wp:term":[{"taxonomy":"category","embeddable":true,"href":"https:\/\/redsemlac.com\/semmexico\/wp-json\/wp\/v2\/categories?post=43825"},{"taxonomy":"post_tag","embeddable":true,"href":"https:\/\/redsemlac.com\/semmexico\/wp-json\/wp\/v2\/tags?post=43825"}],"curies":[{"name":"wp","href":"https:\/\/api.w.org\/{rel}","templated":true}]}}