{"id":43822,"date":"2022-01-03T18:00:35","date_gmt":"2022-01-04T00:00:35","guid":{"rendered":"https:\/\/redsemlac.com\/semmexico\/?p=43822"},"modified":"2023-07-21T18:56:28","modified_gmt":"2023-07-21T23:56:28","slug":"nace-escuela-de-las-mujeres-para-el-buen-gobierno-y-la-gestion-publica-municipal","status":"publish","type":"post","link":"https:\/\/redsemlac.com\/semmexico\/nace-escuela-de-las-mujeres-para-el-buen-gobierno-y-la-gestion-publica-municipal\/","title":{"rendered":"Nace Escuela de las Mujeres para el Buen Gobierno y la gesti\u00f3n p\u00fablica municipal"},"content":{"rendered":"\n<ul class=\"wp-block-list\"><li><strong>La organiza la Red para el Avance Pol\u00edtico de las Mujeres Guerrerenses<\/strong><\/li><li><strong>Ser\u00e1 gratuita y para municipios de esta entidad<\/strong><\/li><\/ul>\n\n\n\n<p class=\"wp-block-paragraph\"><strong>Redacci\u00f3n<\/strong><\/p>\n\n\n\n<p class=\"wp-block-paragraph\">SemM\u00e9xico, Chilpancingo, Guerrero, 3 de enero, 2022.- La Red para el Avance Pol\u00edtico de las Mujeres Guerrerenses, en alianza con Compromiso, Solidaridad y Ayuda Social, A.C. (INCLUYE), convoc\u00f3 a participar a la Escuela de las Mujeres para el Buen Gobierno y la Gesti\u00f3n P\u00fablica Municipal.<\/p>\n\n\n\n<p class=\"wp-block-paragraph\">Esta escuela busca impulsar la articulaci\u00f3n plural de las mujeres que ocupan espacios de toma de decisiones en el poder local, con mujeres que participan en las Organizaciones de la Sociedad Civil OSC y mujeres l\u00edderes locales, con la intenci\u00f3n de fortalecer la capacidad de incidencia de las mujeres en las pol\u00edticas p\u00fablicas y las agendas locales para la igualdad de g\u00e9nero.<\/p>\n\n\n\n<p class=\"wp-block-paragraph\">Tambi\u00e9n busca contribuir al fortalecimiento de capacidades y empoderamiento de las mujeres para el ejercicio del liderazgo y sus derechos pol\u00edticos para participar en espacios de toma de decisiones libres de violencia.<\/p>\n\n\n\n<p class=\"wp-block-paragraph\">Trabajar\u00e1 la generaci\u00f3n de Agendas Locales para la Igualdad entre Mujeres y Hombres, con perspectiva de g\u00e9nero e interseccional, con las participantes del proceso formativo, en alianza con redes de mujeres y organizaciones de la sociedad civil.<\/p>\n\n\n\n<p class=\"wp-block-paragraph\">Destaca que se trata de una estrategia para la construcci\u00f3n de los mecanismos de Incidencia Pol\u00edtica para impulsar las Agendas Locales para la Igualdad entre Mujeres y Hombres con autoridades federales, estatales y el poder legislativo.<\/p>\n\n\n\n<p class=\"wp-block-paragraph\">La Escuela tendr\u00e1 reuniones de manera presencial, en Acapulco. Est\u00e1 destinada a un primer grupo de m\u00e1ximo 50 participantes. Este grupo estar\u00e1 integrado por mujeres autoridades electas, mujeres l\u00edderes comunitarias de gobiernos municipales aut\u00f3nomos, mujeres l\u00edderes locales de los partidos pol\u00edticos y l\u00edderes de OSC, activistas y defensoras locales de los derechos humanos de las mujeres.<\/p>\n\n\n\n<p class=\"wp-block-paragraph\">Se dar\u00e1 prioridad a mujeres de los municipios de Acapulco de Ju\u00e1rez, Ayutla de los Libres, Coyuca de Ben\u00edtez, Benito Ju\u00e1rez, Atoyac de \u00c1lvarez T\u00e9cpan de Galeana, Florencio Villarreal, Chilpancingo de los Bravo, San Marcos, Marquelia, Tierra Colorada y Ometepec.<\/p>\n\n\n\n<p class=\"wp-block-paragraph\">La escuela\/capacitaci\u00f3n ser\u00e1 gratuita, informan.<\/p>\n\n\n\n<p class=\"wp-block-paragraph\">Las inscripciones se pueden hacer en: https:\/\/forms.gle\/kTHSiz7me3KKojXM6<\/p>\n","protected":false},"excerpt":{"rendered":"<p>La organiza la Red para el Avance Pol\u00edtico de las Mujeres Guerrerenses Ser\u00e1 gratuita y para municipios de esta entidad Redacci\u00f3n SemM\u00e9xico, Chilpancingo, Guerrero, 3 de enero, 2022.- La Red para el Avance Pol\u00edtico de las Mujeres Guerrerenses, en alianza con Compromiso, Solidaridad y Ayuda Social, A.C. (INCLUYE), convoc\u00f3 a participar a la Escuela de [&hellip;]<\/p>\n","protected":false},"author":3,"featured_media":43823,"comment_status":"open","ping_status":"open","sticky":false,"template":"","format":"standard","meta":{"_monsterinsights_skip_tracking":false,"footnotes":""},"categories":[693,54],"tags":[],"class_list":["post-43822","post","type-post","status-publish","format-standard","has-post-thumbnail","category-693","category-mujeres"],"_links":{"self":[{"href":"https:\/\/redsemlac.com\/semmexico\/wp-json\/wp\/v2\/posts\/43822","targetHints":{"allow":["GET"]}}],"collection":[{"href":"https:\/\/redsemlac.com\/semmexico\/wp-json\/wp\/v2\/posts"}],"about":[{"href":"https:\/\/redsemlac.com\/semmexico\/wp-json\/wp\/v2\/types\/post"}],"author":[{"embeddable":true,"href":"https:\/\/redsemlac.com\/semmexico\/wp-json\/wp\/v2\/users\/3"}],"replies":[{"embeddable":true,"href":"https:\/\/redsemlac.com\/semmexico\/wp-json\/wp\/v2\/comments?post=43822"}],"version-history":[{"count":0,"href":"https:\/\/redsemlac.com\/semmexico\/wp-json\/wp\/v2\/posts\/43822\/revisions"}],"wp:featuredmedia":[{"embeddable":true,"href":"https:\/\/redsemlac.com\/semmexico\/wp-json\/wp\/v2\/media\/43823"}],"wp:attachment":[{"href":"https:\/\/redsemlac.com\/semmexico\/wp-json\/wp\/v2\/media?parent=43822"}],"wp:term":[{"taxonomy":"category","embeddable":true,"href":"https:\/\/redsemlac.com\/semmexico\/wp-json\/wp\/v2\/categories?post=43822"},{"taxonomy":"post_tag","embeddable":true,"href":"https:\/\/redsemlac.com\/semmexico\/wp-json\/wp\/v2\/tags?post=43822"}],"curies":[{"name":"wp","href":"https:\/\/api.w.org\/{rel}","templated":true}]}}