{"id":43798,"date":"2022-01-01T17:22:34","date_gmt":"2022-01-01T23:22:34","guid":{"rendered":"https:\/\/redsemlac.com\/semmexico\/?p=43798"},"modified":"2023-07-21T18:56:28","modified_gmt":"2023-07-21T23:56:28","slug":"28-anos-despues-esta-lucha-es-mia","status":"publish","type":"post","link":"https:\/\/redsemlac.com\/semmexico\/28-anos-despues-esta-lucha-es-mia\/","title":{"rendered":"28 a\u00f1os despu\u00e9s| Esta lucha es m\u00eda"},"content":{"rendered":"\n<p class=\"wp-block-paragraph\">Leticia Bonifaz Alfonzo<\/p>\n\n\n\n<p class=\"wp-block-paragraph\">SemM\u00e9xico, Cd. de M\u00e9xico, 1\u00ba. de enero, 2022.- En muchos<strong>&nbsp;hogares chiapanecos<\/strong>&nbsp;reci\u00e9n hab\u00eda terminado el brindis por la llegada del a\u00f1o 94. Con las mesas a\u00fan sin recoger, una noticia corri\u00f3 como polvor\u00edn. En&nbsp;<strong>San Crist\u00f3bal de Las Casas<\/strong>, un personaje, cubierto con un pasamonta\u00f1as le\u00eda una declaraci\u00f3n de guerra al gobierno mexicano. El&nbsp;<strong>EZLN&nbsp;<\/strong>sal\u00eda a la luz. \u00bfGuerra? Esa palabra solo exist\u00eda en los libros de historia.<\/p>\n\n\n\n<p class=\"wp-block-paragraph\">En el primer d\u00eda del a\u00f1o y los subsecuentes, rein\u00f3 el desconcierto. \u00bfQui\u00e9nes eran? \u00bfQu\u00e9 quer\u00edan? El hombre que hizo del pasamonta\u00f1as la segunda piel de su rostro, se identific\u00f3 como&nbsp;<strong>sub comandante Marcos<\/strong>. Los 24 comandantes eran ind\u00edgenas a los que \u00e9l obedec\u00eda. El Sub (mestizo) comenz\u00f3 a emitir comunicados diarios desde las monta\u00f1as del sureste mexicano. Le hablaba al gobierno de Salinas de Gortari y al mundo, en especial al viejo continente.<\/p>\n\n\n\n<p class=\"wp-block-paragraph\">La fecha era emblem\u00e1tica porque entraba en vigor el&nbsp;<strong>Tratado de Libre Comercio con Am\u00e9rica del Norte<\/strong>&nbsp;y parte del reclamo era que las comunidades ind\u00edgenas segu\u00edan en el olvido, fuera de la atenci\u00f3n del gobierno, con rezagos que cada vez se iban haciendo m\u00e1s pronunciados. Se trataba de lograr el reconocimiento de sus formas de organizaci\u00f3n, la valoraci\u00f3n de su existencia en la resistencia, su cosmovisi\u00f3n, su ser parte de M\u00e9xico. No se trataba de ninguna secesi\u00f3n, sino m\u00e1s bien de construir un M\u00e9xico con ellos, con los pueblos originarios que ten\u00edan derechos no reconocidos a nivel nacional pero s\u00ed en el Convenio 169 de la OIT que fue invocado, desde el primer momento, por el Sub Marcos.<\/p>\n\n\n\n<p class=\"wp-block-paragraph\"><strong>Salinas de Gortari&nbsp;<\/strong>quien parec\u00eda haber tomado decisiones econ\u00f3micas suficientes para revertir la ilegitimidad derivada de la cuestionada elecci\u00f3n del 88, inici\u00f3 su declive.<\/p>\n\n\n\n<p class=\"wp-block-paragraph\">El EZLN colocaba -a pesar de las limitaciones de la \u00e9poca- con gran potencia sus mensajes y ten\u00eda al gobierno contra las cuerdas. Comenz\u00f3 la b\u00fasqueda de Acuerdos en la Catedral de San Crist\u00f3bal con la intermediaci\u00f3n del obispo&nbsp;<strong>Samuel Ruiz<\/strong>&nbsp;y con&nbsp;<strong>Manuel Camacho Sol\u00eds&nbsp;<\/strong>como comisionado para la paz.<br>Luis Donaldo Colosio era el candidato del PRI para suceder a Salinas. En enero, no se pod\u00eda predecir su tr\u00e1gico final en Lomas Taurinas. Despu\u00e9s de la elecci\u00f3n de&nbsp;<strong>Ernesto Zedillo<\/strong>, el a\u00f1o sangriento continu\u00f3 su curso con el asesinato, en septiembre, de<strong>&nbsp;Jos\u00e9 Francisco Ruiz Massieu<\/strong>.<\/p>\n\n\n\n<p class=\"wp-block-paragraph\">\u00bfCon qu\u00e9 nos encontramos hoy?<\/p>\n\n\n\n<p class=\"wp-block-paragraph\">El Subcomandante Marcos se fue desdibujando paulatinamente. Sus mensajes fueron perdiendo inter\u00e9s y \u00e9l mismo intent\u00f3 desaparecer al \u00edcono en el que se hab\u00eda convertido para dar paso a Galeano, quien padeci\u00f3 una especie de muerte de cuna.<\/p>\n\n\n\n<p class=\"wp-block-paragraph\"><strong>Luis Donaldo Colosio Riojas<\/strong>, el ni\u00f1o que qued\u00f3 hu\u00e9rfano en el 94, gobierna hoy Monterrey. Desde una Presidencia Municipal lo colocan \u2013 a sus 36 a\u00f1os &#8211; como posible aspirante a la Presidencia de la Rep\u00fablica en el 2024. A pesar de que apenas comienza su gesti\u00f3n, su nombre ya aparece en las encuestas.<\/p>\n\n\n\n<p class=\"wp-block-paragraph\">Un hijo de Camacho Sol\u00eds, Juan Salvador, compiti\u00f3 en la elecci\u00f3n pasada por la presidencia municipal de San Crist\u00f3bal.<\/p>\n\n\n\n<p class=\"wp-block-paragraph\">La hija de Ruiz Massieu, Claudia, es hoy Senadora de la Rep\u00fablica.<\/p>\n\n\n\n<p class=\"wp-block-paragraph\">Los&nbsp;<strong>zapatistas&nbsp;<\/strong>en las ca\u00f1adas siguen en resistencia y, en el pa\u00eds, los pueblos ind\u00edgenas tienen formalmente m\u00e1s derechos a partir de la reforma constitucional del 2001, pero la gran mayor\u00eda de sus carencias siguen sin ser atendidas. Los nuevos actores tienen el mismo reto que hace 28 a\u00f1os: construir un M\u00e9xico incluyente que valore sus ra\u00edces y la riqueza de su pluriculturalidad.<\/p>\n\n\n\n<p class=\"wp-block-paragraph\">Publicado en el diario El Universal<\/p>\n\n\n\n<p class=\"wp-block-paragraph\"><em>Catedr\u00e1tica de la UNAM.<br>@leticia_bonifaz<\/em><\/p>\n","protected":false},"excerpt":{"rendered":"<p>En muchos\u00a0hogares chiapanecos\u00a0reci\u00e9n hab\u00eda terminado el brindis por la llegada del a\u00f1o 94. Con las mesas a\u00fan sin recoger, una noticia corri\u00f3 como polvor\u00edn. En\u00a0San Crist\u00f3bal de Las Casas, un personaje, cubierto con un pasamonta\u00f1as le\u00eda una declaraci\u00f3n de guerra al gobierno mexicano. El\u00a0EZLN\u00a0sal\u00eda a la luz.<\/p>\n","protected":false},"author":3,"featured_media":43800,"comment_status":"open","ping_status":"open","sticky":false,"template":"","format":"standard","meta":{"_monsterinsights_skip_tracking":false,"footnotes":""},"categories":[693,82,35],"tags":[],"class_list":["post-43798","post","type-post","status-publish","format-standard","has-post-thumbnail","category-693","category-la-opinion","category-opinion"],"_links":{"self":[{"href":"https:\/\/redsemlac.com\/semmexico\/wp-json\/wp\/v2\/posts\/43798","targetHints":{"allow":["GET"]}}],"collection":[{"href":"https:\/\/redsemlac.com\/semmexico\/wp-json\/wp\/v2\/posts"}],"about":[{"href":"https:\/\/redsemlac.com\/semmexico\/wp-json\/wp\/v2\/types\/post"}],"author":[{"embeddable":true,"href":"https:\/\/redsemlac.com\/semmexico\/wp-json\/wp\/v2\/users\/3"}],"replies":[{"embeddable":true,"href":"https:\/\/redsemlac.com\/semmexico\/wp-json\/wp\/v2\/comments?post=43798"}],"version-history":[{"count":0,"href":"https:\/\/redsemlac.com\/semmexico\/wp-json\/wp\/v2\/posts\/43798\/revisions"}],"wp:featuredmedia":[{"embeddable":true,"href":"https:\/\/redsemlac.com\/semmexico\/wp-json\/wp\/v2\/media\/43800"}],"wp:attachment":[{"href":"https:\/\/redsemlac.com\/semmexico\/wp-json\/wp\/v2\/media?parent=43798"}],"wp:term":[{"taxonomy":"category","embeddable":true,"href":"https:\/\/redsemlac.com\/semmexico\/wp-json\/wp\/v2\/categories?post=43798"},{"taxonomy":"post_tag","embeddable":true,"href":"https:\/\/redsemlac.com\/semmexico\/wp-json\/wp\/v2\/tags?post=43798"}],"curies":[{"name":"wp","href":"https:\/\/api.w.org\/{rel}","templated":true}]}}