{"id":43778,"date":"2021-12-31T12:35:55","date_gmt":"2021-12-31T18:35:55","guid":{"rendered":"https:\/\/redsemlac.com\/semmexico\/?p=43778"},"modified":"2023-07-21T18:55:23","modified_gmt":"2023-07-21T23:55:23","slug":"la-onu-dh-llama-a-esclarecer-el-ataque-con-victimas-mortales-ocurrido-fuera-de-las-instalaciones-del-canal-44-en-guadalajara","status":"publish","type":"post","link":"https:\/\/redsemlac.com\/semmexico\/la-onu-dh-llama-a-esclarecer-el-ataque-con-victimas-mortales-ocurrido-fuera-de-las-instalaciones-del-canal-44-en-guadalajara\/","title":{"rendered":"La ONU-DH llama a esclarecer el ataque con v\u00edctimas mortales ocurrido fuera de las instalaciones del Canal 44 en Guadalajara"},"content":{"rendered":"\n<p class=\"wp-block-paragraph\">Redacci\u00f3n&nbsp;<\/p>\n\n\n\n<p class=\"wp-block-paragraph\"><br>SemM\u00e9xico, Cd. de M\u00e9xico, 31 de diciembre, 2021 \u2013 El 29 de diciembre, abordo de motocicletas, individuos armados trataron de ingresar a las instalaciones de la estaci\u00f3n de transmisi\u00f3n del Cerro del Cuatro, donde\u00a0<strong>se encuentran las antenas de Canal 44. Dos guardias de seguridad que resguardaban la zona trataron de impedirlo fueron asesinados.<\/strong><\/p>\n\n\n\n<p class=\"wp-block-paragraph\">El hecho ocurri\u00f3 este martes por la tarde, a las 13:30 horas.<\/p>\n\n\n\n<p class=\"wp-block-paragraph\">De acuerdo con un video captado en el momento de la agresi\u00f3n,&nbsp;<strong>los sospechosos llegaron en motocicletas de bajo cilindraje a donde est\u00e1n los transmisores<\/strong>&nbsp;y antenas, tanto de Radio UdeG como de Canal 44.<\/p>\n\n\n\n<p class=\"wp-block-paragraph\">En ese lugar tambi\u00e9n est\u00e1n las instalaciones de transmisi\u00f3n de Televisa, del Sistema Jalisciense de Radio y Televisi\u00f3n, de Canal Once, del Sistema P\u00fablico de Radiodifusi\u00f3n del Estado Mexicano, de TV Azteca y de Telcel.<\/p>\n\n\n\n<p class=\"wp-block-paragraph\">Sin embargo,&nbsp;<strong>\u00e9stos s\u00f3lo trataron de entrar a la estaci\u00f3n del Sistema Universitario de Radio, Televisi\u00f3n y Cinematograf\u00eda<\/strong>. Los dos guardias que fallecieron estaban contratados por la Universidad de Guadalajara y trabajaban para la empresa Irontigers.<\/p>\n\n\n\n<p class=\"wp-block-paragraph\">La Oficina en M\u00e9xico del Alto Comisionado de Naciones Unidas para los Derechos Humanos (ONU-DH) condena el asesinato de dos guardias de seguridad que resguardaban las instalaciones de retransmisi\u00f3n del Sistema Universitario de Radio, Televisi\u00f3n y Cinematograf\u00eda de la Universidad de Guadalajara (que integra a Canal 44, 44 Noticias y Radio Universidad de Guadalajara) ubicadas en el Cerro del Cuatro, municipio de San Pedro Tlaquepaque (Estado de Jalisco).<\/p>\n\n\n\n<p class=\"wp-block-paragraph\">Ante este grave hecho, la ONU-DH llama a las autoridades a investigar con pleno apego a los est\u00e1ndares de debida diligencia, al fin de identificar y sancionar a los responsables de este ataque. Asimismo insta a las autoridades a agotar todas las l\u00edneas de investigaci\u00f3n, incluso la hip\u00f3tesis de una posible vinculaci\u00f3n del ataque con la labor period\u00edstica realizada por el Canal 44 y los otros medios.<br><br>En este tipo de ataques es pertinente recordar la declaraci\u00f3n conjunta sobre delitos contra la libertad de expresi\u00f3n\u00a0de los Relatores expertos en materia de libertad de expresi\u00f3n de la ONU, la OSCE, la OEA y la CADHP de 2012 en la que se\u00f1alan: \u201cCuando existan evidencias de que un delito consumado pueda ser un delito contra la libertad de expresi\u00f3n, la investigaci\u00f3n deber\u00eda avanzar dando por supuesto que se trata de un delito de tal naturaleza hasta tanto se demuestre lo contrario, y deber\u00edan agotarse todas las v\u00edas de investigaci\u00f3n relevantes vinculadas con los actos de expresi\u00f3n de las v\u00edctimas\u201d.<\/p>\n\n\n\n<p class=\"wp-block-paragraph\">Ante las caracter\u00edsticas del fen\u00f3meno en M\u00e9xico, es preciso que todas las autoridades adopten las medidas necesarias para contribuir a la seguridad de periodistas, medios de comunicaci\u00f3n y de todas las personas que contribuyen a la actividad de los mismos. En ese sentido la ONU-DH saluda la informaci\u00f3n hecha p\u00fablica en relaci\u00f3n con la comunicaci\u00f3n mantenida por el Mecanismo de Protecci\u00f3n para Personas Defensoras de Derechos Humanos y Periodistas de SEGOB con el medio de comunicaci\u00f3n y anima a la pronta implementaci\u00f3n de medidas efectivas de protecci\u00f3n.<\/p>\n\n\n\n<p class=\"wp-block-paragraph\">La ONU-DH expresa sus condolencias a las familias, colegas y amistades de las dos v\u00edctimas y llama a las autoridades a garantizar la atenci\u00f3n efectiva a sus familiares.<\/p>\n","protected":false},"excerpt":{"rendered":"<p>La Oficina en M\u00e9xico del Alto Comisionado de Naciones Unidas para los Derechos Humanos (ONU-DH) condena el asesinato de dos guardias de seguridad que resguardaban las instalaciones de retransmisi\u00f3n del Sistema Universitario de Radio, Televisi\u00f3n y Cinematograf\u00eda de la Universidad de Guadalajara.<\/p>\n","protected":false},"author":3,"featured_media":43779,"comment_status":"open","ping_status":"open","sticky":false,"template":"","format":"standard","meta":{"_monsterinsights_skip_tracking":false,"footnotes":""},"categories":[692,55],"tags":[],"class_list":["post-43778","post","type-post","status-publish","format-standard","has-post-thumbnail","category-692","category-periodistas"],"_links":{"self":[{"href":"https:\/\/redsemlac.com\/semmexico\/wp-json\/wp\/v2\/posts\/43778","targetHints":{"allow":["GET"]}}],"collection":[{"href":"https:\/\/redsemlac.com\/semmexico\/wp-json\/wp\/v2\/posts"}],"about":[{"href":"https:\/\/redsemlac.com\/semmexico\/wp-json\/wp\/v2\/types\/post"}],"author":[{"embeddable":true,"href":"https:\/\/redsemlac.com\/semmexico\/wp-json\/wp\/v2\/users\/3"}],"replies":[{"embeddable":true,"href":"https:\/\/redsemlac.com\/semmexico\/wp-json\/wp\/v2\/comments?post=43778"}],"version-history":[{"count":0,"href":"https:\/\/redsemlac.com\/semmexico\/wp-json\/wp\/v2\/posts\/43778\/revisions"}],"wp:featuredmedia":[{"embeddable":true,"href":"https:\/\/redsemlac.com\/semmexico\/wp-json\/wp\/v2\/media\/43779"}],"wp:attachment":[{"href":"https:\/\/redsemlac.com\/semmexico\/wp-json\/wp\/v2\/media?parent=43778"}],"wp:term":[{"taxonomy":"category","embeddable":true,"href":"https:\/\/redsemlac.com\/semmexico\/wp-json\/wp\/v2\/categories?post=43778"},{"taxonomy":"post_tag","embeddable":true,"href":"https:\/\/redsemlac.com\/semmexico\/wp-json\/wp\/v2\/tags?post=43778"}],"curies":[{"name":"wp","href":"https:\/\/api.w.org\/{rel}","templated":true}]}}