{"id":43774,"date":"2021-12-31T12:14:37","date_gmt":"2021-12-31T18:14:37","guid":{"rendered":"https:\/\/redsemlac.com\/semmexico\/?p=43774"},"modified":"2023-07-21T18:55:23","modified_gmt":"2023-07-21T23:55:23","slug":"en-el-aire-candidatura-de-morena-al-gobierno-de-oaxaca-paridad-de-genero-debe-cumplirse-sin-simulaciones-susana-harp-iturribarria","status":"publish","type":"post","link":"https:\/\/redsemlac.com\/semmexico\/en-el-aire-candidatura-de-morena-al-gobierno-de-oaxaca-paridad-de-genero-debe-cumplirse-sin-simulaciones-susana-harp-iturribarria\/","title":{"rendered":"En el aire, candidatura de Morena al gobierno de Oaxaca; paridad de g\u00e9nero debe cumplirse sin simulaciones: Susana Harp Iturribarr\u00eda"},"content":{"rendered":"\n<p class=\"wp-block-paragraph\">Presenta pruebas de irregularidades que llevar\u00e1 a la Comisi\u00f3n Nacional de Honestidad y Justicia de Morena<\/p>\n\n\n\n<p class=\"wp-block-paragraph\">Tambi\u00e9n las llevar\u00e1 al tribunal electoral porque hay violaci\u00f3n al mandato constitucional<\/p>\n\n\n\n<p class=\"wp-block-paragraph\">Redacci\u00f3n<\/p>\n\n\n\n<p class=\"wp-block-paragraph\">SemM\u00e9xico, Oaxaca, Oax. 31 de diciembre, 2021.- La aspirante de Morena a la gubernatura de Oaxaca, Susana Harp Iturribarr\u00eda, afirm\u00f3 que a\u00fan no se puede hablar de una precandidatura o candidatura consolidada hasta que se concluya el proceso de impugnaci\u00f3n, ya que se vulner\u00f3 el principio constitucional de paridad de g\u00e9nero.<\/p>\n\n\n\n<p class=\"wp-block-paragraph\">La senadora morenista, asegur\u00f3 que no se ir\u00e1 de las filas de este partido y puntualiz\u00f3 que su lucha es para que se haga una revisi\u00f3n a los criterios de paridad de g\u00e9nero, competitividad y alternancia que se aplicaron en el proceso interno para elegir quien aspira a la gubernatura en la entidad, por la dirigencia nacional de MORENA.<\/p>\n\n\n\n<p class=\"wp-block-paragraph\">La impugnaci\u00f3n al proceso, se centra en los criterios aplicados, no se dirige a una persona, y detall\u00f3: \u201cimpugnamos porque nos asiste la raz\u00f3n, porque nos asiste la constituci\u00f3n, no estamos llamando a dividir al partido sino a evaluar de manera concisa, clara y honesta al proceso\u201d, apunt\u00f3 la senadora morenista.<\/p>\n\n\n\n<p class=\"wp-block-paragraph\">Harp Iturribarr\u00eda, expuso que entre las mujeres que contendieron en los seis estados en los que habr\u00e1 elecciones a la gubernatura en 2022, ella obtuvo el segundo lugar en competitividad.<\/p>\n\n\n\n<p class=\"wp-block-paragraph\">Adem\u00e1s, present\u00f3 pruebas notariadas, sobre irregularidades en el proceso, donde mostr\u00f3 que el 18 de diciembre ya se ten\u00edan publicados, los resultados de la elecci\u00f3n de las candidaturas de morena en las entidades en donde se realizar\u00e1n elecciones, cuatro d\u00edas antes de que se dieran a conocer los resultados de las encuestas.<\/p>\n\n\n\n<p class=\"wp-block-paragraph\">Finalmente, la senadora Susana Harp Iturribarr\u00eda, indic\u00f3 que, llevar\u00e1 el proceso jur\u00eddico a las instancias que sean necesarias, e incluso no descart\u00f3 acudir al Tribunal Electoral Federal, para defender la paridad sustantiva en la designaci\u00f3n de la candidatura de morena en Oaxaca.<\/p>\n\n\n\n<figure class=\"wp-block-image size-full\"><a href=\"https:\/\/redsemlac.com\/semmexico\/wp-content\/uploads\/2021\/12\/WhatsApp-Image-2021-12-31-at-10.29.43-AM.jpeg\"><img loading=\"lazy\" decoding=\"async\" width=\"1024\" height=\"683\" src=\"https:\/\/redsemlac.com\/semmexico\/wp-content\/uploads\/2021\/12\/WhatsApp-Image-2021-12-31-at-10.29.43-AM.jpeg\" alt=\"\" class=\"wp-image-43776\"\/><\/a><\/figure>\n","protected":false},"excerpt":{"rendered":"<p>La aspirante de Morena a la gubernatura de Oaxaca, Susana Harp Iturribarr\u00eda, afirm\u00f3 que a\u00fan no se puede hablar de una precandidatura o candidatura consolidada hasta que se concluya el proceso de impugnaci\u00f3n, ya que se vulner\u00f3 el principio constitucional de paridad de g\u00e9nero.<\/p>\n","protected":false},"author":3,"featured_media":43775,"comment_status":"open","ping_status":"open","sticky":false,"template":"","format":"standard","meta":{"_monsterinsights_skip_tracking":false,"footnotes":""},"categories":[692,141],"tags":[],"class_list":["post-43774","post","type-post","status-publish","format-standard","has-post-thumbnail","category-692","category-elecciones-2020-2021"],"_links":{"self":[{"href":"https:\/\/redsemlac.com\/semmexico\/wp-json\/wp\/v2\/posts\/43774","targetHints":{"allow":["GET"]}}],"collection":[{"href":"https:\/\/redsemlac.com\/semmexico\/wp-json\/wp\/v2\/posts"}],"about":[{"href":"https:\/\/redsemlac.com\/semmexico\/wp-json\/wp\/v2\/types\/post"}],"author":[{"embeddable":true,"href":"https:\/\/redsemlac.com\/semmexico\/wp-json\/wp\/v2\/users\/3"}],"replies":[{"embeddable":true,"href":"https:\/\/redsemlac.com\/semmexico\/wp-json\/wp\/v2\/comments?post=43774"}],"version-history":[{"count":0,"href":"https:\/\/redsemlac.com\/semmexico\/wp-json\/wp\/v2\/posts\/43774\/revisions"}],"wp:featuredmedia":[{"embeddable":true,"href":"https:\/\/redsemlac.com\/semmexico\/wp-json\/wp\/v2\/media\/43775"}],"wp:attachment":[{"href":"https:\/\/redsemlac.com\/semmexico\/wp-json\/wp\/v2\/media?parent=43774"}],"wp:term":[{"taxonomy":"category","embeddable":true,"href":"https:\/\/redsemlac.com\/semmexico\/wp-json\/wp\/v2\/categories?post=43774"},{"taxonomy":"post_tag","embeddable":true,"href":"https:\/\/redsemlac.com\/semmexico\/wp-json\/wp\/v2\/tags?post=43774"}],"curies":[{"name":"wp","href":"https:\/\/api.w.org\/{rel}","templated":true}]}}