{"id":43763,"date":"2021-12-30T13:20:43","date_gmt":"2021-12-30T19:20:43","guid":{"rendered":"https:\/\/redsemlac.com\/semmexico\/?p=43763"},"modified":"2023-07-21T18:54:33","modified_gmt":"2023-07-21T23:54:33","slug":"nueva-recomendacion-al-imss-por-violencia-obstetrica-en-el-estado-de-mexico","status":"publish","type":"post","link":"https:\/\/redsemlac.com\/semmexico\/nueva-recomendacion-al-imss-por-violencia-obstetrica-en-el-estado-de-mexico\/","title":{"rendered":"Nueva recomendaci\u00f3n al IMSS por violencia obst\u00e9trica en el Estado de M\u00e9xico"},"content":{"rendered":"\n<p class=\"wp-block-paragraph\">Acciones de irresponsabilidad contra una mujer y su hijo durante el proceso de parto, dejando al beb\u00e9 secuelas neurol\u00f3gicas<\/p>\n\n\n\n<p class=\"wp-block-paragraph\">Sucede por cambios de turno del personal m\u00e9dico y dejan de valorar al binomio materno-fetal en trabajo de parto&nbsp;<\/p>\n\n\n\n<p class=\"wp-block-paragraph\">Redacci\u00f3n<\/p>\n\n\n\n<p class=\"wp-block-paragraph\">SemM\u00e9xico, Cd. de M\u00e9xico, 30 de diciembre, 2021.- La Comisi\u00f3n Nacional de los Derechos Humanos (CNDH) dirigi\u00f3 la Recomendaci\u00f3n 130\/2021 al director general del Instituto Mexicano del Seguro Social (IMSS), Zo\u00e9 Alejandro Robledo Aburto, por la inadecuada atenci\u00f3n m\u00e9dica y violencia obst\u00e9trica que recibi\u00f3 una mujer y su hijo durante el trabajo de parto, lo que deriv\u00f3 en secuelas de salud para ambos, principalmente en el desarrollo del reci\u00e9n nacido.&nbsp;<\/p>\n\n\n\n<p class=\"wp-block-paragraph\">La mujer, de entonces 21 a\u00f1os, con 38 semanas de gestaci\u00f3n y salida de l\u00edquido vaginal, ingres\u00f3 al referido nosocomio a las 9:00 horas del 27 de febrero de 2019, donde permaneci\u00f3 durante diversos cambios de turno con inadecuada valoraci\u00f3n y vigilancia del binomio materno-fetal en trabajo de parto.&nbsp;<\/p>\n\n\n\n<p class=\"wp-block-paragraph\">La necesidad de interrumpir el embarazo para el bienestar de ambos pas\u00f3 inadvertida entre el personal m\u00e9dico, hasta las 21:00 horas que una ginec\u00f3loga indic\u00f3 la urgente realizaci\u00f3n de una ces\u00e1rea, cirug\u00eda que se dilat\u00f3 a\u00fan m\u00e1s porque la sala de tococirug\u00eda se encontraba sucia y la m\u00e1quina de anestesiolog\u00eda estaba descompuesta.&nbsp;<\/p>\n\n\n\n<p class=\"wp-block-paragraph\">El nacimiento del menor se registr\u00f3 hasta las 22:15 horas, presentando dificultad para respirar por s\u00ed mismo, aspiraci\u00f3n de meconio y alto riesgo de muerte, por lo que permaneci\u00f3 11 d\u00edas en cunero patol\u00f3gico, con calificaci\u00f3n Apgar 3-5 y secuelas en su desarrollo que afectan la calidad de vida, derivado del tiempo en que permaneci\u00f3 en un medio hostil de tipo infeccioso.&nbsp;<\/p>\n\n\n\n<p class=\"wp-block-paragraph\">El menor fue dado de alta el 9 de marzo de 2019, con seguimiento por medicina familiar; despu\u00e9s fue referido al Hospital Magdalena de las Salinas para recibir rehabilitaci\u00f3n neurol\u00f3gica, as\u00ed como valoraci\u00f3n especializada con la finalidad de establecer un programa de estimulaci\u00f3n por evento asf\u00edctico perinatal.&nbsp;<\/p>\n\n\n\n<p class=\"wp-block-paragraph\">Tras concluir su investigaci\u00f3n, la CNDH encontr\u00f3 elementos que acreditaron las omisiones del personal m\u00e9dico que vulneraron los derechos humanos a la protecci\u00f3n de la salud, a una vida libre de violencia en su modalidad de violencia obst\u00e9trica, a la integridad personal en agravio de madre e hijo, as\u00ed como al inter\u00e9s superior de la ni\u00f1ez, proyecto de vida e inadecuada integraci\u00f3n del expediente cl\u00ednico.&nbsp;<\/p>\n\n\n\n<p class=\"wp-block-paragraph\">Por ello, esta Comisi\u00f3n Nacional solicit\u00f3 al director general del IMSS que, en coordinaci\u00f3n con la Comisi\u00f3n Ejecutiva de Atenci\u00f3n a V\u00edctimas, se proceda a la reparaci\u00f3n integral de los da\u00f1os causados a las dos v\u00edctimas que incluya la compensaci\u00f3n justa y suficiente con motivo de la inadecuada atenci\u00f3n m\u00e9dica que deriv\u00f3 en las secuelas que presenta y pudiera presentar el menor.&nbsp;<\/p>\n\n\n\n<p class=\"wp-block-paragraph\">Asimismo, se otorgue a las v\u00edctimas la atenci\u00f3n m\u00e9dica, psicol\u00f3gica y\/o psiqui\u00e1trica que requieran, de forma continua, hasta que alcancen su sanaci\u00f3n ps\u00edquica y emocional o m\u00e1ximo beneficio en su salud, atendiendo a su edad, sexo y necesidades; coadyuvar con la Comisi\u00f3n Ejecutiva de Atenci\u00f3n a V\u00edctimas con objeto de proporcionar la atenci\u00f3n m\u00e9dica, neurol\u00f3gica y de rehabilitaci\u00f3n, as\u00ed como todas las dem\u00e1s que requiera el menor de edad, de personal profesional especializado y de forma continua hasta que alcance su sanaci\u00f3n o m\u00e1ximo beneficio de salud.&nbsp;<\/p>\n\n\n\n<p class=\"wp-block-paragraph\">Que en un plazo menor de dos meses se emita una circular dirigida al personal m\u00e9dico del Hospital General de Zona 68 en la que se les exhorte, en los casos procedentes, a entregar copia de certificaci\u00f3n y recertificaci\u00f3n ante los Consejos de Especialidades M\u00e9dicas, con la finalidad de que acrediten tener la actualizaci\u00f3n, experiencia y conocimientos suficientes para brindar un servicio m\u00e9dico adecuado y profesional; publicar durante tres meses en el sitio web e intranet del IMSS el texto \u00edntegro de esta Recomendaci\u00f3n para el conocimiento del personal y de la poblaci\u00f3n en general; dise\u00f1ar e impartir un curso general sobre derechos humanos, y de capacitaci\u00f3n en derecho a la protecci\u00f3n a la salud; conocimiento, manejo y observancia de las Normas Oficiales Mexicanas en materia de salud referidas en esta Recomendaci\u00f3n; derecho a una vida libre de violencia en su modalidad de violencia obst\u00e9trica; derechos a la integridad personal; e inter\u00e9s superior de las ni\u00f1as, ni\u00f1os y adolescentes.&nbsp;<\/p>\n\n\n\n<p class=\"wp-block-paragraph\">Finalmente, pide colaborar en la presentaci\u00f3n y seguimiento de la queja que esta Comisi\u00f3n Nacional presente en el \u00d3rgano Interno de Control en el IMSS por las omisiones de las personas servidoras p\u00fablicas involucradas en el caso; y&nbsp;designar a una persona servidora p\u00fablica de alto nivel de decisi\u00f3n para que funja como enlace con esta Comisi\u00f3n Nacional para dar seguimiento al cumplimiento de la presente Recomendaci\u00f3n.&nbsp;<\/p>\n\n\n\n<p class=\"wp-block-paragraph\">La Recomendaci\u00f3n 130\/2021 ya fue notificada a su destinatario y puede ser consultada en la p\u00e1gina web&nbsp;<a href=\"http:\/\/cndh.org.mx\/\" target=\"_blank\" rel=\"noreferrer noopener\">cndh.org.mx<\/a>.&nbsp;&nbsp;<\/p>\n","protected":false},"excerpt":{"rendered":"<p>La CNDH dirigi\u00f3 la Recomendaci\u00f3n 130\/2021 al director general del IMSS, Zo\u00e9 Alejandro Robledo Aburto, por la inadecuada atenci\u00f3n m\u00e9dica y violencia obst\u00e9trica que recibi\u00f3 una mujer y su hijo durante el trabajo de parto, lo que deriv\u00f3 en secuelas de salud para ambos.<\/p>\n","protected":false},"author":3,"featured_media":43764,"comment_status":"open","ping_status":"open","sticky":false,"template":"","format":"standard","meta":{"_monsterinsights_skip_tracking":false,"footnotes":""},"categories":[692,51],"tags":[],"class_list":["post-43763","post","type-post","status-publish","format-standard","has-post-thumbnail","category-692","category-ejecutivo"],"_links":{"self":[{"href":"https:\/\/redsemlac.com\/semmexico\/wp-json\/wp\/v2\/posts\/43763","targetHints":{"allow":["GET"]}}],"collection":[{"href":"https:\/\/redsemlac.com\/semmexico\/wp-json\/wp\/v2\/posts"}],"about":[{"href":"https:\/\/redsemlac.com\/semmexico\/wp-json\/wp\/v2\/types\/post"}],"author":[{"embeddable":true,"href":"https:\/\/redsemlac.com\/semmexico\/wp-json\/wp\/v2\/users\/3"}],"replies":[{"embeddable":true,"href":"https:\/\/redsemlac.com\/semmexico\/wp-json\/wp\/v2\/comments?post=43763"}],"version-history":[{"count":0,"href":"https:\/\/redsemlac.com\/semmexico\/wp-json\/wp\/v2\/posts\/43763\/revisions"}],"wp:featuredmedia":[{"embeddable":true,"href":"https:\/\/redsemlac.com\/semmexico\/wp-json\/wp\/v2\/media\/43764"}],"wp:attachment":[{"href":"https:\/\/redsemlac.com\/semmexico\/wp-json\/wp\/v2\/media?parent=43763"}],"wp:term":[{"taxonomy":"category","embeddable":true,"href":"https:\/\/redsemlac.com\/semmexico\/wp-json\/wp\/v2\/categories?post=43763"},{"taxonomy":"post_tag","embeddable":true,"href":"https:\/\/redsemlac.com\/semmexico\/wp-json\/wp\/v2\/tags?post=43763"}],"curies":[{"name":"wp","href":"https:\/\/api.w.org\/{rel}","templated":true}]}}