{"id":43715,"date":"2021-12-27T12:04:19","date_gmt":"2021-12-27T18:04:19","guid":{"rendered":"https:\/\/redsemlac.com\/semmexico\/?p=43715"},"modified":"2023-07-21T18:54:35","modified_gmt":"2023-07-21T23:54:35","slug":"altas-funcionarias-de-la-onu-examinan-como-acabar-con-la-emergencia-invisible-de-la-violencia-de-genero","status":"publish","type":"post","link":"https:\/\/redsemlac.com\/semmexico\/altas-funcionarias-de-la-onu-examinan-como-acabar-con-la-emergencia-invisible-de-la-violencia-de-genero\/","title":{"rendered":"Altas funcionarias de la ONU examinan c\u00f3mo acabar con la \u00abemergencia invisible\u00bb de la violencia de g\u00e9nero"},"content":{"rendered":"\n<p class=\"wp-block-paragraph\">Participan en \u00a0mesa redonda para debatir la violencia que sufren las mujeres y ni\u00f1as, especialmente en tiempos del COVID-19<\/p>\n\n\n\n<p class=\"wp-block-paragraph\">&nbsp;<a href=\"https:\/\/amecopress.net\/Primavera-Diaz\">Primavera D\u00edaz<\/a><\/p>\n\n\n\n<p class=\"wp-block-paragraph\">SemM\u00e9xico\/AmecoPress, Nueva York, 27 de diciembre, 2021.-&nbsp;<em>Ya sea en el hogar, en el trabajo, en la calle o incluso en internet, las mujeres y las ni\u00f1as de todo el mundo siguen siendo muy vulnerables a la violencia de g\u00e9nero, algo que la pandemia del&nbsp;<\/em><a href=\"https:\/\/news.un.org\/es\/events\/cobertura-especial-de-noticias-onu-sobre-el-coronavirus\"><strong><em>COVID-19<\/em><\/strong><\/a><em>&nbsp;no ha hecho m\u00e1s que magnificar, afirmaron el jueves seis altas dirigentes mujeres de la ONU.<\/em><\/p>\n\n\n\n<p class=\"wp-block-paragraph\"><em>Las altas funcionarias, entre las que se encontraban la vicesecretaria general, Amina Mohammed, y las directoras de los principales organismos de la ONU, examinaron las formas de acabar con esta \u00abemergencia invisible\u00bb en una mesa redonda celebrada en la sede de la ONU en Nueva York.<\/em><\/p>\n\n\n\n<figure class=\"wp-block-image size-full\"><a href=\"https:\/\/redsemlac.com\/semmexico\/wp-content\/uploads\/2021\/12\/27-12-21-onu-02.jpg\"><img loading=\"lazy\" decoding=\"async\" width=\"685\" height=\"316\" src=\"https:\/\/redsemlac.com\/semmexico\/wp-content\/uploads\/2021\/12\/27-12-21-onu-02.jpg\" alt=\"\" class=\"wp-image-43719\"\/><\/a><figcaption>Madres mexicanas cuyas hijas han sido v\u00edctimas de feminicidios exigen justicia<\/figcaption><\/figure>\n\n\n\n<p class=\"wp-block-paragraph\">La conversaci\u00f3n, franca y abierta, fue organizada por la Iniciativa Spotlight, un programa conjunto de la ONU y la Uni\u00f3n Europea (UE) que trabaja para erradicar la violencia contra las mujeres y las ni\u00f1as.<\/p>\n\n\n\n<figure class=\"wp-block-image size-full\"><a href=\"https:\/\/redsemlac.com\/semmexico\/wp-content\/uploads\/2021\/12\/27-12-21-onu-03.jpg\"><img loading=\"lazy\" decoding=\"async\" width=\"683\" height=\"447\" src=\"https:\/\/redsemlac.com\/semmexico\/wp-content\/uploads\/2021\/12\/27-12-21-onu-03.jpg\" alt=\"\" class=\"wp-image-43718\"\/><\/a><\/figure>\n\n\n\n<p class=\"wp-block-paragraph\"><strong>Peligro claro y muy actual<\/strong><\/p>\n\n\n\n<p class=\"wp-block-paragraph\">En un v\u00eddeo que abr\u00eda el debate, la n\u00famero dos de la ONU describi\u00f3 la violencia de g\u00e9nero como un \u00abpeligro claro y actual\u00bb para millones de mujeres y ni\u00f1as en todo el mundo.<\/p>\n\n\n\n<p class=\"wp-block-paragraph\">La moderadora Melissa Fleming, responsable del Departamento de Comunicaci\u00f3n Global (DGC),, le pregunt\u00f3 sobre el impacto de la violencia contra las mujeres en la consecuci\u00f3n de los&nbsp;<a href=\"https:\/\/news.un.org\/es\/news\/topic\/sdgs\"><strong>Objetivos de Desarrollo Sostenible<\/strong><\/a>&nbsp;(ODS).<\/p>\n\n\n\n<p class=\"wp-block-paragraph\">\u00abEn esencia, lo que hace es poner en peligro todos los objetivos\u00bb, explic\u00f3 Mohammed. \u00abPorque tan solo con que el 50% de la humanidad no tenga asegurado esto\u2014ya sea acabar con la pobreza, el acceso a la educaci\u00f3n o a un trabajo decente \u2014, todo est\u00e1 en peligro\u00bb.<\/p>\n\n\n\n<p class=\"wp-block-paragraph\"><strong>No es tan invisible<\/strong><\/p>\n\n\n\n<p class=\"wp-block-paragraph\">La violencia de g\u00e9nero impregna todos los aspectos de la vida, ya sean p\u00fablicos o privados, afirm\u00f3 Reem Alsalem, experta independiente en derechos humanos de la ONU. Adem\u00e1s, comienza pronto, en la infancia, y representa un \u00abcontinuo\u00bb de violencia.<\/p>\n\n\n\n<p class=\"wp-block-paragraph\">\u00abPor eso tambi\u00e9n me pregunto si realmente estamos hablando de una emergencia invisible ya que es bastante visible para quienes quieran verla\u00bb, indic\u00f3 Alsalem, relatora especial de la ONU sobre la violencia contra la mujer.<\/p>\n\n\n\n<p class=\"wp-block-paragraph\">\u00abEs un poco como la crisis clim\u00e1tica. Las pruebas est\u00e1n ah\u00ed. Podemos verlo, podemos ver las consecuencias\u00bb.<\/p>\n\n\n\n<p class=\"wp-block-paragraph\">El debate sirvi\u00f3 de colof\u00f3n a los 16 D\u00edas de Activismo contra la Violencia hacia las Mujeres, una campa\u00f1a mundial anual que transcurre entre el 25 de noviembre y el 10 de diciembre, D\u00eda de los Derechos Humanos.<\/p>\n\n\n\n<p class=\"wp-block-paragraph\">Seg\u00fan Natalia Kanem, directora ejecutiva del&nbsp;<a href=\"https:\/\/www.unfpa.org\/es\"><strong>Fondo de Poblaci\u00f3n<\/strong><\/a>&nbsp;de las Naciones Unidas, la violencia de g\u00e9nero se increment\u00f3 dr\u00e1sticamente en todo el mundo, aunque no tengamos estad\u00edsticas suficientes.<\/p>\n\n\n\n<p class=\"wp-block-paragraph\">El aumento del uso de la tecnolog\u00eda digital durante la pandemia tambi\u00e9n gener\u00f3 una \u00abzona de peligro\u00bb en l\u00ednea para las mujeres y las ni\u00f1as, se\u00f1al\u00f3, donde son acosadas y hostigadas.<\/p>\n\n\n\n<figure class=\"wp-block-image size-full\"><a href=\"https:\/\/redsemlac.com\/semmexico\/wp-content\/uploads\/2021\/12\/27-12-21-onu-04.jpg\"><img loading=\"lazy\" decoding=\"async\" width=\"694\" height=\"401\" src=\"https:\/\/redsemlac.com\/semmexico\/wp-content\/uploads\/2021\/12\/27-12-21-onu-04.jpg\" alt=\"\" class=\"wp-image-43717\"\/><\/a><figcaption>Mexicanas marchan en el D\u00eda Internacional de la Eliminaci\u00f3n de la Violencia contra la Mujer.<\/figcaption><\/figure>\n\n\n\n<p class=\"wp-block-paragraph\"><strong>Miedo a hablar<\/strong><\/p>\n\n\n\n<p class=\"wp-block-paragraph\">Esta cuesti\u00f3n fue planteada por Henrietta Fore, directora ejecutiva del Fondo de las Naciones Unidas para la Infancia (<a href=\"https:\/\/www.unicef.org\/es\"><strong>UNICEF<\/strong><\/a>), que habl\u00f3 de los riesgos a los que se enfrentan las j\u00f3venes y adolescentes en internet, como el grooming (ciberenga\u00f1o pederasta) y el sexting (env\u00edo de mensajes de texto o im\u00e1genes de contenido sexual expl\u00edcito), que pueden da\u00f1ar su salud mental.<\/p>\n\n\n\n<p class=\"wp-block-paragraph\">La ONU ha calificado de \u00abpandemia en la sombra\u00bb el aumento de la violencia de g\u00e9nero que se ha propagado con el COVID-19. A pesar del aumento de los incidentes, las mujeres siguen siendo reacias a hablar de los abusos que han sufrido.<\/p>\n\n\n\n<p class=\"wp-block-paragraph\">Una encuesta de\u00a0<a href=\"https:\/\/www.unwomen.org\/es\"><strong>ONU Mujeres<\/strong><\/a>\u00a0realizada a 16.000 mujeres en trece pa\u00edses revel\u00f3 que, aunque una de cada dos dijo que ella misma, o una mujer que conoc\u00eda, hab\u00eda sido v\u00edctima de alg\u00fan tipo de violencia desde el inicio de la pandemia, s\u00f3lo una de cada diez denunci\u00f3 el asunto a la polic\u00eda.<\/p>\n\n\n\n<figure class=\"wp-block-image size-full\"><a href=\"https:\/\/redsemlac.com\/semmexico\/wp-content\/uploads\/2021\/12\/27-12-21-onu-05.jpg\"><img loading=\"lazy\" decoding=\"async\" width=\"691\" height=\"479\" src=\"https:\/\/redsemlac.com\/semmexico\/wp-content\/uploads\/2021\/12\/27-12-21-onu-05.jpg\" alt=\"\" class=\"wp-image-43716\"\/><\/a><\/figure>\n\n\n\n<p class=\"wp-block-paragraph\">Las redes sociales son una parte muy importante de la vida de los j\u00f3venes. Por eso, deben estar protegidas en estos canales contra la violencia de g\u00e9nero. \u00a9 UNICEF-Estey<\/p>\n\n\n\n<p class=\"wp-block-paragraph\"><strong>Doblemente v\u00edctimas<\/strong><\/p>\n\n\n\n<p class=\"wp-block-paragraph\">Adem\u00e1s, los datos de la&nbsp;<a href=\"https:\/\/www.unodc.org\/unodc\/es\/index.html\"><strong>Oficina de las Naciones Unidas contra la Droga y el Delito<\/strong><\/a>&nbsp;revelaron que el pasado a\u00f1o 47.000 mujeres y ni\u00f1as fueron asesinadas a manos de sus parejas o familiares.<\/p>\n\n\n\n<p class=\"wp-block-paragraph\">Para Sima Bahous, la reci\u00e9n nombrada directora ejecutiva de ONU Mujeres, el bajo nivel de confianza de las mujeres en las instituciones que se supone que deben protegerlas, era preocupante. Teme que las mujeres est\u00e9n siendo v\u00edctimas por partida doble.<\/p>\n\n\n\n<p class=\"wp-block-paragraph\">\u00abPrimero, sufren la violencia. Luego experimentan la falta de servicios de apoyo y de justicia cuando los buscan. Y, muchas veces, cuando denuncian, y tienen acceso a estos servicios, los agresores rara vez son llevados ante la justicia\u00bb, lament\u00f3.<\/p>\n\n\n\n<p class=\"wp-block-paragraph\"><strong>Acabar con la cultura del silencio<\/strong><\/p>\n\n\n\n<p class=\"wp-block-paragraph\">La ONU sigue trabajando tanto para desmantelar lo que algunas de las participantes llamaron la \u00abconspiraci\u00f3n del silencio\u00bb que rodea la violencia contra las mujeres y las ni\u00f1as, como para garantizar que puedan hablar y denunciar.<\/p>\n\n\n\n<p class=\"wp-block-paragraph\">Gracias a la Iniciativa Spotlight, unas 650.000 mujeres y ni\u00f1as pudieron acceder a los servicios a pesar de la actual pandemia.<\/p>\n\n\n\n<p class=\"wp-block-paragraph\">Fore tambi\u00e9n destac\u00f3 algunas de las actividades de UNICEF en pa\u00edses como M\u00e9xico, donde el organismo negoci\u00f3 una colaboraci\u00f3n con el Gobierno y el sector de la hosteler\u00eda para proporcionar refugios seguros en hoteles para las mujeres supervivientes y sus hijos, algo fundamental durante la pandemia.<\/p>\n\n\n\n<p class=\"wp-block-paragraph\">Por otro lado, en Ecuador, Iraq y el L\u00edbano, UNICEF cre\u00f3 espacios virtuales seguros para dar mayor acceso a los servicios y a la informaci\u00f3n para las mujeres y las ni\u00f1as, en particular, para las que tienen discapacidades o se enfrentan a otras formas de marginaci\u00f3n.<\/p>\n\n\n\n<p class=\"wp-block-paragraph\">\u00ab\u00bfPodr\u00edan estas iniciativas y muchas otras ampliarse en el mundo?\u201d, se le pregunt\u00f3 a Fore. S\u00ed, fue su respuesta, y a\u00f1adi\u00f3 que la Iniciativa Spotlight sirve de espacio com\u00fan de colaboraci\u00f3n para las agencias de la ONU.<\/p>\n\n\n\n<p class=\"wp-block-paragraph\">Ghada Waly, directora de la Oficina contra la Droga y el Delito, se\u00f1al\u00f3 otro hecho positivo surgido de la pandemia. Los gobiernos se dan cuenta ahora de que deben invertir en la digitalizaci\u00f3n y en las plataformas en l\u00ednea, incluso en el \u00e1mbito jur\u00eddico. Destac\u00f3, adem\u00e1s, otras \u00e1reas de mejora.<\/p>\n\n\n\n<p class=\"wp-block-paragraph\">\u00abSabemos que las mujeres est\u00e1n m\u00e1s seguras cuando hay m\u00e1s mujeres polic\u00edas, cuando hay m\u00e1s mujeres jueces, cuando hay equidad y representaci\u00f3n de g\u00e9nero entre quienes toman las decisiones y reciben las llamadas de auxilio\u00bb.<\/p>\n\n\n\n<p class=\"wp-block-paragraph\"><strong>Fotos: Primavera D\u00edaz. ONU Mujeres\/Erica Jacobson.<\/strong><\/p>\n","protected":false},"excerpt":{"rendered":"<p>Altas funcionarias de la ONU participan en mesa redonda para debatir la violencia que sufren las mujeres y ni\u00f1as, especialmente en tiempos del COVID-19.<\/p>\n","protected":false},"author":3,"featured_media":43718,"comment_status":"open","ping_status":"open","sticky":false,"template":"","format":"standard","meta":{"_monsterinsights_skip_tracking":false,"footnotes":""},"categories":[692,47,53],"tags":[],"class_list":["post-43715","post","type-post","status-publish","format-standard","has-post-thumbnail","category-692","category-no-mas-impunidad","category-internacional"],"_links":{"self":[{"href":"https:\/\/redsemlac.com\/semmexico\/wp-json\/wp\/v2\/posts\/43715","targetHints":{"allow":["GET"]}}],"collection":[{"href":"https:\/\/redsemlac.com\/semmexico\/wp-json\/wp\/v2\/posts"}],"about":[{"href":"https:\/\/redsemlac.com\/semmexico\/wp-json\/wp\/v2\/types\/post"}],"author":[{"embeddable":true,"href":"https:\/\/redsemlac.com\/semmexico\/wp-json\/wp\/v2\/users\/3"}],"replies":[{"embeddable":true,"href":"https:\/\/redsemlac.com\/semmexico\/wp-json\/wp\/v2\/comments?post=43715"}],"version-history":[{"count":0,"href":"https:\/\/redsemlac.com\/semmexico\/wp-json\/wp\/v2\/posts\/43715\/revisions"}],"wp:featuredmedia":[{"embeddable":true,"href":"https:\/\/redsemlac.com\/semmexico\/wp-json\/wp\/v2\/media\/43718"}],"wp:attachment":[{"href":"https:\/\/redsemlac.com\/semmexico\/wp-json\/wp\/v2\/media?parent=43715"}],"wp:term":[{"taxonomy":"category","embeddable":true,"href":"https:\/\/redsemlac.com\/semmexico\/wp-json\/wp\/v2\/categories?post=43715"},{"taxonomy":"post_tag","embeddable":true,"href":"https:\/\/redsemlac.com\/semmexico\/wp-json\/wp\/v2\/tags?post=43715"}],"curies":[{"name":"wp","href":"https:\/\/api.w.org\/{rel}","templated":true}]}}