{"id":43629,"date":"2021-12-18T20:25:34","date_gmt":"2021-12-19T02:25:34","guid":{"rendered":"https:\/\/redsemlac.com\/semmexico\/?p=43629"},"modified":"2023-07-21T18:54:37","modified_gmt":"2023-07-21T23:54:37","slug":"cuba-mariana-ramirez-corria-una-mujer-que-derroto-al-tiempo","status":"publish","type":"post","link":"https:\/\/redsemlac.com\/semmexico\/cuba-mariana-ramirez-corria-una-mujer-que-derroto-al-tiempo\/","title":{"rendered":"Cuba: Mariana Ram\u00edrez-Corr\u00eda, una mujer que derrot\u00f3 al tiempo"},"content":{"rendered":"\n<p class=\"wp-block-paragraph\">De la Redacci\u00f3n<\/p>\n\n\n\n<p class=\"wp-block-paragraph\">La Habana, diciembre (SEMlac). \u2013 Construir una cronolog\u00eda de la vida de&nbsp;<a href=\"http:\/\/directoriogenero.redsemlac-cuba.net\/mariana-ramirez-corria-garriga-santiago-de-cuba-1936\/#:~:text=Mariana%20Ram%C3%ADrez%2D%20Corr%C3%ADa%20ejerce%20como,y%20finalmente%20para%20SEMLAC%2D%20Cuba.\">Mariana Ram\u00edrez Corr\u00eda<\/a>, quien acaba de fallecer en La Habana a los 85 a\u00f1os de edad, podr\u00eda ser un ejercicio de investigaci\u00f3n muy arduo, pues habr\u00eda m\u00e1s \u201chechos\u201d que meses y a\u00f1os para contar.&nbsp;&nbsp;<\/p>\n\n\n\n<p class=\"wp-block-paragraph\">Corresponsal jefa de este servicio de noticias desde su nacimiento en Cuba, en 1982, Ram\u00edrez Corr\u00eda logr\u00f3 consolidar y mantener un equipo de trabajo muy estable, casi una escuela seg\u00fan sus colegas, que se ha ido reinventado a medida que pasan los a\u00f1os y cambian los contextos.<\/p>\n\n\n\n<p class=\"wp-block-paragraph\">\u201cMariana es una de las muchas mujeres que contribuyeron a formar la persona que soy ahora mismo. Todav\u00eda era estudiante cuando llegu\u00e9 a su casa, por 1992 o 1993, de la mano de Dalia Acosta. Entonces arm\u00e1bamos un bolet\u00edn que se llamaba&nbsp;<em>Habanera<\/em>, de modos muy artesanales, pero con tremenda seriedad y disciplina. Fue un aprendizaje enorme\u201d, rememora Dixie Edith Trinquete, periodista y colaboradora de SEMlac Cuba.<\/p>\n\n\n\n<p class=\"wp-block-paragraph\">\u201cEn ese espacio, por ejemplo, se publicaron trabajos muy profundos sobre alcoholismo, aborto, prostituci\u00f3n y hasta una entrevista excelente de Mariana a Dulce Mar\u00eda Loynaz, cuando era dif\u00edcil que la escritora concediera una\u201d, agreg\u00f3 Trinquete.<\/p>\n\n\n\n<p class=\"wp-block-paragraph\">\u201cMariana ha sido un puntal en mi vida profesional y personal, tambi\u00e9n de muchas personas que hemos compartido con ella parte del trabajo, dentro y fuera de Cuba\u201d, asegur\u00f3 la colega Sara M\u00e1s, corresponsal adjunta de SEMlac Cuba y quien trabaj\u00f3 estrechamente junto a Ram\u00edrez-Corr\u00eda en los \u00faltimos 25 a\u00f1os.&nbsp;<\/p>\n\n\n\n<p class=\"wp-block-paragraph\">\u201cMujer inteligente, culta y sensible; tambi\u00e9n fuerte, decidida, valiente y muy trabajadora. Transgresora en muchos sentidos. De ella aprend\u00ed siempre y me hizo crecer como periodista y ser humano\u201d, agreg\u00f3.&nbsp;<\/p>\n\n\n\n<figure class=\"wp-block-image size-large\"><a href=\"https:\/\/redsemlac.com\/semmexico\/wp-content\/uploads\/2021\/12\/Captura-de-Pantalla-2021-12-18-a-las-20.27.17.png\"><img decoding=\"async\" src=\"https:\/\/redsemlac.com\/semmexico\/wp-content\/uploads\/2021\/12\/Captura-de-Pantalla-2021-12-18-a-las-20.27.17-1024x665.png\" alt=\"\" class=\"wp-image-43631\"\/><\/a><\/figure>\n\n\n\n<p class=\"wp-block-paragraph\">De acuerdo con Lirians Gordillo, a Ram\u00edrez Corr\u00eda la distingu\u00eda la atenci\u00f3n con que se preocupaba por las familias, por las cosas cotidianas. \u201cLo primero que hac\u00eda cuando la ve\u00eda era preguntar c\u00f3mo iba todo y a veces hac\u00eda recomendaciones sobre lo que hab\u00eda escrito\u201d, cont\u00f3 Gordillo.<\/p>\n\n\n\n<p class=\"wp-block-paragraph\">\u201cYo era muy joven, reci\u00e9n graduada, cuando empec\u00e9 a colaborar con SEMlac Cuba y siempre recuerdo que nos dec\u00eda que para tratar estos asuntos sobre los que trabaj\u00e1bamos era muy importante tener sensibilidad, estar actualizada y estudiar mucho\u201d, precis\u00f3.<\/p>\n\n\n\n<p class=\"wp-block-paragraph\"><strong>Herencias de familia&nbsp;<\/strong><\/p>\n\n\n\n<p class=\"wp-block-paragraph\">Periodista, actriz, cantante l\u00edrica, locutora, maestra, combatiente de la clandestinidad en la d\u00e9cada del 50, escritora de guiones para radio y televisi\u00f3n y, por si no bastara, tambi\u00e9n asistenta durante a\u00f1os de su padre, el neurocirujano Carlos Manuel Ram\u00edrez Corr\u00eda, esta mujer que perdimos hoy fue, en muchas cosas, una adelantada a su tiempo.&nbsp;<\/p>\n\n\n\n<p class=\"wp-block-paragraph\">Cuando se gradu\u00f3 de Historia del Arte en la Universidad de La Habana, en 1977, ya contaba con un t\u00edtulo de&nbsp;Licenciatura en Letras obtenido en 1956, de la Universidad de Villanueva, centro de estudios superiores estadounidense fundado por los padres agustinos.<\/p>\n\n\n\n<p class=\"wp-block-paragraph\">Pero, sobre todo, tra\u00eda el sedimento cultural de haber crecido en un hogar frecuentado por poetas, artistas pl\u00e1sticos o cient\u00edficos de todo el mundo, que le aportaron conocimientos y amplitud de miras para asomarse a su entorno y especialmente al periodismo.<\/p>\n\n\n\n<p class=\"wp-block-paragraph\">\u201cPara m\u00ed era lo m\u00e1s normal del mundo\u201d, cont\u00f3 ella misma en una entrevista publicada en el libro&nbsp;<a href=\"https:\/\/docplayer.es\/44384438-En-primera-persona-49-entrevistas-a-mujeres-cubanas.html\"><em>En primera persona: 49 entrevistas a mujeres cubanas<\/em><\/a>, publicado por SEMlac con la Editorial Cenesex, en 2010.<\/p>\n\n\n\n<figure class=\"wp-block-image size-large\"><a href=\"https:\/\/redsemlac.com\/semmexico\/wp-content\/uploads\/2021\/12\/Captura-de-Pantalla-2021-12-18-a-las-20.27.04.png\"><img decoding=\"async\" src=\"https:\/\/redsemlac.com\/semmexico\/wp-content\/uploads\/2021\/12\/Captura-de-Pantalla-2021-12-18-a-las-20.27.04-1024x748.png\" alt=\"\" class=\"wp-image-43632\"\/><\/a><\/figure>\n\n\n\n<p class=\"wp-block-paragraph\">Personalidades como el pintor Ren\u00e9 Portocarrero, la ceramista y pintora Amelia Pel\u00e1ez o la escritora Mirta Aguirre; el ensayista y narrador Juan Bosh, luego presidente de Rep\u00fablica Dominicana y la familia Henr\u00edquez Ure\u00f1a; los cient\u00edficos y diplom\u00e1ticos Roa Kour\u00ed o el escultor jud\u00edo \u00d1and\u00fa Dari\u00e9, el caricaturista Juan David y el ling\u00fcista Salvador Bueno, por solo citar algunas, se reun\u00edan en su casa a conversar y compartir.<\/p>\n\n\n\n<p class=\"wp-block-paragraph\">\u201cMe empec\u00e9 a dar cuenta de lo que significaba, realmente, cuando entr\u00e9 en la universidad y fui alumna de muchas de aquellas personas. Eso, por un lado, es maravilloso, pero por otro te compromete porque yo no le pod\u00eda sacar menos de cien puntos en los ex\u00e1menes\u201d, reflexion\u00f3 entonces Ram\u00edrez-Corr\u00eda.<\/p>\n\n\n\n<p class=\"wp-block-paragraph\">\u201cAunque t\u00fa no quieras, esas cosas te van metamorfoseando y, de pronto, un d\u00eda, descubres que ves la vida de otra manera\u201d, agreg\u00f3.<\/p>\n\n\n\n<p class=\"wp-block-paragraph\">Cuando cumpli\u00f3 15 a\u00f1os, su padre &#8211;probablemente la persona que m\u00e1s influy\u00f3 en su formaci\u00f3n, seg\u00fan sus propias palabras&#8211; le regal\u00f3 dos relojes: uno para pasear y otro para trabajar, pues \u201cma\u00f1ana empiezas\u201d, le dijo.<\/p>\n\n\n\n<p class=\"wp-block-paragraph\">Estudiaba por las ma\u00f1anas, pero trabajaba en las tardes como asistenta de la consulta de Neurolog\u00eda en un hospital. Y el resto del tiempo lo compart\u00eda en todo lo que aparec\u00eda.<\/p>\n\n\n\n<p class=\"wp-block-paragraph\">\u201cCuando los a\u00f1os fueron pasando, compart\u00eda mi trabajo con papi con las otras cosas que iban apareciendo: la televisi\u00f3n, el canto, la actuaci\u00f3n, el periodismo\u2026 Yo era quien le transcrib\u00eda todo, inyectaba, preparaba medicamentos&#8230; \u00c9l me daba a leer lo que escrib\u00eda y si yo no entend\u00eda, lo romp\u00eda: \u2018Si t\u00fa no lo entendiste es porque no sirve, yo lo hice para gente como t\u00fa, que no sabe nada de Medicina\u2019, me dec\u00eda. Era una escuela diaria\u201d, narr\u00f3 Ram\u00edrez Corr\u00eda.<\/p>\n\n\n\n<p class=\"wp-block-paragraph\"><strong>Las lecciones de g\u00e9nero&nbsp;<\/strong><\/p>\n\n\n\n<p class=\"wp-block-paragraph\">Ram\u00edrez Corr\u00eda se cas\u00f3 con 23 a\u00f1os y tuvo tres hijas de su primer matrimonio; luego, tras un divorcio y un segundo enlace, naci\u00f3 el hijo var\u00f3n. Compaginar sus muchas ocupaciones con el manejo de casa fue dif\u00edcil, sobre todo con su primer esposo.<\/p>\n\n\n\n<p class=\"wp-block-paragraph\">\u201cEl machismo en aquella \u00e9poca era muy fuerte. Realmente nunca encajamos mucho en esa zona de la vida, porque yo era muy independiente, ten\u00eda mi carro y sal\u00eda a trabajar. Tambi\u00e9n me ocupaba de las ni\u00f1as, que nacieron en el 59, el 60 y el 62. Las eduqu\u00e9 gracias a mi madre que me ayud\u00f3 mucho\u201d, confes\u00f3 Ram\u00edrez Corr\u00eda.<\/p>\n\n\n\n<p class=\"wp-block-paragraph\">\u201cAntes de casarme nunca sent\u00ed discriminaci\u00f3n por ser mujer. Me cri\u00e9 en un ambiente donde se respetaba a las mujeres y hab\u00eda mujeres brillantes. Empec\u00e9 a chocar con el machismo cuando me cas\u00e9. La familia y los amigos de mi esposo lo apoyaban en aquello de que la mujer era para la casa y el hombre para la calle. Y yo, revel\u00e1ndome\u201d, aseguraba.<\/p>\n\n\n\n<figure class=\"wp-block-image size-large\"><a href=\"https:\/\/redsemlac.com\/semmexico\/wp-content\/uploads\/2021\/12\/Mariana-023.jpg\"><img decoding=\"async\" src=\"https:\/\/redsemlac.com\/semmexico\/wp-content\/uploads\/2021\/12\/Mariana-023-1024x723.jpg\" alt=\"\" class=\"wp-image-43580\"\/><\/a><\/figure>\n\n\n\n<p class=\"wp-block-paragraph\">\u201cMuchos a\u00f1os despu\u00e9s me cont\u00f3 que, quiz\u00e1s inconscientemente, las experiencias de sus matrimonios y otras historias dolorosas que vivi\u00f3 en alguno de sus espacios de trabajo la prepararon para asumir el reto enorme que represent\u00f3 concebir lo que hoy es SEMlac Cuba\u201d, reflexion\u00f3 Trinquete.<\/p>\n\n\n\n<p class=\"wp-block-paragraph\">\u201cElla ha sido un componente fundamental en la manera en que SEMlac funciona y en la estabilidad de su equipo de trabajo; en la manera de comprender el trabajo period\u00edstico y los temas que abordamos desde la cotidianidad cubana\u201d, coincidi\u00f3 Gordillo.&nbsp;<\/p>\n\n\n\n<p class=\"wp-block-paragraph\">Ram\u00edrez Corr\u00eda lleg\u00f3 a SEM casi por casualidad. En los a\u00f1os 80 vino a Cuba una colega buscando una periodista mujer que quisiera escribir en Inter Press Service (IPS) para la entonces Organizaci\u00f3n Internacional de Mujeres (OIM).<\/p>\n\n\n\n<p class=\"wp-block-paragraph\">\u201cDeb\u00eda ser una mujer, cubana, que pudiera escribir de su realidad de todos los d\u00edas. Yo me ofrec\u00ed y comenc\u00e9 a escribir. Me gust\u00f3 much\u00edsimo la posibilidad de escribir sobre mujeres, desde mi visi\u00f3n de g\u00e9nero, aunque entonces no le llamaban as\u00ed\u201d, explic\u00f3 Ram\u00edrez Corr\u00eda en la entrevista de 2010.<\/p>\n\n\n\n<p class=\"wp-block-paragraph\">El proyecto luego se convirti\u00f3 en SEMLAT (Servicio Especial de la Mujer Latinoamericana), m\u00e1s tarde en SEM (Servicio Especial de la Mujer), hasta llegar a la propuesta actual.<\/p>\n\n\n\n<p class=\"wp-block-paragraph\">\u201cLa muerte obliga a recapitular la vida de gente querida, de gente cercana. Y mira, yo dir\u00eda que Mariana ha sido una \u2018mujeranga\u2019\u201d, afirm\u00f3 Gordillo.&nbsp;<\/p>\n\n\n\n<p class=\"wp-block-paragraph\">\u201cFue una mujer que hizo su historia y comparti\u00f3 con gentes muy importantes de la cultura de este pa\u00eds. Mirando atr\u00e1s y viendo la idea, la fundaci\u00f3n de este proyecto, te dir\u00eda que fue una mujer con mucha sensibilidad y tambi\u00e9n con voluntad, car\u00e1cter, fuerza para echar adelante un proyecto y, sobre todo, con pasi\u00f3n para creer en lo que pod\u00eda lograr\u201d, agreg\u00f3.<\/p>\n\n\n\n<p class=\"wp-block-paragraph\">\u201cMariana era un cicl\u00f3n, una fuerza de la naturaleza. Me ense\u00f1\u00f3 disciplina de trabajo cuando todav\u00eda no era trabajadora y me dio lecciones de c\u00f3mo multiplicar el d\u00eda. Fue tambi\u00e9n familia para mi familia\u201d, confes\u00f3 Trinquete.&nbsp;<\/p>\n\n\n\n<p class=\"wp-block-paragraph\">\u201cHe perdido una hermana con la que compart\u00ed deberes y placeres. La voy a extra\u00f1ar. Sin su coraje, SEMlac no estar\u00eda en pie. Compart\u00ed con ella a mi madre y a mis hijos\u201d, escribi\u00f3 la periodista y feminista mexicana Sara Lovera, directora general de SEMlac y de su corresponsal\u00eda en M\u00e9xico, justo cuando se cerraban estas l\u00edneas.&nbsp;<\/p>\n","protected":false},"excerpt":{"rendered":"<p>De la Redacci\u00f3n La Habana, diciembre (SEMlac). \u2013 Construir una cronolog\u00eda de la vida de&nbsp;Mariana Ram\u00edrez Corr\u00eda, quien acaba de fallecer en La Habana a los 85 a\u00f1os de edad, podr\u00eda ser un ejercicio de investigaci\u00f3n muy arduo, pues habr\u00eda m\u00e1s \u201chechos\u201d que meses y a\u00f1os para contar.&nbsp;&nbsp; Corresponsal jefa de este servicio de noticias [&hellip;]<\/p>\n","protected":false},"author":3,"featured_media":43579,"comment_status":"open","ping_status":"open","sticky":false,"template":"","format":"standard","meta":{"_monsterinsights_skip_tracking":false,"footnotes":""},"categories":[692,54],"tags":[],"class_list":["post-43629","post","type-post","status-publish","format-standard","has-post-thumbnail","category-692","category-mujeres"],"_links":{"self":[{"href":"https:\/\/redsemlac.com\/semmexico\/wp-json\/wp\/v2\/posts\/43629","targetHints":{"allow":["GET"]}}],"collection":[{"href":"https:\/\/redsemlac.com\/semmexico\/wp-json\/wp\/v2\/posts"}],"about":[{"href":"https:\/\/redsemlac.com\/semmexico\/wp-json\/wp\/v2\/types\/post"}],"author":[{"embeddable":true,"href":"https:\/\/redsemlac.com\/semmexico\/wp-json\/wp\/v2\/users\/3"}],"replies":[{"embeddable":true,"href":"https:\/\/redsemlac.com\/semmexico\/wp-json\/wp\/v2\/comments?post=43629"}],"version-history":[{"count":0,"href":"https:\/\/redsemlac.com\/semmexico\/wp-json\/wp\/v2\/posts\/43629\/revisions"}],"wp:featuredmedia":[{"embeddable":true,"href":"https:\/\/redsemlac.com\/semmexico\/wp-json\/wp\/v2\/media\/43579"}],"wp:attachment":[{"href":"https:\/\/redsemlac.com\/semmexico\/wp-json\/wp\/v2\/media?parent=43629"}],"wp:term":[{"taxonomy":"category","embeddable":true,"href":"https:\/\/redsemlac.com\/semmexico\/wp-json\/wp\/v2\/categories?post=43629"},{"taxonomy":"post_tag","embeddable":true,"href":"https:\/\/redsemlac.com\/semmexico\/wp-json\/wp\/v2\/tags?post=43629"}],"curies":[{"name":"wp","href":"https:\/\/api.w.org\/{rel}","templated":true}]}}