{"id":4356,"date":"2019-04-18T22:18:15","date_gmt":"2019-04-18T22:18:15","guid":{"rendered":"https:\/\/redsemlac.com\/semmexico\/?p=4356"},"modified":"2023-07-21T14:48:09","modified_gmt":"2023-07-21T19:48:09","slug":"buenos-dias-maestra-sonia-del-valle-lavin","status":"publish","type":"post","link":"https:\/\/redsemlac.com\/semmexico\/buenos-dias-maestra-sonia-del-valle-lavin\/","title":{"rendered":"Buenos D\u00edas Maestra Sonia del Valle Lavin"},"content":{"rendered":"\n<h5 class=\"wp-block-heading\"> Ha sido reportera en la secci\u00f3n nacional del peri\u00f3dico Reforma, especializada en la pol\u00edtica educativa; en el Suplemento Doble Jornada de la Jornada; ha sido jefa de prensa del Foro Internacional de Organizaciones Civiles sobre Financiamiento para el Desarrollo; ha impartido cursos, talleres y diplomados sobre estrategias de comunicaci\u00f3n, investigaci\u00f3n period\u00edstica, comunicaci\u00f3n y g\u00e9nero, comunicaci\u00f3n y educaci\u00f3n. Y cuenta con una Maestr\u00eda en Periodismo Pol\u00edtico por la Escuela de Periodismo Carlos Septi\u00e9n Garc\u00eda <\/h5>\n\n\n\n<figure class=\"wp-block-embed is-type-rich is-provider-sem-mexico\"><div class=\"wp-block-embed__wrapper\">\nhttps:\/\/redsemlac.com\/semmexico\/uncategorized\/buenos-dias-maestra\/\n<\/div><\/figure>\n\n\n\n<figure class=\"wp-block-embed is-type-rich is-provider-sem-mexico\"><div class=\"wp-block-embed__wrapper\">\nhttps:\/\/redsemlac.com\/semmexico\/uncategorized\/buenos-dias-maestra-2\/\n<\/div><\/figure>\n\n\n\n<figure class=\"wp-block-embed is-type-rich is-provider-sem-mexico\"><div class=\"wp-block-embed__wrapper\">\nhttps:\/\/redsemlac.com\/semmexico\/uncategorized\/buenos-dias-maestra-3\/\n<\/div><\/figure>\n\n\n\n<figure class=\"wp-block-embed is-type-rich is-provider-sem-mexico\"><div class=\"wp-block-embed__wrapper\">\nhttps:\/\/redsemlac.com\/semmexico\/uncategorized\/buenos-dias-maestra-4\/\n<\/div><\/figure>\n\n\n\n<figure class=\"wp-block-embed is-type-rich is-provider-sem-mexico\"><div class=\"wp-block-embed__wrapper\">\nhttps:\/\/redsemlac.com\/semmexico\/uncategorized\/buenos-dias-maestra-5\/\n<\/div><\/figure>\n\n\n\n<figure class=\"wp-block-embed is-type-rich is-provider-sem-mexico\"><div class=\"wp-block-embed__wrapper\">\nhttps:\/\/redsemlac.com\/semmexico\/uncategorized\/buenos-dias-maestra-6\/\n<\/div><\/figure>\n\n\n\n<figure class=\"wp-block-embed is-type-rich is-provider-sem-mexico\"><div class=\"wp-block-embed__wrapper\">\nhttps:\/\/redsemlac.com\/semmexico\/uncategorized\/buenos-dias-maestra-7\/\n<\/div><\/figure>\n","protected":false},"excerpt":{"rendered":"<p>Ha sido reportera en la secci\u00f3n nacional del peri\u00f3dico Reforma, especializada en la pol\u00edtica educativa; en el Suplemento Doble Jornada de la Jornada; ha sido jefa de prensa del Foro Internacional de Organizaciones Civiles sobre Financiamiento para el Desarrollo; ha impartido cursos, talleres y diplomados sobre estrategias de comunicaci\u00f3n, investigaci\u00f3n period\u00edstica, comunicaci\u00f3n y g\u00e9nero, comunicaci\u00f3n [&hellip;]<\/p>\n","protected":false},"author":3,"featured_media":4357,"comment_status":"open","ping_status":"open","sticky":false,"template":"","format":"standard","meta":{"_monsterinsights_skip_tracking":false,"footnotes":""},"categories":[690,36,35,76],"tags":[],"class_list":["post-4356","post","type-post","status-publish","format-standard","has-post-thumbnail","category-690","category-columnistas","category-opinion","category-sonia-del-valle-lavin"],"_links":{"self":[{"href":"https:\/\/redsemlac.com\/semmexico\/wp-json\/wp\/v2\/posts\/4356","targetHints":{"allow":["GET"]}}],"collection":[{"href":"https:\/\/redsemlac.com\/semmexico\/wp-json\/wp\/v2\/posts"}],"about":[{"href":"https:\/\/redsemlac.com\/semmexico\/wp-json\/wp\/v2\/types\/post"}],"author":[{"embeddable":true,"href":"https:\/\/redsemlac.com\/semmexico\/wp-json\/wp\/v2\/users\/3"}],"replies":[{"embeddable":true,"href":"https:\/\/redsemlac.com\/semmexico\/wp-json\/wp\/v2\/comments?post=4356"}],"version-history":[{"count":0,"href":"https:\/\/redsemlac.com\/semmexico\/wp-json\/wp\/v2\/posts\/4356\/revisions"}],"wp:featuredmedia":[{"embeddable":true,"href":"https:\/\/redsemlac.com\/semmexico\/wp-json\/wp\/v2\/media\/4357"}],"wp:attachment":[{"href":"https:\/\/redsemlac.com\/semmexico\/wp-json\/wp\/v2\/media?parent=4356"}],"wp:term":[{"taxonomy":"category","embeddable":true,"href":"https:\/\/redsemlac.com\/semmexico\/wp-json\/wp\/v2\/categories?post=4356"},{"taxonomy":"post_tag","embeddable":true,"href":"https:\/\/redsemlac.com\/semmexico\/wp-json\/wp\/v2\/tags?post=4356"}],"curies":[{"name":"wp","href":"https:\/\/api.w.org\/{rel}","templated":true}]}}