{"id":43552,"date":"2021-12-18T15:24:53","date_gmt":"2021-12-18T21:24:53","guid":{"rendered":"https:\/\/redsemlac.com\/semmexico\/?p=43552"},"modified":"2023-07-21T18:54:38","modified_gmt":"2023-07-21T23:54:38","slug":"la-oim-reclama-acciones-en-defensa-de-los-migrantes-en-el-mundo","status":"publish","type":"post","link":"https:\/\/redsemlac.com\/semmexico\/la-oim-reclama-acciones-en-defensa-de-los-migrantes-en-el-mundo\/","title":{"rendered":"La OIM reclama acciones en defensa de los migrantes en el mundo"},"content":{"rendered":"\n<p class=\"wp-block-paragraph\">En el mundo hay 281 millones de migrantes, y 164 millones son trabajadores que aportan m\u00e1s de 540 000 millones de d\u00f3lares anuales, en remesas, a las econom\u00edas de los pa\u00edses en desarrollo. Sin embargo, miles mueren en peligrosas rutas hacia pa\u00edses de destino y soportan nuevas olas de rechazo y xenofobia. Foto: Alexander Bee\/OIM<\/p>\n\n\n\n<p class=\"wp-block-paragraph\">SemM\u00e9xico, Ginebra, Suiza, 18 de diciembre 2021.-GINEBRA \u2013 La&nbsp;<a href=\"https:\/\/www.iom.int\/\">Organizaci\u00f3n Internacional para las Migraciones<\/a>&nbsp;(OIM) critic\u00f3 la nueva ola de rechazo hacia los migrantes en el mundo y demand\u00f3 de los gobiernos respeto para los derechos humanos de las personas en movilidad, al conmemorarse este s\u00e1bado 18 de diciembre el&nbsp;<a href=\"https:\/\/www.un.org\/es\/observances\/migrants-day\">D\u00eda Internacional del Migrante<\/a>.<\/p>\n\n\n\n<p class=\"wp-block-paragraph\">Ant\u00f3nio Vitorino, director general de la OIM, declar\u00f3 que \u201cm\u00e1s all\u00e1 de las fronteras cerradas, familias separadas e inestabilidad econ\u00f3mica, la pandemia mundial, que ya perdura dos a\u00f1os, ha generado una nueva ola de rechazo hacia los migrantes, y la creciente instrumentalizaci\u00f3n de los migrantes con fines pol\u00edticos internos\u201d.<\/p>\n\n\n\n<p class=\"wp-block-paragraph\">\u201cAmbos hechos son inaceptables\u201d, sentenci\u00f3.<\/p>\n\n\n\n<p class=\"wp-block-paragraph\">Tambi\u00e9n lo es \u201cla relativa impunidad con la que act\u00faan los inescrupulosos traficantes de personas a lo largo de las rutas migratorias de todo el mundo. En este contexto, cabe respetar el estado de derecho y tomar medidas contra quienes explotan a los m\u00e1s vulnerables\u201d, expuso Vitorino.<\/p>\n\n\n\n<p class=\"wp-block-paragraph\">En el mundo 281 millones de personas son migrantes, 3,6 % de la poblaci\u00f3n total, tras un incremento sostenido al paso de las d\u00e9cadas, pues eran apenas 82 millones en 1970.<\/p>\n\n\n\n<p class=\"wp-block-paragraph\">Se calcula que en 2020 dejaron de migrar unos dos millones de personas, debido a los cierres de fronteras y otras medidas derivadas de la crisis sanitaria y econ\u00f3mica detonada por la covid-19.<\/p>\n\n\n\n<p class=\"wp-block-paragraph\"><strong>\u201cLa pandemia mundial, que ya perdura dos a\u00f1os, ha generado una nueva ola de rechazo hacia los migrantes, y la creciente instrumentalizaci\u00f3n de los migrantes con fines pol\u00edticos internos. Ambos hechos son inaceptables\u201d: Ant\u00f3nio Vitorino.<\/strong><\/p>\n\n\n\n<p class=\"wp-block-paragraph\">Los trabajadores migrantes suman 164 millones, y en 2019 las remesas transferidas por los migrantes y la di\u00e1spora alcanzaron 717 000 millones de d\u00f3lares, de los cuales 540 000 millones fueron a las comunidades de ingresos bajos y medios en los pa\u00edses en desarrollo, lo que da cuenta de su importancia en la econom\u00eda global.<\/p>\n\n\n\n<p class=\"wp-block-paragraph\">En el lado oscuro del panorama, miles de migrantes mueren cada a\u00f1o al emprender su traves\u00eda en busca de un futuro mejor. En 2020 perecieron 4236 y este a\u00f1o, al 10 de diciembre, esas desapariciones ya sumaban 4470, incluidos los 55 centroamericanos que perecieron al volcarse un cami\u00f3n que los transportaba en M\u00e9xico.<\/p>\n\n\n\n<p class=\"wp-block-paragraph\">Seg\u00fan la OIM, desde 2014 han desaparecido m\u00e1s de 45 500 migrantes, de los cuales 23 000 en el Mediterr\u00e1neo, tratando de ganar la costa de Europa desde \u00c1frica, 11 000 en suelo africano, 4000 en Asia y casi 6000 en Am\u00e9rica.<\/p>\n\n\n\n<p class=\"wp-block-paragraph\">Este a\u00f1o, 651 personas fallecieron intentando el cruce de la frontera entre M\u00e9xico y Estados Unidos, y en Am\u00e9rica del Sur se registraron m\u00e1s muertes de migrantes que en cualquier otro momento previo. En 64 de 137 decesos estuvieron involucrados nacionales de Venezuela.<\/p>\n\n\n\n<p class=\"wp-block-paragraph\">En el Tap\u00f3n del Dari\u00e9n, zona selv\u00e1tica remota entre Panam\u00e1 y Colombia, se perdieron 42 vidas, si bien los m\u00e1s de 125 000 cruces irregulares ocurridos este a\u00f1o podr\u00edan implicar que esa cifra en realidad es mayor.<\/p>\n\n\n\n<p class=\"wp-block-paragraph\">En Europa, las 2720 muertes ocurridas hacen que este a\u00f1o haya sido el m\u00e1s fatal en la regi\u00f3n desde 2018. El cruce del Mediterr\u00e1neo central se llev\u00f3 1315 vidas y al menos 937 personas perecieron en el Atl\u00e1ntico rumbo a las espa\u00f1olas Islas Canarias.<\/p>\n\n\n\n<p class=\"wp-block-paragraph\">Otra arista del drama es que \u201clos cierres de frontera dimanantes de la covid-19 y la consiguiente crisis econ\u00f3mica han dado lugar a p\u00e9rdidas masivas de empleos para los trabajadores migrantes a escala mundial\u201d, expuso Vitorino.<\/p>\n\n\n\n<p class=\"wp-block-paragraph\">En particular \u201cse ha afectado de manera desproporcionada a las mujeres, que suelen encontrarse en mayor precariedad en materia de ingresos, seguridad y protecci\u00f3n social, y que contin\u00faan siendo objeto de discriminaci\u00f3n salarial\u201d.<\/p>\n\n\n\n<p class=\"wp-block-paragraph\">Por otra parte, \u201cla politizaci\u00f3n de la migraci\u00f3n y la deshumanizaci\u00f3n de los migrantes, observadas en diversos contextos a trav\u00e9s del mundo, alientan la xenofobia, socavando as\u00ed nuestro compromiso de edificar sociedades m\u00e1s resilientes e inclusivas\u201d, se\u00f1al\u00f3 Vitorino.<\/p>\n\n\n\n<p class=\"wp-block-paragraph\">La OIM aboga por el reconocimiento de la obligaci\u00f3n de respetar, proteger y cumplir los derechos humanos de todos los&nbsp;migrantes, independientemente de su estatus migratorio, y por conferirles pleno acceso a los sistemas nacionales de salud, educaci\u00f3n y protecci\u00f3n, as\u00ed como al trabajo decente.<\/p>\n\n\n\n<p class=\"wp-block-paragraph\">Tambi\u00e9n, por la apertura de v\u00edas para la migraci\u00f3n regular como alternativa factible a las rutas migratorias peligrosas o irregulares y al recurso a las redes de traficantes, as\u00ed como porque se trabaje para desmantelar los grupos delictivos organizados que se dedican al tr\u00e1fico de migrantes y la trata de personas.<\/p>\n\n\n\n<p class=\"wp-block-paragraph\">La propia OIM \u201cdebe renovar su compromiso de establecer y reforzar las v\u00edas legales para la migraci\u00f3n, que permitan proteger tanto la soberan\u00eda nacional como los derechos humanos de las personas en movimiento\u201d, concluy\u00f3 Vitorino.<\/p>\n","protected":false},"excerpt":{"rendered":"<p>La\u00a0Organizaci\u00f3n Internacional para las Migraciones\u00a0(OIM) critic\u00f3 la nueva ola de rechazo hacia los migrantes en el mundo y demand\u00f3 de los gobiernos respeto para los derechos humanos de las personas en movilidad.<\/p>\n","protected":false},"author":3,"featured_media":43553,"comment_status":"open","ping_status":"open","sticky":false,"template":"","format":"standard","meta":{"_monsterinsights_skip_tracking":false,"footnotes":""},"categories":[692,53],"tags":[],"class_list":["post-43552","post","type-post","status-publish","format-standard","has-post-thumbnail","category-692","category-internacional"],"_links":{"self":[{"href":"https:\/\/redsemlac.com\/semmexico\/wp-json\/wp\/v2\/posts\/43552","targetHints":{"allow":["GET"]}}],"collection":[{"href":"https:\/\/redsemlac.com\/semmexico\/wp-json\/wp\/v2\/posts"}],"about":[{"href":"https:\/\/redsemlac.com\/semmexico\/wp-json\/wp\/v2\/types\/post"}],"author":[{"embeddable":true,"href":"https:\/\/redsemlac.com\/semmexico\/wp-json\/wp\/v2\/users\/3"}],"replies":[{"embeddable":true,"href":"https:\/\/redsemlac.com\/semmexico\/wp-json\/wp\/v2\/comments?post=43552"}],"version-history":[{"count":0,"href":"https:\/\/redsemlac.com\/semmexico\/wp-json\/wp\/v2\/posts\/43552\/revisions"}],"wp:featuredmedia":[{"embeddable":true,"href":"https:\/\/redsemlac.com\/semmexico\/wp-json\/wp\/v2\/media\/43553"}],"wp:attachment":[{"href":"https:\/\/redsemlac.com\/semmexico\/wp-json\/wp\/v2\/media?parent=43552"}],"wp:term":[{"taxonomy":"category","embeddable":true,"href":"https:\/\/redsemlac.com\/semmexico\/wp-json\/wp\/v2\/categories?post=43552"},{"taxonomy":"post_tag","embeddable":true,"href":"https:\/\/redsemlac.com\/semmexico\/wp-json\/wp\/v2\/tags?post=43552"}],"curies":[{"name":"wp","href":"https:\/\/api.w.org\/{rel}","templated":true}]}}